{"id":122782,"date":"2021-03-21T09:37:15","date_gmt":"2021-03-21T12:37:15","guid":{"rendered":"https:\/\/grandepremio.com\/br\/noticias\/sebastien-bourdais-loic-duval-e-tristan-vautier-seguram-no-final-vencem-12-horas-de-sebring\/"},"modified":"2021-03-21T10:44:17","modified_gmt":"2021-03-21T13:44:17","slug":"sebastien-bourdais-loic-duval-e-tristan-vautier-seguram-no-final-vencem-12-horas-de-sebring","status":"publish","type":"post","link":"https:\/\/grandepremio.com\/br\/endurance\/sebastien-bourdais-loic-duval-e-tristan-vautier-seguram-no-final-vencem-12-horas-de-sebring\/","title":{"rendered":"Bourdais, Duval e Vautier seguram press\u00e3o no final e vencem 12 Horas de Sebring"},"content":{"rendered":"\n<figure class=\"wp-block-video\"><video class=\"video-js vjs-big-play-centered\" data-gp-vjs=\"1\" controls src=\"https:\/\/www.grandepremio.com\/br\/wp-content\/uploads\/2021\/03\/Dromo-design-for-Hungarian-MotoGP-2023-unveiled.mp4\"><\/video><figcaption>As voltas virtuais no novo aut\u00f3dromo da Hungria (V\u00eddeo: Dromo design)<\/figcaption><\/figure>\n\n\n\n<p class=\"wp-block-paragraph\">O trio franc\u00eas da JDC Motorsports formado por S\u00e9bastien Bourdais, Loic Duval e Tristan Vautier saiu com uma improv\u00e1vel vit\u00f3ria nas 12 horas de Sebring, disputadas neste s\u00e1bado (20). O Cadillac da equipe assumiu a lideran\u00e7a com apenas 31 voltas para o fim e precisou superar um acidente no ter\u00e7o inicial da corrida e uma asa dianteira danificada para garantir o triunfo.<\/p>\n\n\n\n<p class=\"wp-block-paragraph\">A lideran\u00e7a da corrida pipocou em v\u00e1rias m\u00e3os ao longo da prova, e parecia segura com a Ganassi do trio formado por Scott Dixon, Kevin Magnussen e Renger van der Zande. Por\u00e9m, Dixon se envolveu em um acidente com o retardat\u00e1rio Connor De Phillippi, que guiava a BMW na classe GTLM. A colis\u00e3o fez a Ganassi perder tempo nos boxes para reparos, fechando apenas em sexto.<\/p>\n\n\n\n<p class=\"wp-block-paragraph\">Apesar de reassumir a ponta depois da \u00faltima bandeira amarela, provocada por uma batida de Maro Engel, a JDC reportou problemas nas m\u00e3os de Bourdais com um problema na asa dianteira nos 20 minutos finais de corrida, permitindo a aproxima\u00e7\u00e3o do ent\u00e3o atual campe\u00e3o Harry Tincknell, da Mazda (que dividiu o carro com Oliver Jarvis e Jonathan Bommarito) e de Kamui Kobayashi, da Cadillac (que dividiu turnos com Simon Pagenaud e Jimmie Johnson), mas o tetracampe\u00e3o da Indy segurou a press\u00e3o no final para vencer.<\/p>\n\n\n\n<figure class=\"wp-block-image size-large\"><img decoding=\"async\" src=\"https:\/\/www.grandepremio.com\/br\/wp-content\/uploads\/2021\/03\/JDC-Motorsports-2-1024x682.jpg\" alt=\"\" class=\"wp-image-457076\"\/><figcaption>Trio da JDC Motorsports celebra no p\u00f3dio (Foto: IMSA)<\/figcaption><\/figure>\n\n\n\n<p class=\"wp-block-paragraph\"><strong>Conhe\u00e7a o canal do Grande Pr\u00eamio no YouTube! Clique&nbsp;<a rel=\"noreferrer noopener\" href=\"https:\/\/youtube.com\/GrandePremioTV\" target=\"_blank\">aqui<\/a>.<br>Siga o Grande Pr\u00eamio no&nbsp;<a rel=\"noreferrer noopener\" href=\"https:\/\/twitter.com\/grandepremio\" target=\"_blank\">Twitter&nbsp;<\/a>e no&nbsp;<a rel=\"noreferrer noopener\" href=\"https:\/\/instagram.com\/grandepremio\" target=\"_blank\">Instagram<\/a>!<\/strong><br><strong>WEB STORIES:&nbsp;<a href=\"https:\/\/www.grandepremio.com\/br\/web-stories\/f1\/band-transmitir-formula-1-champanhe-acabar\/\">Band se prepara para transmitir<\/a>&nbsp;<a href=\"https:\/\/www.grandepremio.com\/br\/f1\/\" target=\"_blank\" rel=\"noreferrer noopener\">F1&nbsp;<\/a>\u2018<a href=\"https:\/\/www.grandepremio.com\/br\/web-stories\/f1\/band-transmitir-formula-1-champanhe-acabar\/\">at\u00e9 champanhe acabar\u2019<\/a><\/strong><\/p>\n\n\n\n<p class=\"wp-block-paragraph\">Os brasileiros Pipo Derani e Felipe Nasr, que dividiram o Cadillac da Whelen com Mike Conway, tiveram uma corrida para esquecer. Pole, Derani se envolveu em acidente com Pagenaud ainda na hora inicial da corrida, e o time n\u00e3o completou a prova, j\u00e1 que Conway abandonou com 1h55 restantes.<\/p>\n\n\n\n<p class=\"wp-block-paragraph\">Na classe LMP2, a vit\u00f3ria ficou com a PR1\/Mathiasen de Ben Keating, Mikkel Jensen e Scott Huffaker. Na LMP3, triunfo da CORE, com Jon Bennett, Colin Braun e George Kurtz. Na GTLM, melhor para a WeatherTech Racing, com Matt Campbell, Mathieu Jaminet e Cooper MacNeil. E na GTD, triunfo da Pfaff Motorsports com Laurens Vanthoor, Lars Kern e Zach Robichon.<\/p>\n\n\n\n<p class=\"wp-block-paragraph\">Entre os brasileiros, Augusto Farfus disputou a GTLM pela BMW, junto de Jesse Krohn e John Edwards, fechando em quarto lugar na classe. Bia Figueiredo, que voltou a competir ap\u00f3s a gravidez e a pris\u00e3o do marido, foi a quinta colocada na classe GTD com a Porsche do Team EBM, ao lado de Katherine Legge e Christina Nielsen.<\/p>\n\n\n\n<figure class=\"wp-block-embed is-type-video is-provider-youtube wp-block-embed-youtube wp-embed-aspect-16-9 wp-has-aspect-ratio\"><div class=\"wp-block-embed__wrapper\">\n<iframe loading=\"lazy\" title=\"F1 2021: PINTOU A CHANCE DE VERSTAPPEN SER CAMPE\u00c3O SOBRE HAMILTON | GP \u00e0s 10\" width=\"500\" height=\"281\" src=\"https:\/\/www.youtube.com\/embed\/-JD0n2kjSwA?start=269&amp;feature=oembed\" frameborder=\"0\" allow=\"accelerometer; autoplay; clipboard-write; encrypted-media; gyroscope; picture-in-picture; web-share\" referrerpolicy=\"strict-origin-when-cross-origin\" allowfullscreen><\/iframe>\n<\/div><\/figure>\n","protected":false},"excerpt":{"rendered":"<p>Acidente de Scott Dixon com retardat\u00e1rio fez vit\u00f3ria cair no colo do trio da JDC Motorsports, que ainda sofreu com a press\u00e3o de Mazda e Cadillac nos minutos finais da corrida em Sebring<\/p>\n","protected":false},"author":0,"featured_media":1000457077,"comment_status":"closed","ping_status":"closed","sticky":false,"template":"","format":"standard","meta":{"42wp_featured_image_caption":"","42wp_featured_image_credits":"","42wp_featured_video":"","42wp_featured_image_hidden":false,"42wp_authors_list":[],"footnotes":""},"categories":[18],"tags":[5887,72,73,705,756,732,319],"42wp_author":[47119],"class_list":["post-122782","post","type-post","status-publish","format-standard","has-post-thumbnail","hentry","category-endurance","tag-12-horas-sebring","tag-augusto-farfus","tag-felipe-nasr","tag-imsa","tag-pipo-derani","tag-scott-dixon","tag-sebastien-bourdais","42wp_author-gabriel-carvalho"],"_links":{"self":[{"href":"https:\/\/grandepremio.com\/br\/wp-json\/wp\/v2\/posts\/122782","targetHints":{"allow":["GET"]}}],"collection":[{"href":"https:\/\/grandepremio.com\/br\/wp-json\/wp\/v2\/posts"}],"about":[{"href":"https:\/\/grandepremio.com\/br\/wp-json\/wp\/v2\/types\/post"}],"replies":[{"embeddable":true,"href":"https:\/\/grandepremio.com\/br\/wp-json\/wp\/v2\/comments?post=122782"}],"version-history":[{"count":0,"href":"https:\/\/grandepremio.com\/br\/wp-json\/wp\/v2\/posts\/122782\/revisions"}],"wp:featuredmedia":[{"embeddable":true,"href":"https:\/\/grandepremio.com\/br\/wp-json\/wp\/v2\/media\/1000457077"}],"wp:attachment":[{"href":"https:\/\/grandepremio.com\/br\/wp-json\/wp\/v2\/media?parent=122782"}],"wp:term":[{"taxonomy":"category","embeddable":true,"href":"https:\/\/grandepremio.com\/br\/wp-json\/wp\/v2\/categories?post=122782"},{"taxonomy":"post_tag","embeddable":true,"href":"https:\/\/grandepremio.com\/br\/wp-json\/wp\/v2\/tags?post=122782"},{"taxonomy":"42wp_author","embeddable":true,"href":"https:\/\/grandepremio.com\/br\/wp-json\/wp\/v2\/42wp_author?post=122782"}],"curies":[{"name":"wp","href":"https:\/\/api.w.org\/{rel}","templated":true}]}}