{"id":122785,"date":"2021-03-21T04:15:00","date_gmt":"2021-03-21T07:15:00","guid":{"rendered":"https:\/\/grandepremio.com\/br\/noticias\/formula-e-roma-trabalham-manter-corrida-apesar-restricoes-pandemia\/"},"modified":"2021-03-20T14:05:02","modified_gmt":"2021-03-20T17:05:02","slug":"formula-e-roma-trabalham-manter-corrida-apesar-restricoes-pandemia","status":"publish","type":"post","link":"https:\/\/grandepremio.com\/br\/formula-e\/formula-e-roma-trabalham-manter-corrida-apesar-restricoes-pandemia\/","title":{"rendered":"F\u00f3rmula E e Roma trabalham para manter corrida apesar de restri\u00e7\u00f5es por pandemia"},"content":{"rendered":"\n<figure class=\"wp-block-video\"><video class=\"video-js vjs-big-play-centered\" data-gp-vjs=\"1\" controls src=\"https:\/\/www.grandepremio.com\/br\/wp-content\/uploads\/2021\/03\/voltaonboardjida.mp4\"><\/video><figcaption>A F\u00f3rmula 1 divulgou uma simula\u00e7\u00e3o de volta no mais novo circuito de rua da F\u00f3rmula 1, Jid\u00e1, na Ar\u00e1bia Saudita (V\u00eddeo: F\u00f3rmula 1)<\/figcaption><\/figure>\n\n\n\n<p class=\"wp-block-paragraph\">As restri\u00e7\u00f5es causadas pela nova onda de cont\u00e1gio do novo coronav\u00edrus em Roma n\u00e3o fizeram a F\u00f3rmula E mudar de ideia. Junto da organiza\u00e7\u00e3o do eP da capital italiana, marcado para 10 de abril, a categoria pretende ir adiante com o evento.<\/p>\n\n\n\n<p class=\"wp-block-paragraph\"><strong>Conhe\u00e7a o canal do Grande Pr\u00eamio no YouTube! Clique\u00a0<a rel=\"noreferrer noopener\" href=\"https:\/\/youtube.com\/GrandePremioTV\" target=\"_blank\">aqui<\/a>.<br>Siga o Grande Pr\u00eamio no\u00a0<a rel=\"noreferrer noopener\" href=\"https:\/\/twitter.com\/grandepremio\" target=\"_blank\">Twitter\u00a0<\/a>e no\u00a0<a rel=\"noreferrer noopener\" href=\"https:\/\/instagram.com\/grandepremio\" target=\"_blank\">Instagram<\/a>!<\/strong><br><strong>WEB STORIES:\u00a0<a href=\"https:\/\/www.grandepremio.com\/br\/web-stories\/f1\/band-transmitir-formula-1-champanhe-acabar\/\">Band se prepara para transmitir<\/a>\u00a0<a href=\"https:\/\/www.grandepremio.com\/br\/f1\/\" target=\"_blank\" rel=\"noreferrer noopener\">F1\u00a0<\/a>\u2018<a href=\"https:\/\/www.grandepremio.com\/br\/web-stories\/f1\/band-transmitir-formula-1-champanhe-acabar\/\">at\u00e9 champanhe acabar\u2019<\/a><\/strong><\/p>\n\n\n\n<p class=\"wp-block-paragraph\">A cidade foi colocada em condi\u00e7\u00e3o de lockdown nas \u00faltimas semanas, com o fechamento de escolas, centros de compras e museus ficar\u00e3o fechados ao menos at\u00e9 a P\u00e1scoa &#8211; marcada para 4 de abril. Isso inclusive na prov\u00edncia de Lazio, onde est\u00e1 localizada a pista. Mesmo assim, o plano \u00e9 seguir em frente, visto que o tra\u00e7ado est\u00e1 numa zona comercial, n\u00e3o residencial.<\/p>\n\n\n\n<p class=\"wp-block-paragraph\">&#8220;Essas restri\u00e7\u00f5es n\u00e3o afetam nossa prepara\u00e7\u00e3o para o eP de Roma. Como sempre, a sa\u00fade e seguran\u00e7a de toda nossa comunidade, assim como a dos cidad\u00e3os e moradores das cidades nas quais corremos seguem sendo as prioridades&#8221;, afirmou um porta-voz ao site ingl\u00eas &#8216;The Race&#8217;.<\/p>\n\n\n\n<p class=\"wp-block-paragraph\">De acordo com as leis italianas, divididas por cores como no Brasil, as zonas urbanas que tiverem em c\u00f3digo vermelho &#8211; como est\u00e1 a \u00e1rea de Lazio &#8211; impedem que as pessoas saiam de casa a n\u00e3o ser que tenham urg\u00eancias m\u00e9dicas ou sejam trabalhadores de \u00e1reas essenciais. Quaisquer que sejam as atualiza\u00e7\u00f5es, n\u00e3o haver\u00e1 p\u00fablico presente.<\/p>\n\n\n\n<figure class=\"wp-block-image size-large\"><img decoding=\"async\" src=\"https:\/\/www.grandepremio.com\/br\/wp-content\/uploads\/2019\/04\/20194131112869_Captura-de-Tela-173_DMa.jpg\" alt=\"\" class=\"wp-image-368817\"\/><figcaption>O engarrafamento da F\u00f3rmula E em Roma (Foto: Reprodu\u00e7\u00e3o\/TV)<\/figcaption><\/figure>\n\n\n\n<p class=\"wp-block-paragraph\">Mas h\u00e1 facilidades que s\u00e3o necess\u00e1rias para o evento funcionar. Parte do pessoal que ir\u00e1 trabalhar no paddock ter\u00e1 de ser dispensada dos 14 dias de quarentena obrigat\u00f3ria para quem viaja desde a Inglaterra, onde est\u00e1 a grande maioria dos funcion\u00e1rios das equipes.<\/p>\n\n\n\n<p class=\"wp-block-paragraph\">&#8220;N\u00e3o correr\u00edamos se n\u00e3o estiv\u00e9ssemos confiantes em nossos protocolos de sa\u00fade e seguran\u00e7a para proteger a comunidade da F\u00f3rmula E e os residentes e cidad\u00e3os das cidades nas quais corremos&#8221;, corroborou Alberto Longo, um dos fundadores da categoria.<\/p>\n\n\n\n<p class=\"wp-block-paragraph\">Para que tudo funciona, a categoria trata o evento como uma grande bolha, com os membros das equipes destacados de outros cidad\u00e3os. N\u00e3o h\u00e1, entretanto, um hotel espec\u00edfico onde ficar\u00e3o todos os funcion\u00e1rios da categoria. \u00c9 diferente, portanto, do evento realizado em Berlim, no fim da temporada passada.<\/p>\n\n\n\n<figure class=\"wp-block-embed is-type-rich is-provider-spotify wp-block-embed-spotify wp-embed-aspect-21-9 wp-has-aspect-ratio\"><div class=\"wp-block-embed__wrapper\">\n<iframe title=\"Spotify Embed: RED BULL X MERCEDES: O QUE MUDA NO GRANDE DUELO DA F\u00d3RMULA 1 EM 2021 | Paddockast #95\" style=\"border-radius: 12px\" width=\"100%\" height=\"152\" frameborder=\"0\" allowfullscreen allow=\"autoplay; clipboard-write; encrypted-media; fullscreen; picture-in-picture\" loading=\"lazy\" src=\"https:\/\/open.spotify.com\/embed\/episode\/17rYoW0F19Z18o3hzdLyWe?utm_source=oembed\"><\/iframe>\n<\/div><\/figure>\n\n\n\n<p class=\"wp-block-paragraph\">&#8220;Tivemos zero infec\u00e7\u00f5es em nossos eventos. Todo mundo fez testes de PCR antes de viajar, ent\u00e3o todas as medidas de precau\u00e7\u00e3o foram tomadas e estamos operando com a ideia de que estamos no cen\u00e1rio mais restrito de uma bolha. Assim, operando nosso pr\u00f3prio local de testes de PCR e que n\u00e3o tiram recursos dos servi\u00e7os locais. Ficamos em quartos de hotel dentro do per\u00edmetro do evento &#8211; n\u00e3o fazemos contato com a popula\u00e7\u00e3o do lado de fora&#8221;, finalizou.<\/p>\n\n\n\n<p class=\"wp-block-paragraph\">O eP de Roma \u00e9 central para a temporada porque \u00e9 a etapa na qual as equipes que escolheram come\u00e7ar o campeonato com o trem de for\u00e7a do ano passado v\u00e3o poder introduzir o novo motor. DS Techeetah, Dragon e Nissan s\u00e3o as tr\u00eas nesta situa\u00e7\u00e3o. As equipes n\u00e3o ter\u00e3o testes.<\/p>\n\n\n\n<p class=\"wp-block-paragraph\">Ap\u00f3s o cancelamento do eP de Roma na temporada passada, cidade e F\u00f3rmula E assinaram um contrato de cinco anos para a sequ\u00eancia do evento.<\/p>\n\n\n\n<figure class=\"wp-block-embed is-type-video is-provider-youtube wp-block-embed-youtube wp-embed-aspect-16-9 wp-has-aspect-ratio\"><div class=\"wp-block-embed__wrapper\">\n<iframe loading=\"lazy\" title=\"F1 2021: PINTOU A CHANCE DE VERSTAPPEN SER CAMPE\u00c3O SOBRE HAMILTON | GP \u00e0s 10\" width=\"500\" height=\"281\" src=\"https:\/\/www.youtube.com\/embed\/-JD0n2kjSwA?feature=oembed\" frameborder=\"0\" allow=\"accelerometer; autoplay; clipboard-write; encrypted-media; gyroscope; picture-in-picture; web-share\" referrerpolicy=\"strict-origin-when-cross-origin\" allowfullscreen><\/iframe>\n<\/div><\/figure>\n","protected":false},"excerpt":{"rendered":"<p>Mesmo com Roma em c\u00f3digo vermelho por conta da pandemia do novo coronav\u00edrus, F\u00f3rmula E pretende manter evento em abril<\/p>\n","protected":false},"author":0,"featured_media":0,"comment_status":"closed","ping_status":"closed","sticky":false,"template":"","format":"standard","meta":{"42wp_featured_image_caption":"","42wp_featured_image_credits":"","42wp_featured_video":"","42wp_featured_image_hidden":false,"42wp_authors_list":[],"footnotes":""},"categories":[19],"tags":[2402,24831,5378,26482,27535,25158,24830],"42wp_author":[47120],"class_list":["post-122785","post","type-post","status-publish","format-standard","hentry","category-formula-e","tag-alberto-longo","tag-coronavirus-2","tag-ep-de-roma","tag-fe-2021","tag-formula-e-2021-2","tag-formula-e-2021","tag-pandemia","42wp_author-pedro-henrique-marum"],"_links":{"self":[{"href":"https:\/\/grandepremio.com\/br\/wp-json\/wp\/v2\/posts\/122785","targetHints":{"allow":["GET"]}}],"collection":[{"href":"https:\/\/grandepremio.com\/br\/wp-json\/wp\/v2\/posts"}],"about":[{"href":"https:\/\/grandepremio.com\/br\/wp-json\/wp\/v2\/types\/post"}],"replies":[{"embeddable":true,"href":"https:\/\/grandepremio.com\/br\/wp-json\/wp\/v2\/comments?post=122785"}],"version-history":[{"count":0,"href":"https:\/\/grandepremio.com\/br\/wp-json\/wp\/v2\/posts\/122785\/revisions"}],"wp:attachment":[{"href":"https:\/\/grandepremio.com\/br\/wp-json\/wp\/v2\/media?parent=122785"}],"wp:term":[{"taxonomy":"category","embeddable":true,"href":"https:\/\/grandepremio.com\/br\/wp-json\/wp\/v2\/categories?post=122785"},{"taxonomy":"post_tag","embeddable":true,"href":"https:\/\/grandepremio.com\/br\/wp-json\/wp\/v2\/tags?post=122785"},{"taxonomy":"42wp_author","embeddable":true,"href":"https:\/\/grandepremio.com\/br\/wp-json\/wp\/v2\/42wp_author?post=122785"}],"curies":[{"name":"wp","href":"https:\/\/api.w.org\/{rel}","templated":true}]}}