{"id":122800,"date":"2021-03-19T12:36:35","date_gmt":"2021-03-19T15:36:35","guid":{"rendered":"https:\/\/grandepremio.com\/br\/noticias\/tarso-marques-pulmao-comprometido-covid-19-cheguei-a-fazer-testamento\/"},"modified":"2021-03-19T12:36:42","modified_gmt":"2021-03-19T15:36:42","slug":"tarso-marques-pulmao-comprometido-covid-19-cheguei-a-fazer-testamento","status":"publish","type":"post","link":"https:\/\/grandepremio.com\/br\/automobilismo\/tarso-marques-pulmao-comprometido-covid-19-cheguei-a-fazer-testamento\/","title":{"rendered":"Tarso Marques tem pulm\u00e3o afetado por covid-19 e revela: &#8220;Cheguei a fazer testamento&#8221;"},"content":{"rendered":"\n<figure class=\"wp-block-video\"><video class=\"video-js vjs-big-play-centered\" data-gp-vjs=\"1\" controls src=\"https:\/\/www.grandepremio.com\/br\/wp-content\/uploads\/2021\/03\/voltaonboardjida.mp4\"><\/video><figcaption>A F\u00f3rmula 1 divulgou uma simula\u00e7\u00e3o de volta no mais novo circuito de rua da F\u00f3rmula 1, Jid\u00e1, na Ar\u00e1bia Saudita (V\u00eddeo: F\u00f3rmula 1)<\/figcaption><\/figure>\n\n\n\n<p class=\"wp-block-paragraph\">Ex-piloto da F\u00f3rmula 1, Indy e Stock Car, Tarso Marques relatou a situa\u00e7\u00e3o delicada que passou ap\u00f3s ser infectado pela Covid-19. O paranaense de 45 anos foi internado por conta da doen\u00e7a, que evoluiu rapidamente ap\u00f3s o diagn\u00f3stico que era assintom\u00e1tico.<\/p>\n\n\n\n<p class=\"wp-block-paragraph\">Em entrevista \u00e0 revista Caras, Tarso contou que a primeira ida ao hospital foi tranquila, onde fez resson\u00e2ncia magn\u00e9tica, que n\u00e3o detectou problemas no pulm\u00e3o. Voltou para casa pelo isolamento, mas teve febre alta nos dias seguintes e precisou retornar ao hospital, onde recebeu a not\u00edcia de que tinha o pulm\u00e3o 85% comprometido.<\/p>\n\n\n\n<p class=\"wp-block-paragraph\">&#8220;Achei que era brincadeira. Sempre fui muito saud\u00e1vel, tinha uma boa alimenta\u00e7\u00e3o, fazia atividade f\u00edsica. Pensei que comigo n\u00e3o aconteceria nada. Eu me preocupava mesmo era com os meus pais. Duas horas depois deste novo diagn\u00f3stico, j\u00e1 estava com falta de ar. Mais uma hora e j\u00e1 n\u00e3o conseguia respirar. Agora, nesta entrevista, ainda estou com 30% da capacidade dos pulm\u00f5es&#8221;, comentou o piloto, que hoje \u00e9 designer.<\/p>\n\n\n\n<div class=\"wp-block-image\"><figure class=\"aligncenter\"><img decoding=\"async\" src=\"https:\/\/caras.uol.com.br\/\/images\/original\/2021\/03\/18\/tarso-marques-covid-967023.jpeg\" alt=\"\"\/><figcaption>Tarso Marques internado com Covid-19 (Foto: Arquivo Pessoal\/Caras)<\/figcaption><\/figure><\/div>\n\n\n\n<p class=\"wp-block-paragraph\"><strong>Conhe\u00e7a o canal do Grande Pr\u00eamio no YouTube! Clique\u00a0<a rel=\"noreferrer noopener\" href=\"https:\/\/youtube.com\/GrandePremioTV\" target=\"_blank\">aqui<\/a>.<br>Siga o Grande Pr\u00eamio no\u00a0<a rel=\"noreferrer noopener\" href=\"https:\/\/twitter.com\/grandepremio\" target=\"_blank\">Twitter\u00a0<\/a>e no\u00a0<a rel=\"noreferrer noopener\" href=\"https:\/\/instagram.com\/grandepremio\" target=\"_blank\">Instagram<\/a>!<\/strong><\/p>\n\n\n\n<p class=\"wp-block-paragraph\">Marques tamb\u00e9m comentou sobre a dificuldade do tratamento pela agressividade do v\u00edrus que ainda causa sequelas no piloto. Tarso tamb\u00e9m deu detalhes de como pensou no pior durante a interna\u00e7\u00e3o, deixando at\u00e9 testamento pronto.<\/p>\n\n\n\n<p class=\"wp-block-paragraph\">&#8220;Os tr\u00eas, quatro primeiros dias no hospital foram aquele terror. Voc\u00ea est\u00e1 ali praticamente morto. Vai te destruindo inteiro, \u00e9 tanto rem\u00e9dio &#8211; a cada tr\u00eas horas vinha uma bandeja com inje\u00e7\u00e3o, corticoide. Fiquei nove dias sem dormir, usava oxig\u00eanio no limite. E acontecia uma coisa atr\u00e1s da outra &#8211; est\u00f4mago d\u00f3i, vem uma alergia do nada nas pernas, ainda estou cheio de manchas, fiquei solu\u00e7ando por dois dias inteiros, tive uma dor de cabe\u00e7a infernal. O v\u00edrus vai atacando cada hora em um lugar. Parece que ele n\u00e3o desiste. E nesta noite achei que ia morrer, cheguei a fazer testamento. Fiquei assim mais dois dias. Quando comecei a melhorar, \u00e0 noite tinha medo de que aquela melhora era um alarme falso&#8221;, completou o piloto, j\u00e1 recuperado.<\/p>\n\n\n\n<p class=\"wp-block-paragraph\">Tarso Marques teve uma carreira de 26 corridas na F\u00f3rmula 1 entre 1996 e 2001, todas pela Minardi. \u00c9 fundador da Tarso Marques Concept, empresa de customiza\u00e7\u00e3o de carros e motos, respons\u00e1vel pelo quadro &#8216;Lata Velha&#8217; do Caldeir\u00e3o do Huck, da Globo. Tamb\u00e9m participa do programa &#8216;Auto Esporte&#8217;, da mesma emissora.<\/p>\n\n\n\n<figure class=\"wp-block-embed is-type-video is-provider-youtube wp-block-embed-youtube wp-embed-aspect-16-9 wp-has-aspect-ratio\"><div class=\"wp-block-embed__wrapper\">\n<iframe loading=\"lazy\" title=\"F1 2021: PINTOU A CHANCE DE VERSTAPPEN SER CAMPE\u00c3O SOBRE HAMILTON | GP \u00e0s 10\" width=\"500\" height=\"281\" src=\"https:\/\/www.youtube.com\/embed\/-JD0n2kjSwA?feature=oembed\" frameborder=\"0\" allow=\"accelerometer; autoplay; clipboard-write; encrypted-media; gyroscope; picture-in-picture; web-share\" referrerpolicy=\"strict-origin-when-cross-origin\" allowfullscreen><\/iframe>\n<\/div><\/figure>\n","protected":false},"excerpt":{"rendered":"<p>Ex-piloto da F1 e dono de empresa de customiza\u00e7\u00e3o, Tarso Marques relatou a delicada situa\u00e7\u00e3o que passou por conta da Covid-19. Piloto de 45 anos ficou internado e teve pulm\u00e3o comprometido<\/p>\n","protected":false},"author":0,"featured_media":1000439551,"comment_status":"closed","ping_status":"closed","sticky":false,"template":"","format":"standard","meta":{"42wp_featured_image_caption":"","42wp_featured_image_credits":"","42wp_featured_video":"","42wp_featured_image_hidden":false,"42wp_authors_list":[],"footnotes":""},"categories":[22],"tags":[24858,147,24837,3267,5712],"42wp_author":[47119],"class_list":["post-122800","post","type-post","status-publish","format-standard","has-post-thumbnail","hentry","category-automobilismo","tag-covid-19","tag-f1","tag-formula-1-2","tag-minardi","tag-tarso-marques","42wp_author-gabriel-carvalho"],"_links":{"self":[{"href":"https:\/\/grandepremio.com\/br\/wp-json\/wp\/v2\/posts\/122800","targetHints":{"allow":["GET"]}}],"collection":[{"href":"https:\/\/grandepremio.com\/br\/wp-json\/wp\/v2\/posts"}],"about":[{"href":"https:\/\/grandepremio.com\/br\/wp-json\/wp\/v2\/types\/post"}],"replies":[{"embeddable":true,"href":"https:\/\/grandepremio.com\/br\/wp-json\/wp\/v2\/comments?post=122800"}],"version-history":[{"count":0,"href":"https:\/\/grandepremio.com\/br\/wp-json\/wp\/v2\/posts\/122800\/revisions"}],"wp:featuredmedia":[{"embeddable":true,"href":"https:\/\/grandepremio.com\/br\/wp-json\/wp\/v2\/media\/1000439551"}],"wp:attachment":[{"href":"https:\/\/grandepremio.com\/br\/wp-json\/wp\/v2\/media?parent=122800"}],"wp:term":[{"taxonomy":"category","embeddable":true,"href":"https:\/\/grandepremio.com\/br\/wp-json\/wp\/v2\/categories?post=122800"},{"taxonomy":"post_tag","embeddable":true,"href":"https:\/\/grandepremio.com\/br\/wp-json\/wp\/v2\/tags?post=122800"},{"taxonomy":"42wp_author","embeddable":true,"href":"https:\/\/grandepremio.com\/br\/wp-json\/wp\/v2\/42wp_author?post=122800"}],"curies":[{"name":"wp","href":"https:\/\/api.w.org\/{rel}","templated":true}]}}