{"id":122812,"date":"2021-03-19T08:50:14","date_gmt":"2021-03-19T11:50:14","guid":{"rendered":"https:\/\/grandepremio.com\/br\/noticias\/lewis-hamilton-cobra-f1-alem-slogans-inclusao-acoes-sao-necessarias\/"},"modified":"2021-03-19T08:50:27","modified_gmt":"2021-03-19T11:50:27","slug":"lewis-hamilton-cobra-f1-alem-slogans-inclusao-acoes-sao-necessarias","status":"publish","type":"post","link":"https:\/\/grandepremio.com\/br\/f1\/lewis-hamilton-cobra-f1-alem-slogans-inclusao-acoes-sao-necessarias\/","title":{"rendered":"Hamilton cobra que F1 v\u00e1 al\u00e9m de slogans por inclus\u00e3o: &#8220;A\u00e7\u00f5es s\u00e3o necess\u00e1rias&#8221;"},"content":{"rendered":"\n<figure class=\"wp-block-video\"><video class=\"video-js vjs-big-play-centered\" data-gp-vjs=\"1\" controls src=\"https:\/\/www.grandepremio.com\/br\/wp-content\/uploads\/2021\/03\/voltaonboardjida.mp4\"><\/video><figcaption>A F\u00f3rmula 1 divulgou uma simula\u00e7\u00e3o de volta no mais novo circuito de rua da F\u00f3rmula 1, Jid\u00e1, na Ar\u00e1bia Saudita (V\u00eddeo: F\u00f3rmula 1)<\/figcaption><\/figure>\n\n\n\n<p class=\"wp-block-paragraph\">Lewis Hamilton deu detalhes da reuni\u00e3o feita com Stefano Domenicali, novo diretor-executivo do Liberty Media, antes da pr\u00e9-temporada da F\u00f3rmula 1, no Bahrein. O novo mandat\u00e1rio sentou com os pilotos para discutir as a\u00e7\u00f5es de diversidade propostas pela categoria, que firmou o compromisso em 2020 de se tornar mais inclusiva.<\/p>\n\n\n\n<p class=\"wp-block-paragraph\">Desde que lan\u00e7ou o projeto &#8216;We Race As One&#8217; (Corremos como Um), pilotos participam de um protesto antirracista antes das corridas, em sua maioria liderados por Hamilton, que elogiou a postura de Domenicali na reuni\u00e3o realizada. O italiano entrou no lugar de Chase Carey como novo mandat\u00e1rio em janeiro.<\/p>\n\n\n\n<p class=\"wp-block-paragraph\">&#8220;Stefano tirou um tempo para sentar conosco e ser aberto em termos de ter essa discuss\u00e3o de como podemos trabalhar juntos para melhorar o esporte. N\u00e3o tivemos necessariamente uma discuss\u00e3o sobre [mensagens pr\u00e9-corrida]. Eles explicaram os planos deles e podemos voltar a eles&#8221;, disse o heptacampe\u00e3o mundial em entrevista veiculada pela revista inglesa Autosport.<\/p>\n\n\n\n<p class=\"wp-block-paragraph\">Apesar do lan\u00e7amento da campanha em 2020, a F\u00f3rmula 1 <a href=\"https:\/\/www.grandepremio.com\/br\/f1\/noticias\/we-race-as-one-perto-da-arabia-saudita-formula-1-mostra-falta-de-apreco-por-slogan\/\">sofreu duras cr\u00edticas por anunciar uma corrida na <\/a>Ar\u00e1bia Saudita, pa\u00eds com governo que viola os Direitos Humanos, al\u00e9m de omiss\u00e3o no caso de abuso sexual do piloto russo Nikita Mazepin, que corre a temporada 2021 pela Haas.<\/p>\n\n\n\n<figure class=\"wp-block-image size-large\"><img decoding=\"async\" src=\"https:\/\/www.grandepremio.com\/br\/wp-content\/uploads\/2021\/03\/mercedes-lewishamilton-03-1-1024x689.jpg\" alt=\"\" class=\"wp-image-456067\"\/><figcaption>Lewis Hamilton foi o quinto mais r\u00e1pido do \u00faltimo dia de testes (Foto: Mercedes)<\/figcaption><\/figure>\n\n\n\n<p class=\"wp-block-paragraph\"><strong>Conhe\u00e7a o canal do Grande Pr\u00eamio no YouTube! Clique\u00a0<a rel=\"noreferrer noopener\" href=\"https:\/\/youtube.com\/GrandePremioTV\" target=\"_blank\">aqui<\/a>.<br>Siga o Grande Pr\u00eamio no\u00a0<a rel=\"noreferrer noopener\" href=\"https:\/\/twitter.com\/grandepremio\" target=\"_blank\">Twitter\u00a0<\/a>e no\u00a0<a rel=\"noreferrer noopener\" href=\"https:\/\/instagram.com\/grandepremio\" target=\"_blank\">Instagram<\/a>!<\/strong><\/p>\n\n\n\n<p class=\"wp-block-paragraph\">A F\u00f3rmula 1 atualizou a iniciativa para 2021 focando em sustentabilidade, diversidade, igualdade e comunidade. Hamilton reiterou que a inclus\u00e3o na F\u00f3rmula 1 precisa vir por mais a\u00e7\u00f5es do que slogans, mas afirmou que a categoria est\u00e1 no caminho certo.<\/p>\n\n\n\n<p class=\"wp-block-paragraph\">&#8220;N\u00e3o \u00e9 que tudo tivesse de ser feito na hora, mas eles est\u00e3o promovendo ajustes, que eu penso que s\u00e3o positivos. No ano passado, tinham v\u00e1rios slogans. Obviamente &#8216;Corremos como Um, mas a\u00e7\u00f5es s\u00e3o necess\u00e1rias neste ano. Isso foi algo que nos foi falado e expressado para n\u00f3s. Isso \u00e9 realmente o que temos de ter certeza, continuar a ter essa conversa, ter certeza que a\u00e7\u00f5es v\u00e3o acontecer enquanto continuamos a lutar pela inclus\u00e3o da diversidade no esporte&#8221;, concluiu.<\/p>\n\n\n\n<figure class=\"wp-block-embed is-type-video is-provider-youtube wp-block-embed-youtube wp-embed-aspect-16-9 wp-has-aspect-ratio\"><div class=\"wp-block-embed__wrapper\">\n<iframe loading=\"lazy\" title=\"MERCEDES, RED BULL E TODAS JUNTAS NA F1: H\u00c1 CHANCE DE UM PELOT\u00c3O \u00daNICO? | GP \u00e0s 10\" width=\"500\" height=\"281\" src=\"https:\/\/www.youtube.com\/embed\/AS4QbPdXn4c?feature=oembed\" frameborder=\"0\" allow=\"accelerometer; autoplay; clipboard-write; encrypted-media; gyroscope; picture-in-picture; web-share\" referrerpolicy=\"strict-origin-when-cross-origin\" allowfullscreen><\/iframe>\n<\/div><\/figure>\n\n\n\n<p class=\"wp-block-paragraph\"><\/p>\n","protected":false},"excerpt":{"rendered":"<p>Lewis Hamilton elogiou Stefano Domenicali pelo tempo dedicado na discuss\u00e3o de diversidade na F\u00f3rmula 1. Ingl\u00eas heptacampe\u00e3o mundial acredita que categoria est\u00e1 no caminho certo<\/p>\n","protected":false},"author":0,"featured_media":1000455635,"comment_status":"closed","ping_status":"closed","sticky":false,"template":"","format":"standard","meta":{"42wp_featured_image_caption":"","42wp_featured_image_credits":"","42wp_featured_video":"","42wp_featured_image_hidden":false,"42wp_authors_list":[],"footnotes":""},"categories":[2],"tags":[147,156,25536,87,2545,907,25287],"42wp_author":[47119],"class_list":["post-122812","post","type-post","status-publish","format-standard","has-post-thumbnail","hentry","category-f1","tag-f1","tag-f1-2021","tag-formula-1-2021-2","tag-lewis-hamilton","tag-racismo","tag-stefano-domenicali","tag-we-race-as-one","42wp_author-gabriel-carvalho"],"_links":{"self":[{"href":"https:\/\/grandepremio.com\/br\/wp-json\/wp\/v2\/posts\/122812","targetHints":{"allow":["GET"]}}],"collection":[{"href":"https:\/\/grandepremio.com\/br\/wp-json\/wp\/v2\/posts"}],"about":[{"href":"https:\/\/grandepremio.com\/br\/wp-json\/wp\/v2\/types\/post"}],"replies":[{"embeddable":true,"href":"https:\/\/grandepremio.com\/br\/wp-json\/wp\/v2\/comments?post=122812"}],"version-history":[{"count":0,"href":"https:\/\/grandepremio.com\/br\/wp-json\/wp\/v2\/posts\/122812\/revisions"}],"wp:featuredmedia":[{"embeddable":true,"href":"https:\/\/grandepremio.com\/br\/wp-json\/wp\/v2\/media\/1000455635"}],"wp:attachment":[{"href":"https:\/\/grandepremio.com\/br\/wp-json\/wp\/v2\/media?parent=122812"}],"wp:term":[{"taxonomy":"category","embeddable":true,"href":"https:\/\/grandepremio.com\/br\/wp-json\/wp\/v2\/categories?post=122812"},{"taxonomy":"post_tag","embeddable":true,"href":"https:\/\/grandepremio.com\/br\/wp-json\/wp\/v2\/tags?post=122812"},{"taxonomy":"42wp_author","embeddable":true,"href":"https:\/\/grandepremio.com\/br\/wp-json\/wp\/v2\/42wp_author?post=122812"}],"curies":[{"name":"wp","href":"https:\/\/api.w.org\/{rel}","templated":true}]}}