{"id":122889,"date":"2021-03-16T07:23:56","date_gmt":"2021-03-16T10:23:56","guid":{"rendered":"https:\/\/grandepremio.com\/br\/noticias\/kimi-raikkonen-aprova-desempenho-alfa-romeo-melhor-2020\/"},"modified":"2021-03-16T07:28:03","modified_gmt":"2021-03-16T10:28:03","slug":"kimi-raikkonen-aprova-desempenho-alfa-romeo-melhor-2020","status":"publish","type":"post","link":"https:\/\/grandepremio.com\/br\/f1\/kimi-raikkonen-aprova-desempenho-alfa-romeo-melhor-2020\/","title":{"rendered":"R\u00e4ikk\u00f6nen aprova desempenho nos testes e j\u00e1 v\u00ea Alfa Romeo &#8220;melhor que em 2020&#8221;"},"content":{"rendered":"\n<figure class=\"wp-block-video\"><video class=\"video-js vjs-big-play-centered\" data-gp-vjs=\"1\" controls src=\"https:\/\/www.grandepremio.com\/br\/wp-content\/uploads\/2021\/03\/Bahrein_2.mp4\"><\/video><figcaption>Red Bull domina e Mercedes aparenta estar atr\u00e1s: TUDO SOBRE O TERCEIRO DIA DA F1 NO BAHREIN<\/figcaption><\/figure>\n\n\n\n<p class=\"wp-block-paragraph\">Personagem de poucas palavras, Kimi R\u00e4ikk\u00f6nen falou at\u00e9 mais que o esperado durante o fim de semana de testes de pr\u00e9-temporada da F\u00f3rmula 1 no Bahrein. O motivo ficou claro ap\u00f3s o \u00faltimo dia de pista: o campe\u00e3o mundial gostou do que viu no C41. Segundo ele, o carro j\u00e1 \u00e9 melhor que em todo o ano de 2020.<\/p>\n\n\n\n<p class=\"wp-block-paragraph\"><strong>Conhe\u00e7a o canal do Grande Pr\u00eamio no YouTube! Clique\u00a0<a rel=\"noreferrer noopener\" href=\"https:\/\/youtube.com\/GrandePremioTV\" target=\"_blank\">aqui<\/a>.<br>Siga o Grande Pr\u00eamio no\u00a0<a rel=\"noreferrer noopener\" href=\"https:\/\/twitter.com\/grandepremio\" target=\"_blank\">Twitter\u00a0<\/a>e no\u00a0<a rel=\"noreferrer noopener\" href=\"https:\/\/instagram.com\/grandepremio\" target=\"_blank\">Instagram<\/a>!<\/strong><br><strong><a href=\"https:\/\/www.grandepremio.com\/br\/web-stories\/f1\/resultado-dia-3-testes-formula-1-2021-bahrein\/\">WEB STORIES: Tudo sobre o terceiro dia de pr\u00e9-temporada da F1<\/a><\/strong><\/p>\n\n\n\n<p class=\"wp-block-paragraph\">R\u00e4ikk\u00f6nen foi respons\u00e1vel por 166 voltas no domingo, o que significou que ele foi o piloto que mais andou n\u00e3o somente neste dia, mas em qualquer um dos tr\u00eas dias. No geral, anotou o quarto melhor tempo utilizando os pneus C5, compostos mais macios dispon\u00edveis. Apesar de ter tomado cuidado para evitar compara\u00e7\u00f5es, foi claro: gostou do que viu.<\/p>\n\n\n\n<p class=\"wp-block-paragraph\">&#8220;Foram testes positivos. Viemos todos ao Bahrein e, agora, temos de ver onde estaremos quando voltarmos para a corrida, em duas semanas. Os tempos n\u00e3o significam nada e, neste momento, n\u00e3o sabemos como est\u00e1 o desempenho das outras equipes&#8221;, avaliou.<\/p>\n\n\n\n<figure class=\"wp-block-image size-large\"><img decoding=\"async\" src=\"https:\/\/www.grandepremio.com\/br\/wp-content\/uploads\/2021\/03\/alfaromeo-kimiraikkonen-afp-01-1024x682.jpg\" alt=\"\" class=\"wp-image-456073\"\/><figcaption>Kimi R\u00e4ikk\u00f6nen deu 166 voltas neste domingo (Foto: AFP)<\/figcaption><\/figure>\n\n\n\n<figure class=\"wp-block-embed is-type-rich is-provider-spotify wp-block-embed-spotify wp-embed-aspect-21-9 wp-has-aspect-ratio\"><div class=\"wp-block-embed__wrapper\">\n<iframe title=\"Spotify Embed: A AN\u00c1LISE DEFINITIVA DOS DEZ CARROS DA TEMPORADA 2021 DA F\u00d3RMULA 1 | Paddockast #94\" style=\"border-radius: 12px\" width=\"100%\" height=\"152\" frameborder=\"0\" allowfullscreen allow=\"autoplay; clipboard-write; encrypted-media; fullscreen; picture-in-picture\" loading=\"lazy\" src=\"https:\/\/open.spotify.com\/embed\/episode\/6NEBj1fjZRUrvefUdNBzDm?utm_source=oembed\"><\/iframe>\n<\/div><\/figure>\n\n\n\n<p class=\"wp-block-paragraph\">&#8220;Sabemos, sim, como nosso carro est\u00e1 indo. E a sensa\u00e7\u00e3o \u00e9 melhor que no ano passado. Acredito que j\u00e1 somos melhores que o nosso melhor no fim do ano passado, mas ainda temos de ver se isso ser\u00e1 transformado em melhor desempenho nas corridas. Precisamos saber&#8221;, finalizou.<\/p>\n\n\n\n<p class=\"wp-block-paragraph\">Al\u00e9m das novidades trazidas naturalmente pela equipe, a Alfa Romeo conta com o benef\u00edcio do motor atualizado da Ferrari para a temporada 2021. De acordo com a f\u00e1brica italiana, a velocidade de reta, grande problema no ano que passou, <a href=\"https:\/\/www.grandepremio.com\/br\/f1\/noticias\/chefe-diz-que-ferrari-consertou-problema-de-velocidade-de-reta-nao-e-mais-desvantagem\/\">n\u00e3o \u00e9 mais uma quest\u00e3o negativa<\/a>.<\/p>\n\n\n\n<p class=\"wp-block-paragraph\">A temporada da F\u00f3rmula 1 come\u00e7a no fim de semana dos dias 26-28 de mar\u00e7o, na mesma pista do Bahrein.<\/p>\n\n\n\n<figure class=\"wp-block-embed is-type-video is-provider-youtube wp-block-embed-youtube wp-embed-aspect-16-9 wp-has-aspect-ratio\"><div class=\"wp-block-embed__wrapper\">\n<iframe loading=\"lazy\" title=\"RED BULL FORTE E MERCEDES COM PROBLEMAS: A PR\u00c9-TEMPORADA DA F1 NO BAHREIN | Paddock GP #230\" width=\"500\" height=\"281\" src=\"https:\/\/www.youtube.com\/embed\/lGI3g9LKkS8?feature=oembed\" frameborder=\"0\" allow=\"accelerometer; autoplay; clipboard-write; encrypted-media; gyroscope; picture-in-picture; web-share\" referrerpolicy=\"strict-origin-when-cross-origin\" allowfullscreen><\/iframe>\n<\/div><\/figure>\n","protected":false},"excerpt":{"rendered":"<p>A avalia\u00e7\u00e3o de Kimi R\u00e4ikk\u00f6nen, mesmo cautelosa, \u00e9 definitiva: carro j\u00e1 \u00e9 melhor que o de 2020 nos seus melhores dias<\/p>\n","protected":false},"author":0,"featured_media":1000455970,"comment_status":"closed","ping_status":"closed","sticky":false,"template":"","format":"standard","meta":{"42wp_featured_image_caption":"","42wp_featured_image_credits":"","42wp_featured_video":"","42wp_featured_image_hidden":false,"42wp_authors_list":[],"footnotes":""},"categories":[2],"tags":[457,156,25536,1285,24834,27493],"42wp_author":[47120],"class_list":["post-122889","post","type-post","status-publish","format-standard","has-post-thumbnail","hentry","category-f1","tag-alfa-romeo","tag-f1-2021","tag-formula-1-2021-2","tag-formula-1-2021","tag-kimi-raikkonen-2","tag-testes-de-pre-temporada","42wp_author-pedro-henrique-marum"],"_links":{"self":[{"href":"https:\/\/grandepremio.com\/br\/wp-json\/wp\/v2\/posts\/122889","targetHints":{"allow":["GET"]}}],"collection":[{"href":"https:\/\/grandepremio.com\/br\/wp-json\/wp\/v2\/posts"}],"about":[{"href":"https:\/\/grandepremio.com\/br\/wp-json\/wp\/v2\/types\/post"}],"replies":[{"embeddable":true,"href":"https:\/\/grandepremio.com\/br\/wp-json\/wp\/v2\/comments?post=122889"}],"version-history":[{"count":0,"href":"https:\/\/grandepremio.com\/br\/wp-json\/wp\/v2\/posts\/122889\/revisions"}],"wp:featuredmedia":[{"embeddable":true,"href":"https:\/\/grandepremio.com\/br\/wp-json\/wp\/v2\/media\/1000455970"}],"wp:attachment":[{"href":"https:\/\/grandepremio.com\/br\/wp-json\/wp\/v2\/media?parent=122889"}],"wp:term":[{"taxonomy":"category","embeddable":true,"href":"https:\/\/grandepremio.com\/br\/wp-json\/wp\/v2\/categories?post=122889"},{"taxonomy":"post_tag","embeddable":true,"href":"https:\/\/grandepremio.com\/br\/wp-json\/wp\/v2\/tags?post=122889"},{"taxonomy":"42wp_author","embeddable":true,"href":"https:\/\/grandepremio.com\/br\/wp-json\/wp\/v2\/42wp_author?post=122889"}],"curies":[{"name":"wp","href":"https:\/\/api.w.org\/{rel}","templated":true}]}}