{"id":122924,"date":"2021-03-15T04:00:00","date_gmt":"2021-03-15T07:00:00","guid":{"rendered":"https:\/\/grandepremio.com\/br\/noticias\/chefe-diz-que-ferrari-consertou-problema-de-velocidade-de-reta-nao-e-mais-desvantagem\/"},"modified":"2021-03-15T06:18:52","modified_gmt":"2021-03-15T09:18:52","slug":"chefe-diz-que-ferrari-consertou-problema-de-velocidade-de-reta-nao-e-mais-desvantagem","status":"publish","type":"post","link":"https:\/\/grandepremio.com\/br\/f1\/chefe-diz-que-ferrari-consertou-problema-de-velocidade-de-reta-nao-e-mais-desvantagem\/","title":{"rendered":"Chefe garante que velocidade de reta &#8220;n\u00e3o \u00e9 mais desvantagem&#8221; na nova Ferrari"},"content":{"rendered":"\n<figure class=\"wp-block-video\"><video class=\"video-js vjs-big-play-centered\" data-gp-vjs=\"1\" controls src=\"https:\/\/www.grandepremio.com\/br\/wp-content\/uploads\/2021\/03\/Bahrein_2.mp4\"><\/video><figcaption>Red Bull domina e Mercedes aparenta estar atr\u00e1s: TUDO SOBRE O TERCEIRO DIA DA F1 NO BAHREIN (V\u00eddeo: GRANDE PR\u00caMIO)<\/figcaption><\/figure>\n\n\n\n<p class=\"wp-block-paragraph\">Um entre os tantos problemas que a Ferrari apresentou em 2020 foi a falta de velocidade em retas: nos circuitos em que trechos sem curvas aparecem mais, a escuderia italiana entregou resultados ainda piores do que os que j\u00e1 haviam se tornados usuais. Mas, para 2021, a expectativa \u00e9 de que isso acabe de vez.<\/p>\n\n\n\n<p class=\"wp-block-paragraph\">A an\u00e1lise \u00e9 de Mattia Binotto. O chefe da Ferrari afirmou que a <strong><a href=\"https:\/\/www.grandepremio.com\/br\/f1\/noticias\/sergio-perez-prova-forca-da-red-bull-e-lidera-ultima-manha-de-pre-temporada-da-f1-no-bahrein\/\">pr\u00e9-temporada<\/a><\/strong> no Bahrein serviu para mostrar que os problemas de velocidade de reta n\u00e3o tiram mais o sono dos italianos.<\/p>\n\n\n\n<p class=\"wp-block-paragraph\"><strong>Conhe\u00e7a o canal do Grande Pr\u00eamio no YouTube! Clique&nbsp;<a rel=\"noreferrer noopener\" href=\"https:\/\/youtube.com\/GrandePremioTV\" target=\"_blank\">aqui<\/a>.<br>Siga o Grande Pr\u00eamio no&nbsp;<a rel=\"noreferrer noopener\" href=\"https:\/\/twitter.com\/grandepremio\" target=\"_blank\">Twitter&nbsp;<\/a>e no&nbsp;<a rel=\"noreferrer noopener\" href=\"https:\/\/instagram.com\/grandepremio\" target=\"_blank\">Instagram<\/a>!<\/strong><br><strong><a href=\"https:\/\/www.grandepremio.com\/br\/web-stories\/f1\/resultado-dia-2-testes-formula-1-2021-bahrein\/\">WEB STORIES: Tudo sobre o segundo dia de pr\u00e9-temporada da F1<\/a><\/strong><\/p>\n\n\n\n<figure class=\"wp-block-image size-large\"><img decoding=\"async\" src=\"https:\/\/www.grandepremio.com\/br\/wp-content\/uploads\/2021\/03\/20088-f1-test-bahrain-sf21-day-1-1024x683.jpg\" alt=\"CARLOS SAINZ; FERRARI; F\u00d3RMULA 1; F1; F1 2021; TESTE; BAHREIN; SAKHIR; PR\u00c9-TEMPORADA;\" class=\"wp-image-455556\"\/><figcaption>Carlos Sainz em Sakhir (Foto: Scuderia Ferrari)<\/figcaption><\/figure>\n\n\n\n<p class=\"wp-block-paragraph\">&#8220;Sabemos como o motor funciona no dinam\u00f4metro, mas quando voc\u00ea encaixa no carro o que deve observar \u00e9 a velocidade e, eventualmente, a velocidade em rela\u00e7\u00e3o aos outros. Na classifica\u00e7\u00e3o para o GP do Bahrein no \u00faltimo ano, est\u00e1vamos muito lentos nas retas. Nem entramos no Q3, ficamos muito distantes da pole&#8221;, explicou o dirigente.<\/p>\n\n\n\n<p class=\"wp-block-paragraph\">&#8220;Agora, ao olharmos para os dados, acho que ao menos a velocidade de reta parece boa. N\u00e3o parece mais ser tamanha desvantagem como era ano passado. Sabemos que n\u00e3o \u00e9 s\u00f3 sobre pot\u00eancia, \u00e9 o carro tamb\u00e9m. E os dois pilotos (Charles Leclerc e Carlos Sainz) contribu\u00edram nessa melhora. Hoje, sentimos que n\u00e3o \u00e9 mais uma desvantagem&#8221;, completou Binotto. <\/p>\n\n\n\n<p class=\"wp-block-paragraph\">A busca da Ferrari \u00e9 clara: sair do inc\u00f4modo sexto lugar alcan\u00e7ado no Mundial de Construtores de 2020, 50 pontos atr\u00e1s da ent\u00e3o Renault, quinta colocada. <\/p>\n\n\n\n<figure class=\"wp-block-embed is-type-video is-provider-youtube wp-block-embed-youtube wp-embed-aspect-16-9 wp-has-aspect-ratio\"><div class=\"wp-block-embed__wrapper\">\n<iframe loading=\"lazy\" title=\"F1 2021: COMO FOI O TERCEIRO DIA DA PR\u00c9-TEMPORADA NO BAHREIN | Briefing\" width=\"500\" height=\"281\" src=\"https:\/\/www.youtube.com\/embed\/wQLrvLZty4w?feature=oembed\" frameborder=\"0\" allow=\"accelerometer; autoplay; clipboard-write; encrypted-media; gyroscope; picture-in-picture; web-share\" referrerpolicy=\"strict-origin-when-cross-origin\" allowfullscreen><\/iframe>\n<\/div><\/figure>\n","protected":false},"excerpt":{"rendered":"<p>Para Mattia Binotto, a Ferrari pode ter v\u00e1rios problemas, mas velocidade de reta, algo t\u00e3o falho na temporada 2020, n\u00e3o \u00e9 mais um deles<\/p>\n","protected":false},"author":0,"featured_media":1000455799,"comment_status":"closed","ping_status":"closed","sticky":false,"template":"","format":"standard","meta":{"42wp_featured_image_caption":"","42wp_featured_image_credits":"","42wp_featured_video":"","42wp_featured_image_hidden":false,"42wp_authors_list":[],"footnotes":""},"categories":[2],"tags":[147,156,207,24837,24846,442,307,27452,809],"42wp_author":[47129],"class_list":["post-122924","post","type-post","status-publish","format-standard","has-post-thumbnail","hentry","category-f1","tag-f1","tag-f1-2021","tag-ferrari","tag-formula-1-2","tag-formula-um-2","tag-mattia-binotto","tag-motor","tag-pre-temporada-f1","tag-velocidade","42wp_author-felipe-noronha"],"_links":{"self":[{"href":"https:\/\/grandepremio.com\/br\/wp-json\/wp\/v2\/posts\/122924","targetHints":{"allow":["GET"]}}],"collection":[{"href":"https:\/\/grandepremio.com\/br\/wp-json\/wp\/v2\/posts"}],"about":[{"href":"https:\/\/grandepremio.com\/br\/wp-json\/wp\/v2\/types\/post"}],"replies":[{"embeddable":true,"href":"https:\/\/grandepremio.com\/br\/wp-json\/wp\/v2\/comments?post=122924"}],"version-history":[{"count":0,"href":"https:\/\/grandepremio.com\/br\/wp-json\/wp\/v2\/posts\/122924\/revisions"}],"wp:featuredmedia":[{"embeddable":true,"href":"https:\/\/grandepremio.com\/br\/wp-json\/wp\/v2\/media\/1000455799"}],"wp:attachment":[{"href":"https:\/\/grandepremio.com\/br\/wp-json\/wp\/v2\/media?parent=122924"}],"wp:term":[{"taxonomy":"category","embeddable":true,"href":"https:\/\/grandepremio.com\/br\/wp-json\/wp\/v2\/categories?post=122924"},{"taxonomy":"post_tag","embeddable":true,"href":"https:\/\/grandepremio.com\/br\/wp-json\/wp\/v2\/tags?post=122924"},{"taxonomy":"42wp_author","embeddable":true,"href":"https:\/\/grandepremio.com\/br\/wp-json\/wp\/v2\/42wp_author?post=122924"}],"curies":[{"name":"wp","href":"https:\/\/api.w.org\/{rel}","templated":true}]}}