{"id":122929,"date":"2021-03-14T15:12:43","date_gmt":"2021-03-14T18:12:43","guid":{"rendered":"https:\/\/grandepremio.com\/br\/noticias\/max-verstappen-empurra-avaliacao-gp-bahrein-admite-carro-bom\/"},"modified":"2021-03-14T17:18:33","modified_gmt":"2021-03-14T20:18:33","slug":"max-verstappen-empurra-avaliacao-gp-bahrein-admite-carro-bom","status":"publish","type":"post","link":"https:\/\/grandepremio.com\/br\/f1\/max-verstappen-empurra-avaliacao-gp-bahrein-admite-carro-bom\/","title":{"rendered":"Verstappen empurra avalia\u00e7\u00e3o para GP do Bahrein, mas admite: &#8220;Carro est\u00e1 bom&#8221;"},"content":{"rendered":"\n<figure class=\"wp-block-video\"><video class=\"video-js vjs-big-play-centered\" data-gp-vjs=\"1\" controls src=\"https:\/\/www.grandepremio.com\/br\/wp-content\/uploads\/2021\/03\/Bahrein_2.mp4\"><\/video><figcaption><strong>Red Bull domina e Mercedes aparenta estar atr\u00e1s: TUDO SOBRE O TERCEIRO DIA DA F1 NO BAHREIN<\/strong><\/figcaption><\/figure>\n\n\n\n<p class=\"wp-block-paragraph\">O <a href=\"https:\/\/www.grandepremio.com\/br\/f1\/noticias\/max-verstappen-lidera-ultimo-dia-testes-pre-temporada-bahrein-reforca-otimismo-red-bull\/\">\u00faltimo dia de testes coletivos de pr\u00e9-temporada<\/a> da F\u00f3rmula 1, neste domingo (14), terminou com o crivo da Red Bull como dona de amplo otimismo. Max Verstappen foi o mais r\u00e1pido na tabela de tempos e em simula\u00e7\u00f5es ao longo do dia. O holand\u00eas escolheu, por\u00e9m, o caminho da cautela ao tratar da situa\u00e7\u00e3o da equipe dos energ\u00e9ticos.<\/p>\n\n\n\n<p class=\"wp-block-paragraph\"><strong>Conhe\u00e7a o canal do Grande Pr\u00eamio no YouTube! Clique&nbsp;<a rel=\"noreferrer noopener\" href=\"https:\/\/youtube.com\/GrandePremioTV\" target=\"_blank\">aqui<\/a>.<br>Siga o Grande Pr\u00eamio no&nbsp;<a rel=\"noreferrer noopener\" href=\"https:\/\/twitter.com\/grandepremio\" target=\"_blank\">Twitter&nbsp;<\/a>e no&nbsp;<a rel=\"noreferrer noopener\" href=\"https:\/\/instagram.com\/grandepremio\" target=\"_blank\">Instagram<\/a>!<\/strong><br><strong><a href=\"https:\/\/www.grandepremio.com\/br\/web-stories\/f1\/resultado-dia-3-testes-formula-1-2021-bahrein\/\">WEB STORIES: Tudo sobre o terceiro dia de pr\u00e9-temporada da F1<\/a><\/strong><\/p>\n\n\n\n<p class=\"wp-block-paragraph\">Verstappen n\u00e3o andou no s\u00e1bado, havia guiado o carro na tarde da sexta-feira, e notou que as condi\u00e7\u00f5es estavam diferentes &#8211; com bem menos poeira e pista mais emborrachada. No fim das contas, serviu para fazer tudo aquilo que era planejado ao longo de 64 voltas, quando Sergio P\u00e9rez j\u00e1 dera 49 pela manh\u00e3. Saber onde est\u00e1 na ordem de for\u00e7as, ele garante, s\u00f3 daqui a duas semanas.<\/p>\n\n\n\n<p class=\"wp-block-paragraph\">&#8220;Foi outro bom dia e passamos por todo o programa. As condi\u00e7\u00f5es estavam um pouco diferentes ao primeiro dia, ent\u00e3o precisamos ajustar o carro um pouco conforme o dia foi passando. Mas, da nossa parte, tudo caminhou bem tranquilamente ao longo do teste&#8221;, disse.<\/p>\n\n\n\n<figure class=\"wp-block-image size-large\"><img decoding=\"async\" src=\"https:\/\/www.grandepremio.com\/br\/wp-content\/uploads\/2021\/03\/redbull-maxverstappen-02-1024x668.jpg\" alt=\"\" class=\"wp-image-456069\"\/><figcaption>Verstappen liderou 2 de 3 dias da pr\u00e9-temporada (Foto: Getty Images\/Red Bull Content Pool)<\/figcaption><\/figure>\n\n\n\n<figure class=\"wp-block-embed is-type-rich is-provider-spotify wp-block-embed-spotify wp-embed-aspect-21-9 wp-has-aspect-ratio\"><div class=\"wp-block-embed__wrapper\">\n<iframe title=\"Spotify Embed: A AN\u00c1LISE DEFINITIVA DOS DEZ CARROS DA TEMPORADA 2021 DA F\u00d3RMULA 1 | Paddockast #94\" style=\"border-radius: 12px\" width=\"100%\" height=\"152\" frameborder=\"0\" allowfullscreen allow=\"autoplay; clipboard-write; encrypted-media; fullscreen; picture-in-picture\" loading=\"lazy\" src=\"https:\/\/open.spotify.com\/embed\/episode\/6NEBj1fjZRUrvefUdNBzDm?utm_source=oembed\"><\/iframe>\n<\/div><\/figure>\n\n\n\n<p class=\"wp-block-paragraph\">&#8220;Podemos dizer que o fim de semana foi bom, mas isso n\u00e3o te d\u00e1 garantia alguma e todas as equipes s\u00e3o diferentes em seus programas de teste. Sempre analisamos o que podemos melhorar e, claro, h\u00e1 coisas nas quais precisamos evoluir, mas claro que ainda temos coisas a melhorar. Creio que todos os times t\u00eam&#8221;, seguiu.<\/p>\n\n\n\n<p class=\"wp-block-paragraph\">&#8220;Saberemos com certeza, em algumas semanas, na hora do Q3, onde estamos de maneira geral. Mas diria que os carros est\u00e3o bons e que estou ansioso para correr&#8221;, encerrou.<\/p>\n\n\n\n<p class=\"wp-block-paragraph\">O campeonato da F\u00f3rmula 1 come\u00e7a na mesma pista de Sakhir no fim de semana dos dias 26-28 de mar\u00e7o.<\/p>\n\n\n\n<figure class=\"wp-block-embed is-type-video is-provider-youtube wp-block-embed-youtube wp-embed-aspect-16-9 wp-has-aspect-ratio\"><div class=\"wp-block-embed__wrapper\">\n<iframe loading=\"lazy\" title=\"F1 2021: COMO FOI O TERCEIRO DIA DA PR\u00c9-TEMPORADA NO BAHREIN | Briefing\" width=\"500\" height=\"281\" src=\"https:\/\/www.youtube.com\/embed\/wQLrvLZty4w?feature=oembed\" frameborder=\"0\" allow=\"accelerometer; autoplay; clipboard-write; encrypted-media; gyroscope; picture-in-picture; web-share\" referrerpolicy=\"strict-origin-when-cross-origin\" allowfullscreen><\/iframe>\n<\/div><\/figure>\n","protected":false},"excerpt":{"rendered":"<p>Mesmo com Red Bull saindo da pr\u00e9-temporada como equipe de rendimento mais impressionante, Max Verstappen n\u00e3o quer falar sobre ordem de for\u00e7as<\/p>\n","protected":false},"author":0,"featured_media":1000456068,"comment_status":"closed","ping_status":"closed","sticky":false,"template":"","format":"standard","meta":{"42wp_featured_image_caption":"","42wp_featured_image_credits":"","42wp_featured_video":"","42wp_featured_image_hidden":false,"42wp_authors_list":[],"footnotes":""},"categories":[2],"tags":[3350,156,25536,1285,203,204,24863,27493],"42wp_author":[47120],"class_list":["post-122929","post","type-post","status-publish","format-standard","has-post-thumbnail","hentry","category-f1","tag-briefing","tag-f1-2021","tag-formula-1-2021-2","tag-formula-1-2021","tag-max-verstappen","tag-red-bull","tag-sergio-perez-2","tag-testes-de-pre-temporada","42wp_author-pedro-henrique-marum"],"_links":{"self":[{"href":"https:\/\/grandepremio.com\/br\/wp-json\/wp\/v2\/posts\/122929","targetHints":{"allow":["GET"]}}],"collection":[{"href":"https:\/\/grandepremio.com\/br\/wp-json\/wp\/v2\/posts"}],"about":[{"href":"https:\/\/grandepremio.com\/br\/wp-json\/wp\/v2\/types\/post"}],"replies":[{"embeddable":true,"href":"https:\/\/grandepremio.com\/br\/wp-json\/wp\/v2\/comments?post=122929"}],"version-history":[{"count":0,"href":"https:\/\/grandepremio.com\/br\/wp-json\/wp\/v2\/posts\/122929\/revisions"}],"wp:featuredmedia":[{"embeddable":true,"href":"https:\/\/grandepremio.com\/br\/wp-json\/wp\/v2\/media\/1000456068"}],"wp:attachment":[{"href":"https:\/\/grandepremio.com\/br\/wp-json\/wp\/v2\/media?parent=122929"}],"wp:term":[{"taxonomy":"category","embeddable":true,"href":"https:\/\/grandepremio.com\/br\/wp-json\/wp\/v2\/categories?post=122929"},{"taxonomy":"post_tag","embeddable":true,"href":"https:\/\/grandepremio.com\/br\/wp-json\/wp\/v2\/tags?post=122929"},{"taxonomy":"42wp_author","embeddable":true,"href":"https:\/\/grandepremio.com\/br\/wp-json\/wp\/v2\/42wp_author?post=122929"}],"curies":[{"name":"wp","href":"https:\/\/api.w.org\/{rel}","templated":true}]}}