{"id":122939,"date":"2021-03-14T03:55:51","date_gmt":"2021-03-14T06:55:51","guid":{"rendered":"https:\/\/grandepremio.com\/br\/noticias\/chefe-da-mercedes-se-assusta-com-pessimo-comeco-e-admite-nao-somos-rapidos\/"},"modified":"2021-03-14T18:15:08","modified_gmt":"2021-03-14T21:15:08","slug":"chefe-da-mercedes-se-assusta-com-pessimo-comeco-e-admite-nao-somos-rapidos","status":"publish","type":"post","link":"https:\/\/grandepremio.com\/br\/f1\/chefe-da-mercedes-se-assusta-com-pessimo-comeco-e-admite-nao-somos-rapidos\/","title":{"rendered":"Chefe da Mercedes se assusta com \u201cp\u00e9ssimo come\u00e7o\u201d e admite: \u201cN\u00e3o somos r\u00e1pidos\u201d"},"content":{"rendered":"\n<figure class=\"wp-block-video\"><video class=\"video-js vjs-big-play-centered\" data-gp-vjs=\"1\" controls src=\"https:\/\/www.grandepremio.com\/br\/wp-content\/uploads\/2021\/03\/Bahrein_2.mp4\"><\/video><figcaption><strong>Red Bull domina e Mercedes aparenta estar atr\u00e1s: TUDO SOBRE O TERCEIRO DIA DA F1 NO BAHREIN<\/strong><\/figcaption><\/figure>\n\n\n\n<p class=\"wp-block-paragraph\">Quem esperava ver a Mercedes dando as cartas e mostrando for\u00e7a desde o come\u00e7o nos testes de pr\u00e9-temporada da F\u00f3rmula 1 viu um in\u00edcio de <a href=\"https:\/\/www.grandepremio.com\/br\/f1\/noticias\/mercedes-admite-pessimo-comeco-temporada-na-formula-1-e-aponta-falta-de-equilibrio-w12\/\">prepara\u00e7\u00e3o bem abaixo<\/a> do que se poderia imaginar para a equipe que domina a categoria desde 2014 e \u00e9 heptacampe\u00e3 mundial.<\/p>\n\n\n\n<p class=\"wp-block-paragraph\">Toto Wolff, chefe do time de Brackley, se mostrou assustado com os problemas apresentados pelo W12 e tamb\u00e9m pelas duas falhas no sistema de transmiss\u00e3o: <a href=\"https:\/\/www.grandepremio.com\/br\/f1\/noticias\/mercedes-abre-pre-temporada-problemas-no-cambio-novo-w12\/\">uma na sexta-feira, no carro de Valtteri Bottas<\/a>, e outra no s\u00e1bado (13), com <a href=\"https:\/\/www.grandepremio.com\/br\/f1\/noticias\/sebastian-vettel-enfrenta-problemas-de-cambio-da-aston-martin-em-teste-da-formula-1\/\">Sebastian Vettel, da Aston Martin, que tamb\u00e9m usa o c\u00e2mbio da Mercedes<\/a>.<\/p>\n\n\n\n<p class=\"wp-block-paragraph\">Sincero, o dirigente austr\u00edaco reconheceu, em entrevista \u00e0 emissora italiana Sky Sports que h\u00e1 muito trabalho a ser feito. \u201cTivemos um p\u00e9ssimo come\u00e7o neste ano, ao contr\u00e1rio dos outros. N\u00e3o somos r\u00e1pidos e temos problemas de confiabilidade, mas \u00e9 uma situa\u00e7\u00e3o em que temos de mostrar como reagimos a algo assim\u201d, disse.<\/p>\n\n\n\n<figure class=\"wp-block-image size-large\"><img decoding=\"async\" src=\"https:\/\/www.grandepremio.com\/br\/wp-content\/uploads\/2021\/03\/EwUaTggUYAEmhWj-1024x576.jpg\" alt=\"TOTO WOLFF; MERCEDES; PR\u00c9-TEMPORADA; BAHREIN; GRANDE PR\u00caMIO;\" class=\"wp-image-455902\"\/><figcaption>Toto Wolff n\u00e3o escondeu a preocupa\u00e7\u00e3o com o in\u00edcio dif\u00edcil da Mercedes em 2021 (Foto: Reprodu\u00e7\u00e3o)<\/figcaption><\/figure>\n\n\n\n<p class=\"wp-block-paragraph\"><strong>Conhe\u00e7a o canal do Grande Pr\u00eamio no YouTube! Clique&nbsp;<a rel=\"noreferrer noopener\" href=\"https:\/\/youtube.com\/GrandePremioTV\" target=\"_blank\">aqui<\/a>.<br>Siga o Grande Pr\u00eamio no&nbsp;<a rel=\"noreferrer noopener\" href=\"https:\/\/twitter.com\/grandepremio\" target=\"_blank\">Twitter&nbsp;<\/a>e no&nbsp;<a rel=\"noreferrer noopener\" href=\"https:\/\/instagram.com\/grandepremio\" target=\"_blank\">Instagram<\/a>!<\/strong><br><strong><a href=\"https:\/\/www.grandepremio.com\/br\/web-stories\/f1\/resultado-dia-2-testes-formula-1-2021-bahrein\/\">WEB STORIES: Tudo sobre o segundo dia de pr\u00e9-temporada da F1<\/a><\/strong><\/p>\n\n\n\n<p class=\"wp-block-paragraph\">Questionado sobre os problemas no c\u00e2mbio ocorridos nos dois dias de atividades de pista e que limitou o ac\u00famulo de quilometragem, t\u00e3o vital em raz\u00e3o do per\u00edodo bastante curto de pr\u00e9-temporada, Wolff n\u00e3o escondeu a preocupa\u00e7\u00e3o.<\/p>\n\n\n\n<p class=\"wp-block-paragraph\">\u201cIsso me assusta. N\u00e3o mudamos o design da caixa de c\u00e2mbio, mas vimos dois problemas. Isso \u00e9 alarmante porque corremos o risco de n\u00e3o conseguir terminar uma corrida, mas tamb\u00e9m em termos de custos\u201d, acrescentou.<\/p>\n\n\n\n<p class=\"wp-block-paragraph\">No s\u00e1bado, a Mercedes fechou o segundo dia de testes no topo da tabela de tempos com Valtteri Bottas, que completou 58 voltas e marcou, na melhor delas, 1min30s289, usando os pneus mais macios da gama ofertada pela Pirelli, os C5. <a href=\"https:\/\/www.grandepremio.com\/br\/f1\/noticias\/lewis-hamilton-roda-provoca-bandeira-vermelha-dia-2-teste-f1-bahrein\/\">Lewis Hamilton, que rodou pela manh\u00e3<\/a>, tamb\u00e9m completou 58 voltas, mas cumpriu um cronograma diferente e registrou 1min33s399, 16\u00ba tempo, com pneus duros, os C2.<\/p>\n\n\n\n<p class=\"wp-block-paragraph\">O <strong>GRANDE PR\u00caMIO<\/strong> traz uma cobertura pra l\u00e1 de especial dos ensaios da F\u00f3rmula 1 em Sakhir. Acompanhe toda a transmiss\u00e3o dos testes de pr\u00e9-temporada <a href=\"https:\/\/www.grandepremio.com\/br\/ao-vivo\/f1\/pre-temporada-formula-1-2021-bahrein-dia-3-tempo-real\/\"><strong>AO VIVO e em TEMPO REAL<\/strong><\/a>.<\/p>\n\n\n\n<p class=\"wp-block-paragraph\">E, ao fim de cada um dos dias de teste, \u00e0s 13h (de Bras\u00edlia), vai ao ar o <strong>BRIEFING<\/strong>, programa AO VIVO na GP TV, o canal do <a href=\"https:\/\/www.youtube.com\/c\/GrandePremioTV\"><strong>GRANDE PR\u00caMIO<\/strong> no YouTube<\/a>, com Victor Martins, Evelyn Guimar\u00e3es e Pedro Henrique Marum presentes \u00e0 mesa virtual com o debate completo sobre a pr\u00e9-temporada da F1.<\/p>\n","protected":false},"excerpt":{"rendered":"<p>Toto Wolff se mostrou chocado com a falta de confiabilidade da Mercedes, sobretudo em rela\u00e7\u00e3o ao c\u00e2mbio, que tamb\u00e9m equipa os carros da Aston Martin: \u201c\u00c9 alarmante\u201d, declarou o dirigente austr\u00edaco<\/p>\n","protected":false},"author":0,"featured_media":1000455901,"comment_status":"closed","ping_status":"closed","sticky":false,"template":"","format":"standard","meta":{"42wp_featured_image_caption":"","42wp_featured_image_credits":"","42wp_featured_video":"","42wp_featured_image_hidden":false,"42wp_authors_list":[],"footnotes":""},"categories":[2],"tags":[309,1667,147,156,24837,25536,87,82,25297,150,612],"42wp_author":[47110],"class_list":["post-122939","post","type-post","status-publish","format-standard","has-post-thumbnail","hentry","category-f1","tag-aston-martin","tag-bahrein","tag-f1","tag-f1-2021","tag-formula-1-2","tag-formula-1-2021-2","tag-lewis-hamilton","tag-mercedes","tag-pre-temporada-2","tag-toto-wolff","tag-valtteri-bottas","42wp_author-fernando-silva"],"_links":{"self":[{"href":"https:\/\/grandepremio.com\/br\/wp-json\/wp\/v2\/posts\/122939","targetHints":{"allow":["GET"]}}],"collection":[{"href":"https:\/\/grandepremio.com\/br\/wp-json\/wp\/v2\/posts"}],"about":[{"href":"https:\/\/grandepremio.com\/br\/wp-json\/wp\/v2\/types\/post"}],"replies":[{"embeddable":true,"href":"https:\/\/grandepremio.com\/br\/wp-json\/wp\/v2\/comments?post=122939"}],"version-history":[{"count":0,"href":"https:\/\/grandepremio.com\/br\/wp-json\/wp\/v2\/posts\/122939\/revisions"}],"wp:featuredmedia":[{"embeddable":true,"href":"https:\/\/grandepremio.com\/br\/wp-json\/wp\/v2\/media\/1000455901"}],"wp:attachment":[{"href":"https:\/\/grandepremio.com\/br\/wp-json\/wp\/v2\/media?parent=122939"}],"wp:term":[{"taxonomy":"category","embeddable":true,"href":"https:\/\/grandepremio.com\/br\/wp-json\/wp\/v2\/categories?post=122939"},{"taxonomy":"post_tag","embeddable":true,"href":"https:\/\/grandepremio.com\/br\/wp-json\/wp\/v2\/tags?post=122939"},{"taxonomy":"42wp_author","embeddable":true,"href":"https:\/\/grandepremio.com\/br\/wp-json\/wp\/v2\/42wp_author?post=122939"}],"curies":[{"name":"wp","href":"https:\/\/api.w.org\/{rel}","templated":true}]}}