{"id":122941,"date":"2021-03-14T03:00:00","date_gmt":"2021-03-14T06:00:00","guid":{"rendered":"https:\/\/grandepremio.com\/br\/noticias\/formula-1-tem-ultimo-teste-com-temperaturas-amenas-e-menos-vento-em-sakhir\/"},"modified":"2021-03-14T02:38:11","modified_gmt":"2021-03-14T05:38:11","slug":"formula-1-tem-ultimo-teste-com-temperaturas-amenas-e-menos-vento-em-sakhir","status":"publish","type":"post","link":"https:\/\/grandepremio.com\/br\/f1\/formula-1-tem-ultimo-teste-com-temperaturas-amenas-e-menos-vento-em-sakhir\/","title":{"rendered":"F1 tem \u00faltimo dia de teste com temperaturas amenas e menos vento em Sakhir"},"content":{"rendered":"\n<figure class=\"wp-block-video\"><video class=\"video-js vjs-big-play-centered\" data-gp-vjs=\"1\" controls src=\"https:\/\/www.grandepremio.com\/br\/wp-content\/uploads\/2021\/03\/2021-03-12_F1_testes_Bahrein_dia2_geral_comp.mp4\"><\/video><figcaption>Os melhores momentos do segundo dia de pr\u00e9-temporada da F\u00f3rmula 1 no Bahrein (V\u00eddeo: F\u00f3rmula 1)<\/figcaption><\/figure>\n\n\n\n<p class=\"wp-block-paragraph\">Mesmo em pleno inverno no Hemisf\u00e9rio Norte, o Bahrein abriu a pr\u00e9-temporada da F\u00f3rmula 1, <a href=\"https:\/\/www.grandepremio.com\/br\/f1\/noticias\/bahrein-abre-pre-temporada-da-formula-1-com-sexta-feira-de-calor-e-muito-vento\/\">na \u00faltima sexta-feira, com muito calor e temperatura ambiente acima dos 30\u00baC, al\u00e9m de ventos fortes, que resultaram at\u00e9 em uma tempestade de areia<\/a>. Mas o cen\u00e1rio clim\u00e1tico \u00e9 bem mais brando neste domingo (14) que marca o desfecho da curta sess\u00e3o de testes antes da abertura do campeonato.<\/p>\n\n\n\n<p class=\"wp-block-paragraph\">Segundo o site especializado Weather Channel, o circuito de Sakhir, pr\u00f3ximo \u00e0 capital do Bahrein, Manama, vai registrar uma temperatura ambiente m\u00e1xima de 23\u00baC. O sol vai se fazer presente durante praticamente toda a sess\u00e3o, exce\u00e7\u00e3o feita \u00e0s \u00faltimas horas dos testes neste domingo, com o anoitecer previsto para 18h locais (12h de Bras\u00edlia).<\/p>\n\n\n\n<figure class=\"wp-block-image size-large\"><img decoding=\"async\" src=\"https:\/\/www.grandepremio.com\/br\/wp-content\/uploads\/2021\/03\/haas-nikitamazepin-03-1024x683.jpg\" alt=\"\" class=\"wp-image-455723\"\/><figcaption>Temperaturas amenas e ventos menos fortes: assim vai ser o domingo de testes da F1 em Sakhir (Foto: Haas)<\/figcaption><\/figure>\n\n\n\n<p class=\"wp-block-paragraph\"><strong>Conhe\u00e7a o canal do Grande Pr\u00eamio no YouTube! Clique\u00a0<a rel=\"noreferrer noopener\" href=\"https:\/\/youtube.com\/GrandePremioTV\" target=\"_blank\">aqui<\/a>.<br>Siga o Grande Pr\u00eamio no\u00a0<a rel=\"noreferrer noopener\" href=\"https:\/\/twitter.com\/grandepremio\" target=\"_blank\">Twitter\u00a0<\/a>e no\u00a0<a rel=\"noreferrer noopener\" href=\"https:\/\/instagram.com\/grandepremio\" target=\"_blank\">Instagram<\/a>!<\/strong><\/p>\n\n\n\n<p class=\"wp-block-paragraph\">No come\u00e7o do domingo, a umidade relativa do ar vai ficar em cerca de 38%, percentual que vai se elevar ao longo do dia at\u00e9 alcan\u00e7ar 53% ao fim dos trabalhos, \u00e0s 19h locais.<\/p>\n\n\n\n<p class=\"wp-block-paragraph\">J\u00e1 a velocidade dos ventos, depois de a sexta-feira ter registrado n\u00fameros acima dos 30 km\/h, tamb\u00e9m vai ser mais branda neste \u00faltimo dia de pr\u00e9-temporada da F\u00f3rmula 1. A previs\u00e3o, na abertura dos trabalhos nesta manh\u00e3, \u00e9 de 27 km\/h, soprando na dire\u00e7\u00e3o Noroeste, mas os n\u00fameros v\u00e3o cair de forma consider\u00e1vel at\u00e9 alcan\u00e7ar 16 km\/h no fim do dia.<\/p>\n\n\n\n<p class=\"wp-block-paragraph\">O terceiro e \u00faltimo dia de pr\u00e9-temporada tem in\u00edcio dos trabalhos marcado para 4h (de Bras\u00edlia, 9h pelo hor\u00e1rio local), e vai at\u00e9 8h, quando acontece a pausa para o almo\u00e7o. A F\u00f3rmula 1 volta a acelerar \u00e0 tarde a partir de 9h (de Bras\u00edlia) e vai at\u00e9 13h para completar a sess\u00e3o mais curta de testes de inverno dos \u00faltimos tempos.<\/p>\n\n\n\n<p class=\"wp-block-paragraph\">O <strong>GRANDE PR\u00caMIO<\/strong> traz uma cobertura pra l\u00e1 de especial dos ensaios da F\u00f3rmula 1 em Sakhir. Acompanhe toda a transmiss\u00e3o dos testes de pr\u00e9-temporada <strong><a href=\"https:\/\/www.grandepremio.com\/br\/ao-vivo\/f1\/pre-temporada-formula-1-2021-bahrein-dia-3-tempo-real\/\">AO VIVO e em TEMPO REAL<\/a><\/strong>.<\/p>\n\n\n\n<p class=\"wp-block-paragraph\">E, ao fim de cada um dos dias de teste, \u00e0s 13h (de Bras\u00edlia), vai ao ar o <strong>BRIEFING<\/strong>, programa AO VIVO na <strong>GP TV<\/strong>, o canal do <a href=\"https:\/\/www.youtube.com\/c\/GrandePremioTV\"><strong>GRANDE PR\u00caMIO<\/strong> no YouTube<\/a>, com Victor Martins, Evelyn Guimar\u00e3es e Pedro Henrique Marum presentes \u00e0 mesa virtual com o debate completo sobre a pr\u00e9-temporada da F1.<\/p>\n","protected":false},"excerpt":{"rendered":"<p>O domingo que marca o desfecho da mais curta pr\u00e9-temporada da F\u00f3rmula 1 nos \u00faltimos tempos vai ser marcado por temperaturas mais brandas, com m\u00e1xima de 23\u00baC. A velocidade dos ventos tamb\u00e9m vai estar mais abaixo em rela\u00e7\u00e3o aos \u00faltimos dias<\/p>\n","protected":false},"author":0,"featured_media":1000455734,"comment_status":"closed","ping_status":"closed","sticky":false,"template":"","format":"standard","meta":{"42wp_featured_image_caption":"","42wp_featured_image_credits":"","42wp_featured_video":"","42wp_featured_image_hidden":false,"42wp_authors_list":[],"footnotes":""},"categories":[2],"tags":[1667,147,156,24837,25536,24836,25297,1756],"42wp_author":[47110],"class_list":["post-122941","post","type-post","status-publish","format-standard","has-post-thumbnail","hentry","category-f1","tag-bahrein","tag-f1","tag-f1-2021","tag-formula-1-2","tag-formula-1-2021-2","tag-grande-premio-2","tag-pre-temporada-2","tag-sakhir","42wp_author-fernando-silva"],"_links":{"self":[{"href":"https:\/\/grandepremio.com\/br\/wp-json\/wp\/v2\/posts\/122941","targetHints":{"allow":["GET"]}}],"collection":[{"href":"https:\/\/grandepremio.com\/br\/wp-json\/wp\/v2\/posts"}],"about":[{"href":"https:\/\/grandepremio.com\/br\/wp-json\/wp\/v2\/types\/post"}],"replies":[{"embeddable":true,"href":"https:\/\/grandepremio.com\/br\/wp-json\/wp\/v2\/comments?post=122941"}],"version-history":[{"count":0,"href":"https:\/\/grandepremio.com\/br\/wp-json\/wp\/v2\/posts\/122941\/revisions"}],"wp:featuredmedia":[{"embeddable":true,"href":"https:\/\/grandepremio.com\/br\/wp-json\/wp\/v2\/media\/1000455734"}],"wp:attachment":[{"href":"https:\/\/grandepremio.com\/br\/wp-json\/wp\/v2\/media?parent=122941"}],"wp:term":[{"taxonomy":"category","embeddable":true,"href":"https:\/\/grandepremio.com\/br\/wp-json\/wp\/v2\/categories?post=122941"},{"taxonomy":"post_tag","embeddable":true,"href":"https:\/\/grandepremio.com\/br\/wp-json\/wp\/v2\/tags?post=122941"},{"taxonomy":"42wp_author","embeddable":true,"href":"https:\/\/grandepremio.com\/br\/wp-json\/wp\/v2\/42wp_author?post=122941"}],"curies":[{"name":"wp","href":"https:\/\/api.w.org\/{rel}","templated":true}]}}