{"id":122946,"date":"2021-03-13T16:10:10","date_gmt":"2021-03-13T19:10:10","guid":{"rendered":"https:\/\/grandepremio.com\/br\/noticias\/band-classificacao-gp-bahrein-tv-aberta-vt-bandsports\/"},"modified":"2021-03-16T12:36:14","modified_gmt":"2021-03-16T15:36:14","slug":"band-classificacao-gp-bahrein-tv-aberta-vt-bandsports","status":"publish","type":"post","link":"https:\/\/grandepremio.com\/br\/f1\/band-classificacao-gp-bahrein-tv-aberta-vt-bandsports\/","title":{"rendered":"Band anuncia classifica\u00e7\u00e3o do GP do Bahrein na TV aberta e VT no BandSports"},"content":{"rendered":"\n<figure class=\"wp-block-video\"><video class=\"video-js vjs-big-play-centered\" data-gp-vjs=\"1\" controls src=\"https:\/\/www.grandepremio.com\/br\/wp-content\/uploads\/2021\/03\/2021-03-12_F1_testes_Bahrein_dia2_geral_comp.mp4\"><\/video><figcaption>Hamilton atolado na brita, Alonso de volta e Bottas na frente: assista o dia 2 no Bahrein <\/figcaption><\/figure>\n\n\n\n<p class=\"wp-block-paragraph\">Em sua primeira corrida ap\u00f3s adquirir os direitos de transmiss\u00e3o da F\u00f3rmula 1, a Band anunciou uma novidade. De forma excepcional, a emissora vai transmitir o treino classificat\u00f3rio do GP do Bahrein, que acontece no s\u00e1bado, dia 27.<\/p>\n\n\n\n<p class=\"wp-block-paragraph\">Ap\u00f3s se valer da desist\u00eancia da Globo, que deixa de transmitir o Mundial ap\u00f3s 41 anos, a Band entrou na cena e adquiriu os direitos, prometendo transmitir todas as corridas do campeonato em TV aberta, mas colocando os treinos livres e o classificat\u00f3rio no canal fechado BandSports, assim como as provas da F\u00f3rmula 2 e F\u00f3rmula 3, categorias de suporte da F1. A tend\u00eancia deve ser seguida ao longo da temporada, com a exce\u00e7\u00e3o do Bahrein.<\/p>\n\n\n\n<p class=\"wp-block-paragraph\">A Band tamb\u00e9m confirmou que, al\u00e9m do treino classificat\u00f3rio, a corrida ser\u00e1 reapresentada em VT no BandSports a partir das 21h (de Bras\u00edlia).<\/p>\n\n\n\n<p class=\"wp-block-paragraph\"><strong>Conhe\u00e7a o canal do Grande Pr\u00eamio no YouTube! Clique&nbsp;<a rel=\"noreferrer noopener\" href=\"https:\/\/youtube.com\/GrandePremioTV\" target=\"_blank\">aqui<\/a>.<br>Siga o Grande Pr\u00eamio no&nbsp;<a rel=\"noreferrer noopener\" href=\"https:\/\/twitter.com\/grandepremio\" target=\"_blank\">Twitter&nbsp;<\/a>e no&nbsp;<a rel=\"noreferrer noopener\" href=\"https:\/\/instagram.com\/grandepremio\" target=\"_blank\">Instagram<\/a>!<\/strong><br><strong><a href=\"https:\/\/www.grandepremio.com\/br\/web-stories\/f1\/formula-1-2021-tudo-sobre-os-lancamentos-dos-carros\/\">WEB STORIES: Tudo sobre os lan\u00e7amentos dos carros da&nbsp;<\/a><a href=\"https:\/\/www.grandepremio.com\/br\/f1\/\" target=\"_blank\" rel=\"noreferrer noopener\">F1&nbsp;<\/a>2021<\/strong><\/p>\n\n\n\n<figure class=\"wp-block-image size-large\"><img decoding=\"async\" src=\"https:\/\/www.grandepremio.com\/br\/wp-content\/uploads\/2020\/11\/0-Capa-5-1024x682.jpg\" alt=\"\" class=\"wp-image-439334\"\/><figcaption>GP do Bahrein ter\u00e1 transmiss\u00e3o ao vivo e em VT (Foto: AFP)<\/figcaption><\/figure>\n\n\n\n<p class=\"wp-block-paragraph\">Como parte do pacote de transmiss\u00e3o da F\u00f3rmula 1, a Band trouxe o narrador S\u00e9rgio Maur\u00edcio, os comentaristas Felipe Giaffone e Max Wilson &#8211; que se juntam a Reginaldo Leme, que chegou antes da compra dos direitos &#8211; e a rep\u00f3rter Mariana Becker. Todos do Grupo Globo.<\/p>\n\n\n\n<p class=\"wp-block-paragraph\">A oportunidade da Band de adquirir os direitos do Mundial surgiu ap\u00f3s desist\u00eancia da Globo. A televis\u00e3o carioca n\u00e3o chegou a acordo com a F\u00f3rmula 1 e optou por encerrar v\u00ednculo de longa data. A ida da principal categoria do automobilismo para a emissora paulista \u00e9 mais um sinal de uma guinada: s\u00e3o agora quatro certames no mesmo canal, incluindo tamb\u00e9m Stock Car, Copa Truck e Porsche Cup.<\/p>\n\n\n\n<p class=\"wp-block-paragraph\">O&nbsp;<strong>GRANDE PR\u00caMIO<\/strong>&nbsp;traz uma cobertura pra l\u00e1 de especial da pr\u00e9-temporada da F\u00f3rmula 1. Acompanhe a&nbsp;<a href=\"https:\/\/www.grandepremio.com\/br\/ao-vivo\/f1\/pre-temporada-formula-1-2021-tempo-real-ao-vivo\/\" target=\"_blank\" rel=\"noreferrer noopener\">transmiss\u00e3o dos testes AO VIVO e em TEMPO REAL<\/a>.<\/p>\n\n\n\n<p class=\"wp-block-paragraph\">E, ao fim de cada um dos dias de teste, vai ao ar o&nbsp;<strong>BRIEFING<\/strong>, programa AO VIVO<a href=\"https:\/\/www.youtube.com\/channel\/UC9OlHEgxoaY6QY6nWPoiqQg\">&nbsp;na GP TV<\/a>, o canal do&nbsp;<strong>GRANDE PR\u00caMIO<\/strong>&nbsp;no YouTube, com Victor Martins, Evelyn Guimar\u00e3es e Pedro Henrique Marum presentes \u00e0 mesa virtual com o debate completo sobre a pr\u00e9-temporada da F\u00f3rmula 1.<\/p>\n\n\n\n<figure class=\"wp-block-embed is-type-video is-provider-youtube wp-block-embed-youtube wp-embed-aspect-16-9 wp-has-aspect-ratio\"><div class=\"wp-block-embed__wrapper\">\n<iframe loading=\"lazy\" title=\"GLOBO CAGOU PRODUTO F1 E BAND TER\u00c1 TEMPO E REGINALDO LEME, DIZ FLAVIO GOMES | GP \u00e0s 10\" width=\"500\" height=\"281\" src=\"https:\/\/www.youtube.com\/embed\/cscrQjXSuT8?start=4&amp;feature=oembed\" frameborder=\"0\" allow=\"accelerometer; autoplay; clipboard-write; encrypted-media; gyroscope; picture-in-picture; web-share\" referrerpolicy=\"strict-origin-when-cross-origin\" allowfullscreen><\/iframe>\n<\/div><\/figure>\n","protected":false},"excerpt":{"rendered":"<p>Buscando impulsionar estreia, Band confirma treino de classifica\u00e7\u00e3o do GP do Bahrein na TV aberta e reapresenta\u00e7\u00e3o da corrida no domingo<\/p>\n","protected":false},"author":0,"featured_media":1000453261,"comment_status":"closed","ping_status":"closed","sticky":false,"template":"","format":"standard","meta":{"42wp_featured_image_caption":"","42wp_featured_image_credits":"","42wp_featured_video":"","42wp_featured_image_hidden":false,"42wp_authors_list":[],"footnotes":""},"categories":[2],"tags":[1280,147,156,24837,1754,25286],"42wp_author":[47119],"class_list":["post-122946","post","type-post","status-publish","format-standard","has-post-thumbnail","hentry","category-f1","tag-band","tag-f1","tag-f1-2021","tag-formula-1-2","tag-gp-do-bahrein","tag-transmissao","42wp_author-gabriel-carvalho"],"_links":{"self":[{"href":"https:\/\/grandepremio.com\/br\/wp-json\/wp\/v2\/posts\/122946","targetHints":{"allow":["GET"]}}],"collection":[{"href":"https:\/\/grandepremio.com\/br\/wp-json\/wp\/v2\/posts"}],"about":[{"href":"https:\/\/grandepremio.com\/br\/wp-json\/wp\/v2\/types\/post"}],"replies":[{"embeddable":true,"href":"https:\/\/grandepremio.com\/br\/wp-json\/wp\/v2\/comments?post=122946"}],"version-history":[{"count":0,"href":"https:\/\/grandepremio.com\/br\/wp-json\/wp\/v2\/posts\/122946\/revisions"}],"wp:featuredmedia":[{"embeddable":true,"href":"https:\/\/grandepremio.com\/br\/wp-json\/wp\/v2\/media\/1000453261"}],"wp:attachment":[{"href":"https:\/\/grandepremio.com\/br\/wp-json\/wp\/v2\/media?parent=122946"}],"wp:term":[{"taxonomy":"category","embeddable":true,"href":"https:\/\/grandepremio.com\/br\/wp-json\/wp\/v2\/categories?post=122946"},{"taxonomy":"post_tag","embeddable":true,"href":"https:\/\/grandepremio.com\/br\/wp-json\/wp\/v2\/tags?post=122946"},{"taxonomy":"42wp_author","embeddable":true,"href":"https:\/\/grandepremio.com\/br\/wp-json\/wp\/v2\/42wp_author?post=122946"}],"curies":[{"name":"wp","href":"https:\/\/api.w.org\/{rel}","templated":true}]}}