{"id":122948,"date":"2021-03-13T15:06:32","date_gmt":"2021-03-13T18:06:32","guid":{"rendered":"https:\/\/grandepremio.com\/br\/noticias\/fernando-alonso-estrategia-pneus-pre-temporada-egulamento\/"},"modified":"2021-03-13T15:06:42","modified_gmt":"2021-03-13T18:06:42","slug":"fernando-alonso-estrategia-pneus-pre-temporada-egulamento","status":"publish","type":"post","link":"https:\/\/grandepremio.com\/br\/f1\/fernando-alonso-estrategia-pneus-pre-temporada-egulamento\/","title":{"rendered":"Alonso explica estrat\u00e9gia de pneus na pr\u00e9-temporada e foca em entender regulamento"},"content":{"rendered":"\n<figure class=\"wp-block-video\"><video class=\"video-js vjs-big-play-centered\" data-gp-vjs=\"1\" controls src=\"https:\/\/www.grandepremio.com\/br\/wp-content\/uploads\/2021\/03\/AlonsoAlpine.mp4\"><\/video><figcaption>Fernando Alonso enfim estreou a bordo do carro da Alpine em 2021 (V\u00eddeo: Alpine\/Twitter)<\/figcaption><\/figure>\n\n\n\n<p class=\"wp-block-paragraph\">Fernando Alonso estreou pela Alpine neste s\u00e1bado (13), no segundo dia de testes de p\u00f3s-temporada da F\u00f3rmula 1 no Bahrein. O piloto ocupou o carro do time franc\u00eas durante as oito horas de atividade, completando 127 voltas no total. Tamb\u00e9m foi a primeira vez que o bicampe\u00e3o mundial guiou desde o atropelamento sofrido enquanto andava de bicicleta, um m\u00eas atr\u00e1s.<\/p>\n\n\n\n<p class=\"wp-block-paragraph\">Apesar do 10\u00ba lugar no geral, Alonso foi o segundo colocado entre os pilotos que deram a volta mais r\u00e1pida da sess\u00e3o com o composto de pneu C1, a gama mais dura entre as cinco disponibilizadas pela Pirelli. Apenas Sergio P\u00e9rez, da Red Bull, o superou. Fernando demonstrou confian\u00e7a com o n\u00edvel e a durabilidade do carro, apesar de entender que ainda h\u00e1 margem para melhorar.<\/p>\n\n\n\n<p class=\"wp-block-paragraph\">&#8220;O carro est\u00e1 bom. Acho que ainda precisamos entender um pouco das caracter\u00edsticas do novo pacote aerodin\u00e2mico e das regras de 2021, ent\u00e3o ainda h\u00e1 trabalho a ser feito, mas acho que estamos seguindo o programa feito dois dias atr\u00e1s, ontem com Esteban e hoje comigo&#8221;, comentou o campe\u00e3o mundial de 2005 e 2006.<\/p>\n\n\n\n<figure class=\"wp-block-image size-large\"><img decoding=\"async\" src=\"https:\/\/www.grandepremio.com\/br\/wp-content\/uploads\/2021\/03\/alpine-fernandoalonso-05-1024x683.jpg\" alt=\"\" class=\"wp-image-455805\"\/><figcaption>Fernando Alonso deu mais de 100 voltas com a Alpine (Foto: Alpine)<\/figcaption><\/figure>\n\n\n\n<p class=\"wp-block-paragraph\">No domingo, Alonso compartilhar\u00e1 o carro com o companheiro de equipe Esteban Ocon. Cada um deles fica com um turno de quatro horas. O espanhol confirmou que o planejamento \u00e9 de manter o mesmo programa dos dois primeiros dias de teste, sem utilizar pneus de gama macia.<\/p>\n\n\n\n<p class=\"wp-block-paragraph\">&#8220;Acho que a nossa escolha para o inverno foi em compostos mais duros e dar o m\u00e1ximo poss\u00edvel de voltas. Vamos ter uma classifica\u00e7\u00e3o em duas semanas, e acho que l\u00e1 ser\u00e1 o tempo de usar macios, nem penso em amanh\u00e3&#8221;, concluiu.<\/p>\n\n\n\n<p class=\"wp-block-paragraph\">O&nbsp;<strong>GRANDE PR\u00caMIO<\/strong>&nbsp;traz uma cobertura pra l\u00e1 de especial. Acompanhe a&nbsp;<a href=\"https:\/\/www.grandepremio.com\/br\/ao-vivo\/f1\/pre-temporada-formula-1-2021-tempo-real-ao-vivo\/\" target=\"_blank\" rel=\"noreferrer noopener\">transmiss\u00e3o dos testes de pr\u00e9-temporada AO VIVO e em TEMPO REAL<\/a>.<\/p>\n\n\n\n<p class=\"wp-block-paragraph\">E, ao fim de cada um dos dias de teste, vai ao ar o\u00a0<strong>BRIEFING<\/strong>, programa AO VIVO<a href=\"https:\/\/www.youtube.com\/channel\/UC9OlHEgxoaY6QY6nWPoiqQg\">\u00a0na GP TV<\/a>, o canal do\u00a0<strong>GRANDE PR\u00caMIO<\/strong>\u00a0no YouTube, com Victor Martins, Evelyn Guimar\u00e3es e Pedro Henrique Marum presentes \u00e0 mesa virtual com o debate completo sobre a pr\u00e9-temporada da F\u00f3rmula 1.<\/p>\n\n\n\n<figure class=\"wp-block-embed is-type-video is-provider-youtube wp-block-embed-youtube wp-embed-aspect-16-9 wp-has-aspect-ratio\"><div class=\"wp-block-embed__wrapper\">\n<iframe loading=\"lazy\" title=\"F1 2021: COMO FOI O SEGUNDO DIA DA PR\u00c9-TEMPORADA NO BAHREIN | Briefing\" width=\"500\" height=\"281\" src=\"https:\/\/www.youtube.com\/embed\/E7_-G35eDR0?feature=oembed\" frameborder=\"0\" allow=\"accelerometer; autoplay; clipboard-write; encrypted-media; gyroscope; picture-in-picture; web-share\" referrerpolicy=\"strict-origin-when-cross-origin\" allowfullscreen><\/iframe>\n<\/div><\/figure>\n","protected":false},"excerpt":{"rendered":"<p>Fernando Alonso gostou do desempenho da Alpine em seu primeiro stint na pr\u00e9-temporada da F\u00f3rmula 1. Espanhol prega foco por entender aerodin\u00e2mica do carro e novo regulamento da categoria<\/p>\n","protected":false},"author":0,"featured_media":1000455588,"comment_status":"closed","ping_status":"closed","sticky":false,"template":"","format":"standard","meta":{"42wp_featured_image_caption":"","42wp_featured_image_credits":"","42wp_featured_video":"","42wp_featured_image_hidden":false,"42wp_authors_list":[],"footnotes":""},"categories":[2],"tags":[20491,1667,147,156,176,25536,25297],"42wp_author":[47119],"class_list":["post-122948","post","type-post","status-publish","format-standard","has-post-thumbnail","hentry","category-f1","tag-alpine","tag-bahrein","tag-f1","tag-f1-2021","tag-fernando-alonso","tag-formula-1-2021-2","tag-pre-temporada-2","42wp_author-gabriel-carvalho"],"_links":{"self":[{"href":"https:\/\/grandepremio.com\/br\/wp-json\/wp\/v2\/posts\/122948","targetHints":{"allow":["GET"]}}],"collection":[{"href":"https:\/\/grandepremio.com\/br\/wp-json\/wp\/v2\/posts"}],"about":[{"href":"https:\/\/grandepremio.com\/br\/wp-json\/wp\/v2\/types\/post"}],"replies":[{"embeddable":true,"href":"https:\/\/grandepremio.com\/br\/wp-json\/wp\/v2\/comments?post=122948"}],"version-history":[{"count":0,"href":"https:\/\/grandepremio.com\/br\/wp-json\/wp\/v2\/posts\/122948\/revisions"}],"wp:featuredmedia":[{"embeddable":true,"href":"https:\/\/grandepremio.com\/br\/wp-json\/wp\/v2\/media\/1000455588"}],"wp:attachment":[{"href":"https:\/\/grandepremio.com\/br\/wp-json\/wp\/v2\/media?parent=122948"}],"wp:term":[{"taxonomy":"category","embeddable":true,"href":"https:\/\/grandepremio.com\/br\/wp-json\/wp\/v2\/categories?post=122948"},{"taxonomy":"post_tag","embeddable":true,"href":"https:\/\/grandepremio.com\/br\/wp-json\/wp\/v2\/tags?post=122948"},{"taxonomy":"42wp_author","embeddable":true,"href":"https:\/\/grandepremio.com\/br\/wp-json\/wp\/v2\/42wp_author?post=122948"}],"curies":[{"name":"wp","href":"https:\/\/api.w.org\/{rel}","templated":true}]}}