{"id":122957,"date":"2021-03-13T06:34:12","date_gmt":"2021-03-13T09:34:12","guid":{"rendered":"https:\/\/grandepremio.com\/br\/noticias\/lewis-hamilton-roda-provoca-bandeira-vermelha-dia-2-teste-f1-bahrein\/"},"modified":"2021-03-13T07:02:50","modified_gmt":"2021-03-13T10:02:50","slug":"lewis-hamilton-roda-provoca-bandeira-vermelha-dia-2-teste-f1-bahrein","status":"publish","type":"post","link":"https:\/\/grandepremio.com\/br\/f1\/lewis-hamilton-roda-provoca-bandeira-vermelha-dia-2-teste-f1-bahrein\/","title":{"rendered":"Hamilton roda e provoca bandeira vermelha na manh\u00e3 do dia 2 dos testes no Bahrein"},"content":{"rendered":"\n<figure class=\"wp-block-video\"><video class=\"video-js vjs-big-play-centered\" data-gp-vjs=\"1\" controls src=\"https:\/\/www.grandepremio.com\/br\/wp-content\/uploads\/2021\/03\/HamiltonrodaSakhir.mp4\"><\/video><figcaption>Lewis Hamilton escapou na curva 13 e causou bandeira vermelha no dia 2 de teste da F1 no Bahrein<\/figcaption><\/figure>\n\n\n\n<p class=\"wp-block-paragraph\">O heptacampe\u00e3o mundial Lewis Hamilton foi o respons\u00e1vel por provocar a primeira bandeira vermelha do segundo dia de testes de pr\u00e9-temporada da F\u00f3rmula 1, no Bahrein. Com mais da metade de atividade completada, o piloto da Mercedes rodou na curva 13 e ficou atolado na caixa de brita, for\u00e7ando a paralisa\u00e7\u00e3o da sess\u00e3o.<\/p>\n\n\n\n<p class=\"wp-block-paragraph\">Antes de rodar, Hamilton ocupava a sexta posi\u00e7\u00e3o na classifica\u00e7\u00e3o do teste, com 35 voltas completadas. A Mercedes <a href=\"https:\/\/www.grandepremio.com\/br\/f1\/noticias\/mercedes-admite-pessimo-comeco-temporada-na-formula-1-e-aponta-falta-de-equilibrio-w12\/\">sofre com problemas pelo segundo dia consecutivo na pr\u00e9-temporada<\/a>, j\u00e1 que uma quebra de c\u00e2mbio na \u00faltima sexta-feira for\u00e7ou Valtteri Bottas a ter apenas 6 giros completados na parte da manh\u00e3 da sess\u00e3o.<\/p>\n\n\n\n<figure class=\"wp-block-image size-large\"><img decoding=\"async\" src=\"https:\/\/www.grandepremio.com\/br\/wp-content\/uploads\/2021\/03\/EwWVQ8DXEAM_Q1Y-1024x576.jpg\" alt=\"LEWIS HAMILTON; SAKHIR; PR\u00c9-TEMPORADA; DIA 2; F\u00d3RMULA 1;\" class=\"wp-image-455618\"\/><figcaption>Lewis Hamilton vai parar na brita da curva 13 depois de rodar nesta manh\u00e3 de s\u00e1bado (Foto: F1\/Twitter)<\/figcaption><\/figure>\n\n\n\n<p class=\"wp-block-paragraph\">Fiscais ajudaram a Mercedes a recolher o carro at\u00e9 a garagem. Valtteri Bottas \u00e9 esperado para guiar o W12 na tarde de testes do Bahrein, prevista para come\u00e7ar \u00e0s 15h no hor\u00e1rio local (9h em Bras\u00edlia). Hamilton est\u00e1 programado para guiar novamente apenas no domingo, na atividade que encerra a pr\u00e9-temporada da F\u00f3rmula 1.<\/p>\n\n\n\n<p class=\"wp-block-paragraph\">O&nbsp;<strong>GRANDE PR\u00caMIO<\/strong>&nbsp;traz uma cobertura pra l\u00e1 de especial. Acompanhe a&nbsp;<a href=\"https:\/\/www.grandepremio.com\/br\/ao-vivo\/f1\/pre-temporada-formula-1-2021-tempo-real-ao-vivo\/\" target=\"_blank\" rel=\"noreferrer noopener\">transmiss\u00e3o dos testes de pr\u00e9-temporada AO VIVO e em TEMPO REAL<\/a>.<\/p>\n\n\n\n<p class=\"wp-block-paragraph\">E, ao fim de cada um dos dias de teste, vai ao ar o&nbsp;<strong>BRIEFING<\/strong>, programa AO VIVO<a href=\"https:\/\/www.youtube.com\/channel\/UC9OlHEgxoaY6QY6nWPoiqQg\">&nbsp;na GP TV<\/a>, o canal do&nbsp;<strong>GRANDE PR\u00caMIO<\/strong>&nbsp;no YouTube, com Victor Martins, Evelyn Guimar\u00e3es e Pedro Henrique Marum presentes \u00e0 mesa virtual com o debate completo sobre a pr\u00e9-temporada da F\u00f3rmula 1.<\/p>\n\n\n\n<figure class=\"wp-block-embed is-type-video is-provider-youtube wp-block-embed-youtube wp-embed-aspect-16-9 wp-has-aspect-ratio\"><div class=\"wp-block-embed__wrapper\">\n<iframe loading=\"lazy\" title=\"REVELA\u00c7\u00d5ES DE MERCEDES E RED BULL E VOLTA DE ALONSO: TESTES DA F1 PROMETEM | GP \u00c0S 10\" width=\"500\" height=\"281\" src=\"https:\/\/www.youtube.com\/embed\/6rYXnkUcUFs?feature=oembed\" frameborder=\"0\" allow=\"accelerometer; autoplay; clipboard-write; encrypted-media; gyroscope; picture-in-picture; web-share\" referrerpolicy=\"strict-origin-when-cross-origin\" allowfullscreen><\/iframe>\n<\/div><\/figure>\n","protected":false},"excerpt":{"rendered":"<p>Com 35 voltas completadas na manh\u00e3 de s\u00e1bado, Lewis Hamilton perdeu o controle da Mercedes e ficou atolado na caixa de brita, for\u00e7ando a paralisa\u00e7\u00e3o do teste de pr\u00e9-temporada da F\u00f3rmula 1 no Bahrein<\/p>\n","protected":false},"author":0,"featured_media":1000455617,"comment_status":"closed","ping_status":"closed","sticky":false,"template":"","format":"standard","meta":{"42wp_featured_image_caption":"","42wp_featured_image_credits":"","42wp_featured_video":"","42wp_featured_image_hidden":false,"42wp_authors_list":[],"footnotes":""},"categories":[2],"tags":[1667,147,156,24837,87,82,25297,27193],"42wp_author":[47119],"class_list":["post-122957","post","type-post","status-publish","format-standard","has-post-thumbnail","hentry","category-f1","tag-bahrein","tag-f1","tag-f1-2021","tag-formula-1-2","tag-lewis-hamilton","tag-mercedes","tag-pre-temporada-2","tag-w12","42wp_author-gabriel-carvalho"],"_links":{"self":[{"href":"https:\/\/grandepremio.com\/br\/wp-json\/wp\/v2\/posts\/122957","targetHints":{"allow":["GET"]}}],"collection":[{"href":"https:\/\/grandepremio.com\/br\/wp-json\/wp\/v2\/posts"}],"about":[{"href":"https:\/\/grandepremio.com\/br\/wp-json\/wp\/v2\/types\/post"}],"replies":[{"embeddable":true,"href":"https:\/\/grandepremio.com\/br\/wp-json\/wp\/v2\/comments?post=122957"}],"version-history":[{"count":0,"href":"https:\/\/grandepremio.com\/br\/wp-json\/wp\/v2\/posts\/122957\/revisions"}],"wp:featuredmedia":[{"embeddable":true,"href":"https:\/\/grandepremio.com\/br\/wp-json\/wp\/v2\/media\/1000455617"}],"wp:attachment":[{"href":"https:\/\/grandepremio.com\/br\/wp-json\/wp\/v2\/media?parent=122957"}],"wp:term":[{"taxonomy":"category","embeddable":true,"href":"https:\/\/grandepremio.com\/br\/wp-json\/wp\/v2\/categories?post=122957"},{"taxonomy":"post_tag","embeddable":true,"href":"https:\/\/grandepremio.com\/br\/wp-json\/wp\/v2\/tags?post=122957"},{"taxonomy":"42wp_author","embeddable":true,"href":"https:\/\/grandepremio.com\/br\/wp-json\/wp\/v2\/42wp_author?post=122957"}],"curies":[{"name":"wp","href":"https:\/\/api.w.org\/{rel}","templated":true}]}}