{"id":122969,"date":"2021-03-12T15:50:30","date_gmt":"2021-03-12T18:50:30","guid":{"rendered":"https:\/\/grandepremio.com\/br\/noticias\/charles-leclerc-revela-problema-ferrari-anomalia-combustao\/"},"modified":"2021-03-12T15:50:37","modified_gmt":"2021-03-12T18:50:37","slug":"charles-leclerc-revela-problema-ferrari-anomalia-combustao","status":"publish","type":"post","link":"https:\/\/grandepremio.com\/br\/f1\/charles-leclerc-revela-problema-ferrari-anomalia-combustao\/","title":{"rendered":"Leclerc revela que problema da Ferrari foi &#8220;anomalia na combust\u00e3o&#8221;, mas aprova dia"},"content":{"rendered":"\n<figure class=\"wp-block-video\"><video class=\"video-js vjs-big-play-centered\" data-gp-vjs=\"1\" controls src=\"https:\/\/www.grandepremio.com\/br\/wp-content\/uploads\/2021\/03\/2021-03-12_F1_Bahrein_testes_Leclerc_problema.mp4\"><\/video><figcaption>Charles Leclerc enfrenta dificuldades no primeiro dia de testes da F1 no Bahrein<\/figcaption><\/figure>\n\n\n\n<p class=\"wp-block-paragraph\">O respons\u00e1vel por guiar a Ferrari na parte da manh\u00e3 desta sexta-feira (12), <a href=\"https:\/\/www.grandepremio.com\/br\/f1\/noticias\/max-verstappen-abre-pre-temporada-lideranca-dia-sacudir-poeira-bahrein\/\">primeiro dia de testes coletivos de pr\u00e9-temporada<\/a> da F\u00f3rmula 1, realizado no Bahrein, foi Charles Leclerc. Apesar da SF21 <a href=\"https:\/\/www.grandepremio.com\/br\/f1\/noticias\/charles-leclerc-problemas-ferrari-primeira-bandeira-vermelha-bahrein\/\">ter dado problema nos instantes finais da manh\u00e3<\/a> e causado bandeira vermelha, o monegasco se animou com a estreia em 2021.<\/p>\n\n\n\n<p class=\"wp-block-paragraph\"><strong>Conhe\u00e7a o canal do Grande Pr\u00eamio no YouTube! Clique\u00a0<a rel=\"noreferrer noopener\" href=\"https:\/\/youtube.com\/GrandePremioTV\" target=\"_blank\">aqui<\/a>.<br>Siga o Grande Pr\u00eamio no\u00a0<a rel=\"noreferrer noopener\" href=\"https:\/\/twitter.com\/grandepremio\" target=\"_blank\">Twitter\u00a0<\/a>e no\u00a0<a rel=\"noreferrer noopener\" href=\"https:\/\/instagram.com\/grandepremio\" target=\"_blank\">Instagram<\/a>!<\/strong><br><strong><a href=\"https:\/\/www.grandepremio.com\/br\/web-stories\/f1\/formula-1-2021-tudo-sobre-os-lancamentos-dos-carros\/\">WEB STORIES: Tudo sobre os lan\u00e7amentos dos carros da\u00a0<\/a><a href=\"https:\/\/www.grandepremio.com\/br\/f1\/\" target=\"_blank\" rel=\"noreferrer noopener\">F1\u00a0<\/a>2021<\/strong><\/p>\n\n\n\n<p class=\"wp-block-paragraph\">Segundo Leclerc, o problema que fez a Ferrari parar foi um defeito no motor de combust\u00e3o interno. Mesmo com isso, Carlos Sainz p\u00f4de pegar o carro para si na parte da tarde e dar mais algumas voltas. Ao todo, a Ferrari deu 116 giros.<\/p>\n\n\n\n<p class=\"wp-block-paragraph\">&#8220;Tivemos uma pequena anomalia na combust\u00e3o e, por isso, paramos o carro. Por sorte, foi s\u00f3 10 minutos antes do fim da sess\u00e3o. N\u00e3o custou muito tempo de pista. Foi um dia bom&#8221;, afirmou.<\/p>\n\n\n\n<p class=\"wp-block-paragraph\">&#8220;Mesmo com as condi\u00e7\u00f5es dif\u00edceis, pista quente e escorregadia, vento. Ao final fizemos boas correla\u00e7\u00f5es entre dados obtidos no simulador e na pista, algo bom. O sentimento, por enquanto, \u00e9 bom.&#8221;<\/p>\n\n\n\n<figure class=\"wp-block-image size-large\"><img decoding=\"async\" src=\"https:\/\/www.grandepremio.com\/br\/wp-content\/uploads\/2021\/03\/Leclerc_Sakhir_2-1024x576.png\" alt=\"\" class=\"wp-image-455169\"\/><figcaption>Leclerc tem problemas e para o carro na curva 4 (Foto: Reprodu\u00e7\u00e3o)<\/figcaption><\/figure>\n\n\n\n<p class=\"wp-block-paragraph\">Sainz ficou com a quinta volta mais r\u00e1pida do dia, ao passo que Leclerc teve a 11\u00aa. Ambos tiveram quilometragem bem parecida: 59 giros para o monegasco, 57 para o espanhol.<\/p>\n\n\n\n<p class=\"wp-block-paragraph\">O&nbsp;<strong>GRANDE PR\u00caMIO<\/strong>&nbsp;traz uma cobertura pra l\u00e1 de especial dos ensaios da F\u00f3rmula 1 em&nbsp;<a href=\"https:\/\/www.grandepremio.com\/br\/etapa\/f1\/gp-do-bahrein-formula-1-2020\/\" target=\"_blank\" rel=\"noreferrer noopener\">Sakhir<\/a>.&nbsp;<a href=\"https:\/\/www.grandepremio.com\/br\/ao-vivo\/f1\/pre-temporada-formula-1-2021-tempo-real-ao-vivo\/\">Acompanhe toda a transmiss\u00e3o dos testes de pr\u00e9-temporada AO VIVO e em TEMPO REAL<\/a>.<\/p>\n\n\n\n<p class=\"wp-block-paragraph\">E, ao fim de cada um dos dias de teste, \u00e0s 13h (de Bras\u00edlia), vai ao ar o\u00a0<strong>BRIEFING<\/strong>, programa AO VIVO na GP TV, o\u00a0<a href=\"https:\/\/www.youtube.com\/c\/GrandePremioTV\/\">canal do\u00a0<strong>GRANDE PR\u00caMIO<\/strong>\u00a0no YouTube<\/a>, com Victor Martins, Evelyn Guimar\u00e3es e Pedro Henrique Marum presentes \u00e0 mesa virtual com o debate completo sobre a pr\u00e9-temporada da F\u00f3rmula 1.<\/p>\n\n\n\n<figure class=\"wp-block-embed is-type-video is-provider-youtube wp-block-embed-youtube wp-embed-aspect-16-9 wp-has-aspect-ratio\"><div class=\"wp-block-embed__wrapper\">\n<iframe loading=\"lazy\" title=\"F1 2021: COMO FOI O PRIMEIRO DIA DA PR\u00c9-TEMPORADA NO BAHREIN | Briefing\" width=\"500\" height=\"281\" src=\"https:\/\/www.youtube.com\/embed\/_l2bOs9FOOs?feature=oembed\" frameborder=\"0\" allow=\"accelerometer; autoplay; clipboard-write; encrypted-media; gyroscope; picture-in-picture; web-share\" referrerpolicy=\"strict-origin-when-cross-origin\" allowfullscreen><\/iframe>\n<\/div><\/figure>\n","protected":false},"excerpt":{"rendered":"<p>Ap\u00f3s causar bandeira vermelha que encerrou manh\u00e3 do primeiro dia de testes em Sakhir, Charles Leclerc explicou o que aconteceu na SF21<\/p>\n","protected":false},"author":0,"featured_media":1000455168,"comment_status":"closed","ping_status":"closed","sticky":false,"template":"","format":"standard","meta":{"42wp_featured_image_caption":"","42wp_featured_image_credits":"","42wp_featured_video":"","42wp_featured_image_hidden":false,"42wp_authors_list":[],"footnotes":""},"categories":[2],"tags":[209,156,207,25536,1285,1881],"42wp_author":[47120],"class_list":["post-122969","post","type-post","status-publish","format-standard","has-post-thumbnail","hentry","category-f1","tag-charles-leclerc","tag-f1-2021","tag-ferrari","tag-formula-1-2021-2","tag-formula-1-2021","tag-testes-coletivos","42wp_author-pedro-henrique-marum"],"_links":{"self":[{"href":"https:\/\/grandepremio.com\/br\/wp-json\/wp\/v2\/posts\/122969","targetHints":{"allow":["GET"]}}],"collection":[{"href":"https:\/\/grandepremio.com\/br\/wp-json\/wp\/v2\/posts"}],"about":[{"href":"https:\/\/grandepremio.com\/br\/wp-json\/wp\/v2\/types\/post"}],"replies":[{"embeddable":true,"href":"https:\/\/grandepremio.com\/br\/wp-json\/wp\/v2\/comments?post=122969"}],"version-history":[{"count":0,"href":"https:\/\/grandepremio.com\/br\/wp-json\/wp\/v2\/posts\/122969\/revisions"}],"wp:featuredmedia":[{"embeddable":true,"href":"https:\/\/grandepremio.com\/br\/wp-json\/wp\/v2\/media\/1000455168"}],"wp:attachment":[{"href":"https:\/\/grandepremio.com\/br\/wp-json\/wp\/v2\/media?parent=122969"}],"wp:term":[{"taxonomy":"category","embeddable":true,"href":"https:\/\/grandepremio.com\/br\/wp-json\/wp\/v2\/categories?post=122969"},{"taxonomy":"post_tag","embeddable":true,"href":"https:\/\/grandepremio.com\/br\/wp-json\/wp\/v2\/tags?post=122969"},{"taxonomy":"42wp_author","embeddable":true,"href":"https:\/\/grandepremio.com\/br\/wp-json\/wp\/v2\/42wp_author?post=122969"}],"curies":[{"name":"wp","href":"https:\/\/api.w.org\/{rel}","templated":true}]}}