{"id":122972,"date":"2021-03-12T14:05:00","date_gmt":"2021-03-12T17:05:00","guid":{"rendered":"https:\/\/grandepremio.com\/br\/noticias\/com-problema-no-cambio-valtteri-bottas-ve-mercedes-sem-comeco-ideal-na-pre-temporada\/"},"modified":"2021-03-12T14:10:36","modified_gmt":"2021-03-12T17:10:36","slug":"com-problema-no-cambio-valtteri-bottas-ve-mercedes-sem-comeco-ideal-na-pre-temporada","status":"publish","type":"post","link":"https:\/\/grandepremio.com\/br\/f1\/com-problema-no-cambio-valtteri-bottas-ve-mercedes-sem-comeco-ideal-na-pre-temporada\/","title":{"rendered":"Com problema no c\u00e2mbio, Bottas v\u00ea Mercedes &#8220;sem come\u00e7o ideal&#8221; na pr\u00e9-temporada"},"content":{"rendered":"\n<figure class=\"wp-block-video\"><video class=\"video-js vjs-big-play-centered\" data-gp-vjs=\"1\" controls src=\"https:\/\/www.grandepremio.com\/br\/wp-content\/uploads\/2021\/03\/2021-03-02_F1_Mercedes_W12_GPNoticias.mp4\"><\/video><\/figure>\n\n\n\n<p class=\"wp-block-paragraph\">Esta sexta-feira (12) foi dia do f\u00e3 de F\u00f3rmula 1 <strong><a href=\"https:\/\/www.grandepremio.com\/br\/f1\/noticias\/daniel-ricciardo-estreia-pela-mclaren-na-frente-em-manha-de-abertura-da-pre-temporada-da-f1\/\">matar saudades dos carros na pista<\/a><\/strong>, e de alguns pilotos tamb\u00e9m. Este at\u00e9 foi o caso de Valtteri Bottas, que estreou na pr\u00e9-temporada com a Mercedes &#8211; mas talvez a vontade de andar mais tempo com W12 tenha predominado entre os sentimentos do finland\u00eas. <\/p>\n\n\n\n<p class=\"wp-block-paragraph\">\u00c9 que ele s\u00f3 conseguiu dar seis voltas na primeira sess\u00e3o do dia em Sakhir, no Bahrein: sua Mercedes W12 <strong><a href=\"https:\/\/www.grandepremio.com\/br\/f1\/noticias\/mercedes-abre-pre-temporada-problemas-no-cambio-novo-w12\/\">teve problemas de c\u00e2mbio<\/a><\/strong>, precisou ver a pe\u00e7a ser trocada, e sua quantidade de voltas foi bastante diminu\u00edda.<\/p>\n\n\n\n<p class=\"wp-block-paragraph\"><strong>Conhe\u00e7a o canal do Grande Pr\u00eamio no YouTube! Clique\u00a0<a rel=\"noreferrer noopener\" href=\"https:\/\/youtube.com\/GrandePremioTV\" target=\"_blank\">aqui<\/a>.<br>Siga o Grande Pr\u00eamio no\u00a0<a rel=\"noreferrer noopener\" href=\"https:\/\/twitter.com\/grandepremio\" target=\"_blank\">Twitter\u00a0<\/a>e no\u00a0<a rel=\"noreferrer noopener\" href=\"https:\/\/instagram.com\/grandepremio\" target=\"_blank\">Instagram<\/a>!<\/strong><br><strong><a href=\"https:\/\/www.grandepremio.com\/br\/web-stories\/f1\/formula-1-2021-tudo-sobre-os-lancamentos-dos-carros\/\">WEB STORIES: Tudo sobre os lan\u00e7amentos dos carros da\u00a0<\/a><a href=\"https:\/\/www.grandepremio.com\/br\/f1\/\" target=\"_blank\" rel=\"noreferrer noopener\">F1\u00a0<\/a>2021<\/strong><\/p>\n\n\n\n<figure class=\"wp-block-image size-large\"><img decoding=\"async\" src=\"https:\/\/www.grandepremio.com\/br\/wp-content\/uploads\/2021\/03\/Mercedes_assoalho_2-1024x683.jpg\" alt=\"\" class=\"wp-image-455077\"\/><figcaption>Valtteri Bottas deu apenas uma volta na hora inicial de teste. Depois, s\u00f3 mais cinco (Foto: Mercedes)<\/figcaption><\/figure>\n\n\n\n<p class=\"wp-block-paragraph\">O defeito foi detectado j\u00e1 na volta de instala\u00e7\u00e3o: o finland\u00eas teve de retornar aos boxes e, ao final do treino, s\u00f3 conseguiu mais cinco giros. Assim, Bottas anotou o <strong><a href=\"https:\/\/www.grandepremio.com\/br\/f1\/noticias\/max-verstappen-abre-pre-temporada-lideranca-dia-sacudir-poeira-bahrein\/\">pior tempo do primeiro dia de pr\u00e9-temporada entre os 17 pilotos que foram \u00e0 pista<\/a><\/strong>: 1min36s850.<\/p>\n\n\n\n<p class=\"wp-block-paragraph\">&#8220;Eu estava ansioso para voltar \u00e0 pista, tal como toda equipe. Mas, na primeira volta, percebemos o problema. Tivemos de parar, localiz\u00e1-lo e trocar a caixa, o que demora um certo tempo&#8221;, explicou.<\/p>\n\n\n\n<p class=\"wp-block-paragraph\">&#8220;S\u00f3 no finalzinho eu consegui dar algumas voltas, e a\u00ed j\u00e1 pintou a bandeira vermelha, portanto foi o fim. Seis voltas no total, <strong><a href=\"https:\/\/www.grandepremio.com\/br\/f1\/noticias\/churrasqueira-e-star-wars-equipes-montam-sensores-exoticos-para-testes-da-formula-1\/\">todas com sensor aerodin\u00e2mico no carro<\/a><\/strong>, pouca coisa valeu. N\u00e3o foi o come\u00e7o ideal&#8221;, completou Bottas.<\/p>\n\n\n\n\n\n<p class=\"wp-block-paragraph\">A Mercedes, diferente do que foi usual nos \u00faltimos anos, desta vez arriscou e deixou para completar as primeiras voltas com o novo carro nos testes de pr\u00e9-temporada, dispensando o dia de filmagem, recurso usado pela maior parte das oponentes.<\/p>\n\n\n\n<p class=\"wp-block-paragraph\">O&nbsp;<strong>GRANDE PR\u00caMIO<\/strong>&nbsp;traz uma cobertura pra l\u00e1 de especial dos ensaios da F\u00f3rmula 1 em Sakhir.&nbsp;<a href=\"https:\/\/www.grandepremio.com\/br\/ao-vivo\/f1\/pre-temporada-formula-1-2021-tempo-real-ao-vivo\/\">Acompanhe toda a transmiss\u00e3o dos testes de pr\u00e9-temporada AO VIVO e em TEMPO REAL<\/a>.<\/p>\n\n\n\n<p class=\"wp-block-paragraph\">E, ao fim de cada um dos dias de teste, vai ao ar o&nbsp;<strong>BRIEFING<\/strong>, programa AO VIVO na GP TV, o&nbsp;<a href=\"https:\/\/www.youtube.com\/c\/GrandePremioTV\/\">canal do&nbsp;<strong>GRANDE PR\u00caMIO<\/strong>&nbsp;no YouTube<\/a>, com Victor Martins, Evelyn Guimar\u00e3es e Pedro Henrique Marum presentes \u00e0 mesa virtual com o debate completo sobre a pr\u00e9-temporada da F\u00f3rmula 1.<\/p>\n\n\n\n<figure class=\"wp-block-embed is-type-video is-provider-youtube wp-block-embed-youtube wp-embed-aspect-16-9 wp-has-aspect-ratio\"><div class=\"wp-block-embed__wrapper\">\n<iframe loading=\"lazy\" title=\"F1 2021: COMO FOI O PRIMEIRO DIA DA PR\u00c9-TEMPORADA NO BAHREIN | Briefing\" width=\"500\" height=\"281\" src=\"https:\/\/www.youtube.com\/embed\/_l2bOs9FOOs?feature=oembed\" frameborder=\"0\" allow=\"accelerometer; autoplay; clipboard-write; encrypted-media; gyroscope; picture-in-picture; web-share\" referrerpolicy=\"strict-origin-when-cross-origin\" allowfullscreen><\/iframe>\n<\/div><\/figure>\n","protected":false},"excerpt":{"rendered":"<p>Valtteri Bottas s\u00f3 conseguiu dar seis voltas no primeiro dia de pr\u00e9-temporada da F\u00f3rmula 1 no Bahrein. \u00c9 que o W12 da Mercedes sofreu problema de troca de marcha <\/p>\n","protected":false},"author":0,"featured_media":1000455266,"comment_status":"closed","ping_status":"closed","sticky":false,"template":"","format":"standard","meta":{"42wp_featured_image_caption":"","42wp_featured_image_credits":"","42wp_featured_video":"","42wp_featured_image_hidden":false,"42wp_authors_list":[],"footnotes":""},"categories":[2],"tags":[1667,147,156,24837,24846,82,25297,612,27193],"42wp_author":[47129],"class_list":["post-122972","post","type-post","status-publish","format-standard","has-post-thumbnail","hentry","category-f1","tag-bahrein","tag-f1","tag-f1-2021","tag-formula-1-2","tag-formula-um-2","tag-mercedes","tag-pre-temporada-2","tag-valtteri-bottas","tag-w12","42wp_author-felipe-noronha"],"_links":{"self":[{"href":"https:\/\/grandepremio.com\/br\/wp-json\/wp\/v2\/posts\/122972","targetHints":{"allow":["GET"]}}],"collection":[{"href":"https:\/\/grandepremio.com\/br\/wp-json\/wp\/v2\/posts"}],"about":[{"href":"https:\/\/grandepremio.com\/br\/wp-json\/wp\/v2\/types\/post"}],"replies":[{"embeddable":true,"href":"https:\/\/grandepremio.com\/br\/wp-json\/wp\/v2\/comments?post=122972"}],"version-history":[{"count":0,"href":"https:\/\/grandepremio.com\/br\/wp-json\/wp\/v2\/posts\/122972\/revisions"}],"wp:featuredmedia":[{"embeddable":true,"href":"https:\/\/grandepremio.com\/br\/wp-json\/wp\/v2\/media\/1000455266"}],"wp:attachment":[{"href":"https:\/\/grandepremio.com\/br\/wp-json\/wp\/v2\/media?parent=122972"}],"wp:term":[{"taxonomy":"category","embeddable":true,"href":"https:\/\/grandepremio.com\/br\/wp-json\/wp\/v2\/categories?post=122972"},{"taxonomy":"post_tag","embeddable":true,"href":"https:\/\/grandepremio.com\/br\/wp-json\/wp\/v2\/tags?post=122972"},{"taxonomy":"42wp_author","embeddable":true,"href":"https:\/\/grandepremio.com\/br\/wp-json\/wp\/v2\/42wp_author?post=122972"}],"curies":[{"name":"wp","href":"https:\/\/api.w.org\/{rel}","templated":true}]}}