{"id":122987,"date":"2021-03-12T06:26:35","date_gmt":"2021-03-12T09:26:35","guid":{"rendered":"https:\/\/grandepremio.com\/br\/noticias\/sebastian-vettel-cores-bandeira-alemanha-rosa-novo-capacete-2021\/"},"modified":"2021-03-12T06:46:24","modified_gmt":"2021-03-12T09:46:24","slug":"sebastian-vettel-cores-bandeira-alemanha-rosa-novo-capacete-2021","status":"publish","type":"post","link":"https:\/\/grandepremio.com\/br\/f1\/sebastian-vettel-cores-bandeira-alemanha-rosa-novo-capacete-2021\/","title":{"rendered":"Vettel troca cores da bandeira da Alemanha por rosa em novo capacete para 2021"},"content":{"rendered":"\n<figure class=\"wp-block-video\"><video class=\"video-js vjs-big-play-centered\" data-gp-vjs=\"1\" controls src=\"https:\/\/www.grandepremio.com\/br\/wp-content\/uploads\/2021\/03\/GPNoticias_AstonMartin_AMR21_Lancamento.mp4\"><\/video><figcaption>A Aston Martin lan\u00e7ou o AMR21 na volta \u00e0 F\u00f3rmula 1 e espera al\u00e7ar grandes voos (V\u00eddeo: GP Not\u00edcias)<\/figcaption><\/figure>\n\n\n\n<p class=\"wp-block-paragraph\">Em sua primeira temporada pela Aston Martin, o tetracampe\u00e3o mundial Sebastian Vettel trouxe um novo capacete com mensagem de sustentabilidade. O alem\u00e3o firmou uma parceria com a BWT, empresa do ramo de tratamento de \u00e1gua e patrocinadora da equipe, para utilizar um casco rosa durante o ano de 2021, abandonando o branco com as cores da bandeira da Alemanha, usado nos anos mais recentes.<\/p>\n\n\n\n<p class=\"wp-block-paragraph\">A parte de tr\u00e1s do capacete de Sebastian traz a mensagem &#8220;mude o mundo, gole por gole&#8221;, destacando a import\u00e2ncia de reduzir o consumo de garrafas de pl\u00e1stico, buscando diminuir a emiss\u00e3o de di\u00f3xido de carbono no planeta.<\/p>\n\n\n\n<p class=\"wp-block-paragraph\">&#8220;O futuro \u00e9 importante e devemos fazer o nosso melhor para proteger o planeta para as crian\u00e7as e jovens. N\u00f3s compartilhamos esta responsabilidade, e se estivermos juntos, podemos fazer a diferen\u00e7a&#8221;, comentou o tetracampe\u00e3o mundial, que ter\u00e1 Lance Stroll como companheiro de equipe.<\/p>\n\n\n\n<figure class=\"wp-block-image size-large\"><img decoding=\"async\" src=\"https:\/\/www.grandepremio.com\/br\/wp-content\/uploads\/2021\/03\/Vettel_capacete_3.jpg\" alt=\"\" class=\"wp-image-455102\"\/><figcaption>O novo capacete de Vettel com mensagem sustent\u00e1vel (Foto: Aston Martin)<\/figcaption><\/figure>\n\n\n\n<p class=\"wp-block-paragraph\"><strong>Conhe\u00e7a o canal do Grande Pr\u00eamio no YouTube! Clique&nbsp;<a rel=\"noreferrer noopener\" href=\"https:\/\/youtube.com\/GrandePremioTV\" target=\"_blank\">aqui<\/a>.<br>Siga o Grande Pr\u00eamio no&nbsp;<a rel=\"noreferrer noopener\" href=\"https:\/\/twitter.com\/grandepremio\" target=\"_blank\">Twitter&nbsp;<\/a>e no&nbsp;<a rel=\"noreferrer noopener\" href=\"https:\/\/instagram.com\/grandepremio\" target=\"_blank\">Instagram<\/a>!<\/strong><br><strong><a href=\"https:\/\/www.grandepremio.com\/br\/web-stories\/f1\/formula-1-2021-tudo-sobre-os-lancamentos-dos-carros\/\">WEB STORIES: Tudo sobre os lan\u00e7amentos dos carros da&nbsp;<\/a><a href=\"https:\/\/www.grandepremio.com\/br\/f1\/\" target=\"_blank\" rel=\"noreferrer noopener\">F1&nbsp;<\/a>2021<\/strong><\/p>\n\n\n\n<p class=\"wp-block-paragraph\">&#8220;Como um piloto de F\u00f3rmula 1, acho que \u00e9 certo falar sobre o assunto e ter minha voz ouvida. Estou feliz por encontrar um parceiro com a BWT, que compartilha a mesma perspectiva e objetivos. Cortando a quantidade de desperd\u00edcio de pl\u00e1stico, podemos fazer o mundo um pouco melhor, gole por gole&#8221;, completou.<\/p>\n\n\n\n<p class=\"wp-block-paragraph\">Lutz H\u00fcbner, diretor de marketing da BWT, celebrou a parceria com o tetracampe\u00e3o mundial para espalhar a mensagem sustent\u00e1vel na F\u00f3rmula 1.<\/p>\n\n\n\n<p class=\"wp-block-paragraph\">&#8220;Com Sebastian, encontramos o embaixador ideal que representa perfeitamente a nossa miss\u00e3o, de fazer o mundo um pouco melhor, gole por gole. Sebastian n\u00e3o \u00e9 apenas um atleta incr\u00edvel, mas acima de tudo uma grande pessoa com princ\u00edpios, opini\u00f5es claras e coragem. Juntos dele, vamos contribuir para a preserva\u00e7\u00e3o do planeta&#8221;, citou.<\/p>\n\n\n\n<figure class=\"wp-block-image size-large\"><img decoding=\"async\" src=\"https:\/\/www.grandepremio.com\/br\/wp-content\/uploads\/2021\/03\/vettel_capacete_2-1024x1024.jpg\" alt=\"\" class=\"wp-image-455103\"\/><figcaption>O capacete de Sebastian Vettel com tons diferentes de rosa. (Foto: Aston Martin)<\/figcaption><\/figure>\n\n\n\n<p class=\"wp-block-paragraph\">Lance Stroll, companheiro de Vettel na Aston Martin, <a href=\"https:\/\/www.grandepremio.com\/br\/f1\/noticias\/lance-stroll-veste-verde-britanico-asas-aston-martin-novo-capacete\/\">teve o capacete da temporada divulgado pela equipe<\/a> na \u00faltima quinta-feira (11). O casco \u00e9 da cor verde, com patroc\u00edniso em prateado e a folha de bordo da bandeira do Canad\u00e1 no topo.<\/p>\n\n\n\n<p class=\"wp-block-paragraph\">Vettel andou com o capacete novo pela primeira vez na abertura da pr\u00e9-temporada da F1, que acontece no Bahrein. Stroll assumir\u00e1 o AMR21 na parte da tarde.<\/p>\n\n\n\n<p class=\"wp-block-paragraph\">O\u00a0<strong>GRANDE PR\u00caMIO<\/strong>\u00a0traz uma cobertura pra l\u00e1 de especial dos ensaios da F\u00f3rmula 1 em Sakhir. Acompanhe toda a\u00a0<a href=\"https:\/\/www.grandepremio.com\/br\/ao-vivo\/f1\/pre-temporada-formula-1-2021-tempo-real-ao-vivo\/\">transmiss\u00e3o dos testes de pr\u00e9-temporada AO VIVO e em TEMPO REAL<\/a>.<\/p>\n\n\n\n<p class=\"wp-block-paragraph\">E, ao fim de cada um dos dias de teste, vai ao ar o&nbsp;<strong>BRIEFING<\/strong>, programa AO VIVO na GP TV, o&nbsp;<a href=\"https:\/\/www.youtube.com\/c\/GrandePremioTV\/\">canal do&nbsp;<strong>GRANDE PR\u00caMIO<\/strong>&nbsp;no YouTube<\/a>, com Victor Martins, Evelyn Guimar\u00e3es e Pedro Henrique Marum presentes \u00e0 mesa virtual com o debate completo sobre a pr\u00e9-temporada da F\u00f3rmula 1.<\/p>\n\n\n\n<figure class=\"wp-block-embed is-type-video is-provider-youtube wp-block-embed-youtube wp-embed-aspect-16-9 wp-has-aspect-ratio\"><div class=\"wp-block-embed__wrapper\">\n<iframe loading=\"lazy\" title=\"REVELA\u00c7\u00d5ES DE MERCEDES E RED BULL E VOLTA DE ALONSO: TESTES DA F1 PROMETEM | GP \u00c0S 10\" width=\"500\" height=\"281\" src=\"https:\/\/www.youtube.com\/embed\/6rYXnkUcUFs?start=420&amp;feature=oembed\" frameborder=\"0\" allow=\"accelerometer; autoplay; clipboard-write; encrypted-media; gyroscope; picture-in-picture; web-share\" referrerpolicy=\"strict-origin-when-cross-origin\" allowfullscreen><\/iframe>\n<\/div><\/figure>\n","protected":false},"excerpt":{"rendered":"<p>Sebastian Vettel virou embaixador da BWT e ter\u00e1 capacete com mensagem de sustentabilidade na temporada 2021. Objetivo \u00e9 reduzir consumo de garrafas de pl\u00e1stico e emiss\u00e3o de di\u00f3xido de carbono<\/p>\n","protected":false},"author":0,"featured_media":1000455093,"comment_status":"closed","ping_status":"closed","sticky":false,"template":"","format":"standard","meta":{"42wp_featured_image_caption":"","42wp_featured_image_credits":"","42wp_featured_video":"","42wp_featured_image_hidden":false,"42wp_authors_list":[],"footnotes":""},"categories":[2],"tags":[309,1667,147,156,24837,25297,210],"42wp_author":[47119],"class_list":["post-122987","post","type-post","status-publish","format-standard","has-post-thumbnail","hentry","category-f1","tag-aston-martin","tag-bahrein","tag-f1","tag-f1-2021","tag-formula-1-2","tag-pre-temporada-2","tag-sebastian-vettel","42wp_author-gabriel-carvalho"],"_links":{"self":[{"href":"https:\/\/grandepremio.com\/br\/wp-json\/wp\/v2\/posts\/122987","targetHints":{"allow":["GET"]}}],"collection":[{"href":"https:\/\/grandepremio.com\/br\/wp-json\/wp\/v2\/posts"}],"about":[{"href":"https:\/\/grandepremio.com\/br\/wp-json\/wp\/v2\/types\/post"}],"replies":[{"embeddable":true,"href":"https:\/\/grandepremio.com\/br\/wp-json\/wp\/v2\/comments?post=122987"}],"version-history":[{"count":0,"href":"https:\/\/grandepremio.com\/br\/wp-json\/wp\/v2\/posts\/122987\/revisions"}],"wp:featuredmedia":[{"embeddable":true,"href":"https:\/\/grandepremio.com\/br\/wp-json\/wp\/v2\/media\/1000455093"}],"wp:attachment":[{"href":"https:\/\/grandepremio.com\/br\/wp-json\/wp\/v2\/media?parent=122987"}],"wp:term":[{"taxonomy":"category","embeddable":true,"href":"https:\/\/grandepremio.com\/br\/wp-json\/wp\/v2\/categories?post=122987"},{"taxonomy":"post_tag","embeddable":true,"href":"https:\/\/grandepremio.com\/br\/wp-json\/wp\/v2\/tags?post=122987"},{"taxonomy":"42wp_author","embeddable":true,"href":"https:\/\/grandepremio.com\/br\/wp-json\/wp\/v2\/42wp_author?post=122987"}],"curies":[{"name":"wp","href":"https:\/\/api.w.org\/{rel}","templated":true}]}}