{"id":123000,"date":"2021-03-11T14:51:07","date_gmt":"2021-03-11T17:51:07","guid":{"rendered":"https:\/\/grandepremio.com\/br\/noticias\/chefe-alfa-romeo-positivo-covid-19-desfalque-pre-temporada\/"},"modified":"2021-03-11T19:42:26","modified_gmt":"2021-03-11T22:42:26","slug":"chefe-alfa-romeo-positivo-covid-19-desfalque-pre-temporada","status":"publish","type":"post","link":"https:\/\/grandepremio.com\/br\/f1\/chefe-alfa-romeo-positivo-covid-19-desfalque-pre-temporada\/","title":{"rendered":"Chefe da Alfa Romeo testa positivo para Covid-19 e vira desfalque na pr\u00e9-temporada"},"content":{"rendered":"\n<figure class=\"wp-block-video\"><video class=\"video-js vjs-big-play-centered\" data-gp-vjs=\"1\" controls src=\"https:\/\/www.grandepremio.com\/br\/wp-content\/uploads\/2021\/03\/GPNoticias_AlfaRomeo_C41_Lancamento.mp4\"><\/video><figcaption>A Alfa Romeo lan\u00e7ou o C41 (V\u00ecdeo: GP Not\u00edcias)<\/figcaption><\/figure>\n\n\n\n<p class=\"wp-block-paragraph\">\u00c0s v\u00e9speras do in\u00edcio da pr\u00e9-temporada da F\u00f3rmula 1, Fr\u00e9d\u00e9ric Vasseur, chefe de equipe da Alfa Romeo, testou positivo para Covid-19. O resultado do exame foi divulgado pela categoria na tarde desta quinta-feira (11).<\/p>\n\n\n\n<p class=\"wp-block-paragraph\">O teste aconteceu na resid\u00eancia de Vasseur, na Fran\u00e7a, antes da viagem planejada do chefe at\u00e9 o Bahrein, que sediar\u00e1 os tr\u00eas dias da pr\u00e9-temporada. Seguindo as normas das autoridades francesas, Fr\u00e9d\u00e9ric ficar\u00e1 em isolamento em sua casa. Segundo a F\u00f3rmula 1, nenhum outro membro da Alfa Romeo foi infectado e a contamina\u00e7\u00e3o do chefe n\u00e3o ter\u00e1 maiores impactos nos dias de atividade de pista.<\/p>\n\n\n\n<p class=\"wp-block-paragraph\">Em comunicado oficial, a Alfa Romeo citou que Vasseur n\u00e3o ser\u00e1 substitu\u00eddo durante os testes e estar\u00e1 conectado \u00e0 garagem, trabalhando de casa.<\/p>\n\n\n\n<p class=\"wp-block-paragraph\">\u201cA Alfa Romeo comunica que Fr\u00e9d\u00e9ric Vasseur n\u00e3o vai comparecer aos testes de pr\u00e9-temporada que acontecem no Bahrein entre 12 e 14 de mar\u00e7o\u201d, disse a equipe. \u201cAo longo do cronograma regular de testes de Covid, o Sr. Vasseur teve um resultado positivo e, de acordo com os protocolos estabelecidos pelas autoridades francesas, ele imediatamente se isolou em casa. Um segundo teste PCR, feito dois dias depois, voltou com resultado negativo. O Sr. Vasseur n\u00e3o apresenta sintomas e est\u00e1 de bom humor\u201d, seguiu.<\/p>\n\n\n\n<figure class=\"wp-block-image size-large\"><img decoding=\"async\" src=\"https:\/\/www.grandepremio.com\/br\/wp-content\/uploads\/2021\/02\/Robert-Kubica-Alfa-Romeo-teste-C41-F1.png\" alt=\"\" class=\"wp-image-452226\"\/><figcaption>Alfa Romeo estar\u00e1 com o chefe de casa na pr\u00e9-temporada (Foto: Alfa Romeo)<\/figcaption><\/figure>\n\n\n\n<p class=\"wp-block-paragraph\"><br>\u201cNo entanto, prezando pela seguran\u00e7a do Sr. Vasseur, da equipe, dos colegas competidores e de toda a comunidade e respeitando as regras francesas, o Sr. Vasseur n\u00e3o vai viajar ao Bahrein e continuar\u00e1 trabalhando de casa nos pr\u00f3ximos sete dias, como exigido pelas autoridades locais. O Sr. Vasseur estar\u00e1 trabalhando integralmente e conectado \u00e0 garagem durante o teste e n\u00e3o ser\u00e1 nomeado nenhum chefe substituto, sem nenhum impacto na nossa opera\u00e7\u00e3o prevista para esta semana. Todas as atividades de rela\u00e7\u00f5es p\u00fablicas previstas continuam como previsto com o apoio de meios tecnol\u00f3gicos\u201d, completou.<\/p>\n\n\n\n<p class=\"wp-block-paragraph\">A Alfa Romeo ter\u00e1 o finland\u00eas campe\u00e3o mundial Kimi R\u00e4ikk\u00f6nen e o italiano Antonio Giovinazzi como pilotos para a temporada 2021. Ser\u00e1 a terceira temporada consecutiva da dupla no time.<\/p>\n\n\n\n<p class=\"wp-block-paragraph\">O&nbsp;<strong>GRANDE PR\u00caMIO<\/strong>&nbsp;prepara uma cobertura pra l\u00e1 de especial dos testes de pr\u00e9-temporada. Ainda durante a madrugada, desde o in\u00edcio das atividades de pista, a partir das 4h (de Bras\u00edlia), com a transmiss\u00e3o em tempo real, al\u00e9m de an\u00e1lises e v\u00eddeos. E, ao fim de cada um dos dias de teste, \u00e0s 13h, vai ao ar o BRIEFING, programa AO VIVO na&nbsp;<a href=\"https:\/\/www.youtube.com\/user\/sitegp\">GP TV<\/a>, o canal do&nbsp;<strong>GRANDE PR\u00caMIO<\/strong>&nbsp;no YouTube, com Victor Martins, Evelyn Guimar\u00e3es e Pedro Henrique Marum presentes \u00e0 mesa virtual com o debate completo sobre os testes da F\u00f3rmula 1.<\/p>\n\n\n\n<figure class=\"wp-block-embed is-type-video is-provider-youtube wp-block-embed-youtube wp-embed-aspect-16-9 wp-has-aspect-ratio\"><div class=\"wp-block-embed__wrapper\">\n<iframe loading=\"lazy\" title=\"REVELA\u00c7\u00d5ES DE MERCEDES E RED BULL E VOLTA DE ALONSO: TESTES DA F1 PROMETEM | GP \u00c0S 10\" width=\"500\" height=\"281\" src=\"https:\/\/www.youtube.com\/embed\/6rYXnkUcUFs?start=413&amp;feature=oembed\" frameborder=\"0\" allow=\"accelerometer; autoplay; clipboard-write; encrypted-media; gyroscope; picture-in-picture; web-share\" referrerpolicy=\"strict-origin-when-cross-origin\" allowfullscreen><\/iframe>\n<\/div><\/figure>\n\n\n\n<p class=\"wp-block-paragraph\"><strong>Conhe\u00e7a o canal do Grande Pr\u00eamio no YouTube! Clique&nbsp;<a rel=\"noreferrer noopener\" href=\"https:\/\/youtube.com\/GrandePremioTV\" target=\"_blank\">aqui<\/a>.<br>Siga o Grande Pr\u00eamio no&nbsp;<a rel=\"noreferrer noopener\" href=\"https:\/\/twitter.com\/grandepremio\" target=\"_blank\">Twitter&nbsp;<\/a>e no&nbsp;<a rel=\"noreferrer noopener\" href=\"https:\/\/instagram.com\/grandepremio\" target=\"_blank\">Instagram<\/a>!<\/strong><br><strong><a href=\"https:\/\/www.grandepremio.com\/br\/web-stories\/f1\/formula-1-2021-tudo-sobre-os-lancamentos-dos-carros\/\">WEB STORIES: Tudo sobre os lan\u00e7amentos dos carros da&nbsp;<\/a><a href=\"https:\/\/www.grandepremio.com\/br\/f1\/\" target=\"_blank\" rel=\"noreferrer noopener\">F1&nbsp;<\/a>2021<\/strong><\/p>\n","protected":false},"excerpt":{"rendered":"<p>Fr\u00e9d\u00e9ric Vasseur testou positivo antes de viajar para o Bahrein e cumpre isolamento na Fran\u00e7a. Apesar da doen\u00e7a, chefe de equipe comandar\u00e1 Alfa Romeo de casa<\/p>\n","protected":false},"author":0,"featured_media":0,"comment_status":"closed","ping_status":"closed","sticky":false,"template":"","format":"standard","meta":{"42wp_featured_image_caption":"","42wp_featured_image_credits":"","42wp_featured_video":"","42wp_featured_image_hidden":false,"42wp_authors_list":[],"footnotes":""},"categories":[2],"tags":[457,456,24858,147,156,24837,24834,25297],"42wp_author":[47119],"class_list":["post-123000","post","type-post","status-publish","format-standard","hentry","category-f1","tag-alfa-romeo","tag-antonio-giovinazzi","tag-covid-19","tag-f1","tag-f1-2021","tag-formula-1-2","tag-kimi-raikkonen-2","tag-pre-temporada-2","42wp_author-gabriel-carvalho"],"_links":{"self":[{"href":"https:\/\/grandepremio.com\/br\/wp-json\/wp\/v2\/posts\/123000","targetHints":{"allow":["GET"]}}],"collection":[{"href":"https:\/\/grandepremio.com\/br\/wp-json\/wp\/v2\/posts"}],"about":[{"href":"https:\/\/grandepremio.com\/br\/wp-json\/wp\/v2\/types\/post"}],"replies":[{"embeddable":true,"href":"https:\/\/grandepremio.com\/br\/wp-json\/wp\/v2\/comments?post=123000"}],"version-history":[{"count":0,"href":"https:\/\/grandepremio.com\/br\/wp-json\/wp\/v2\/posts\/123000\/revisions"}],"wp:attachment":[{"href":"https:\/\/grandepremio.com\/br\/wp-json\/wp\/v2\/media?parent=123000"}],"wp:term":[{"taxonomy":"category","embeddable":true,"href":"https:\/\/grandepremio.com\/br\/wp-json\/wp\/v2\/categories?post=123000"},{"taxonomy":"post_tag","embeddable":true,"href":"https:\/\/grandepremio.com\/br\/wp-json\/wp\/v2\/tags?post=123000"},{"taxonomy":"42wp_author","embeddable":true,"href":"https:\/\/grandepremio.com\/br\/wp-json\/wp\/v2\/42wp_author?post=123000"}],"curies":[{"name":"wp","href":"https:\/\/api.w.org\/{rel}","templated":true}]}}