{"id":123001,"date":"2021-03-11T14:19:47","date_gmt":"2021-03-11T17:19:47","guid":{"rendered":"https:\/\/grandepremio.com\/br\/noticias\/retorno-fernando-alonso-um-reserva-escalacoes-pre-temporada-f1-2021\/"},"modified":"2021-03-11T19:44:09","modified_gmt":"2021-03-11T22:44:09","slug":"retorno-fernando-alonso-um-reserva-escalacoes-pre-temporada-f1-2021","status":"publish","type":"post","link":"https:\/\/grandepremio.com\/br\/f1\/retorno-fernando-alonso-um-reserva-escalacoes-pre-temporada-f1-2021\/","title":{"rendered":"Retorno de Alonso e s\u00f3 um reserva: confira escala\u00e7\u00f5es para pr\u00e9-temporada da F1 2021"},"content":{"rendered":"\n<p class=\"wp-block-paragraph\"><a href=\"https:\/\/www.grandepremio.com\/br\/f1\/noticias\/mercedes-escala-bottas-para-estrear-w12-na-manha-do-primeiro-dia-de-testes-no-bahrein\/\">Com os an\u00fancios de escala\u00e7\u00e3o da <\/a>Mercedes e McLaren para os tr\u00eas dias de pr\u00e9-temporada no Bahrein, as dez equipes da F\u00f3rmula 1 j\u00e1 divulgaram quais pilotos estar\u00e3o nos testes em Sakhir, que acontecem neste fim de semana.<\/p>\n\n\n\n<p class=\"wp-block-paragraph\">Por efeito da manuten\u00e7\u00e3o de regulamento t\u00e9cnico, pandemia de Covid-19 e tamb\u00e9m dos cortes de gastos, a pr\u00e9-temporada foi reduzida para 2021, o que tamb\u00e9m dificulta a apari\u00e7\u00e3o de pilotos reservas, j\u00e1 que os times querem dedicar o m\u00e1ximo de tempo aos titulares com os b\u00f3lidos novos. Roy Nissany, da Williams, ser\u00e1 o \u00fanico piloto fora do grid a participar das atividades, ganhando a sexta-feira completa no FW43B.<\/p>\n\n\n\n<p class=\"wp-block-paragraph\"><strong>LEIA MAIS:<\/strong><a href=\"https:\/\/www.grandepremio.com\/br\/f1\/noticias\/f1-tem-pre-temporada-enxuta-para-mostrar-carros-e-caras-novas-em-3-dias-no-bahrein\/\"> F1 tem pr\u00e9-temporada enxuta para mostrar carros e caras novas em 3 dias no Bahrein<\/a><\/p>\n\n\n\n<figure class=\"wp-block-image size-large\"><img decoding=\"async\" src=\"https:\/\/www.grandepremio.com\/br\/wp-content\/uploads\/2021\/03\/SF21-1-1024x444.jpg\" alt=\"\" class=\"wp-image-454664\"\/><figcaption>A Ferrari \u00e9 um dos pontos de aten\u00e7\u00e3o da pr\u00e9-temporada (Foto: Ferrari)<\/figcaption><\/figure>\n\n\n\n<p class=\"wp-block-paragraph\">As equipes, em sua maioria, tamb\u00e9m optaram por dividir a atividade do dia entre dois pilotos. Mercedes, McLaren, Aston Martin, Ferrari, AlphaTauri e Alfa Romeo ter\u00e3o dois nomes no carro durante todos os testes, dividindo entre o per\u00edodo de manh\u00e3 e tarde, enquanto times como Red Bull e Alpine v\u00e3o dar ao menos um dia completo para os dois pilotos. Para a equipe francesa, ser\u00e1 a primeira vez de Fernando Alonso na pista com o A521.<\/p>\n\n\n\n<p class=\"wp-block-paragraph\">Entre sexta-feira e domingo, os pilotos v\u00e3o \u00e0 pista sem ter nenhum limite de voltas a percorrer, ou seja, est\u00e1 permitido acelerar o quanto for poss\u00edvel em Sakhir. Cada um dos dias de atividades de pista vai ser dividido em dois per\u00edodos.<\/p>\n\n\n\n<p class=\"wp-block-paragraph\">Pela manh\u00e3, entre 4h e 8h (hor\u00e1rio de Bras\u00edlia), ou 10h e 14h locais, e depois da pausa para o almo\u00e7o, entre 9h e 13h (de Bras\u00edlia), ou 15h \u00e0s 19h locais, com as sess\u00f5es se encerrando j\u00e1 com luz artificial e no per\u00edodo noturno em Sakhir.<\/p>\n\n\n\n<p class=\"wp-block-paragraph\">Confira a escala\u00e7\u00e3o de pilotos anunciada para os tr\u00eas dias de testes:<\/p>\n\n\n\n<p class=\"wp-block-paragraph\"><strong>Dia 1 (sexta-feira) de testes de pr\u00e9-temporada no Bahrein<\/strong>:<\/p>\n\n\n\n<figure class=\"wp-block-table\"><table><tbody><tr><td>Mercedes<\/td><td>V Bottas (manh\u00e3) \/ L Hamilton (tarde)<\/td><\/tr><tr><td>Red Bull<\/td><td>M Verstappen<\/td><\/tr><tr><td>McLaren<\/td><td>D Ricciardo (manh\u00e3) \/ L Norris (tarde)<\/td><\/tr><tr><td>Aston Martin<\/td><td>S Vettel (manh\u00e3) \/ L Stroll (tarde)<\/td><\/tr><tr><td>Alpine<\/td><td>E Ocon<\/td><\/tr><tr><td>Ferrari<\/td><td>C Leclerc (manh\u00e3) \/ C Sainz (tarde)<\/td><\/tr><tr><td>AlphaTauri<\/td><td>P Gasly (manh\u00e3) \/ Y Tsunoda (tarde)<\/td><\/tr><tr><td>Alfa Romeo<\/td><td>K R\u00e4ikk\u00f6nen (manh\u00e3) \/ A Giovinazzi (tarde)<\/td><\/tr><tr><td>Haas<\/td><td>M Schumacher (manh\u00e3) \/ N Mazepin (tarde)<\/td><\/tr><tr><td>Williams<\/td><td>R Nissany<\/td><\/tr><\/tbody><\/table><\/figure>\n\n\n\n<p class=\"wp-block-paragraph\"><strong>Dia 2 (s\u00e1bado) de testes de pr\u00e9-temporada:<\/strong><\/p>\n\n\n\n<figure class=\"wp-block-table\"><table><tbody><tr><td>Mercedes<\/td><td>L Hamilton (manh\u00e3) \/ V Bottas (tarde)<\/td><\/tr><tr><td>Red Bull<\/td><td>S P\u00e9rez<\/td><\/tr><tr><td>McLaren<\/td><td>D Ricciardo (manh\u00e3) \/ L Norris (tarde)<\/td><\/tr><tr><td>Aston Martin<\/td><td>S Vettel (manh\u00e3) \/ L Stroll (tarde)<\/td><\/tr><tr><td>Alpine<\/td><td>F Alonso<\/td><\/tr><tr><td>Ferrari<\/td><td>C Sainz (manh\u00e3) \/ C Leclerc (tarde)<\/td><\/tr><tr><td>AlphaTauri<\/td><td>Y Tsunoda (manh\u00e3) \/ P Gasly (tarde)<\/td><\/tr><tr><td>Alfa Romeo<\/td><td>A Giovinazzi<\/td><\/tr><tr><td>Haas<\/td><td>N Mazepin (manh\u00e3) \/ M Schumacher (tarde)<\/td><\/tr><tr><td>Williams<\/td><td>N Latifi<\/td><\/tr><\/tbody><\/table><\/figure>\n\n\n\n<p class=\"wp-block-paragraph\"><strong>Dia 3 (domingo) de testes de pr\u00e9-temporada<\/strong>:<\/p>\n\n\n\n<figure class=\"wp-block-table\"><table><tbody><tr><td>Mercedes<\/td><td>V Bottas (manh\u00e3) \/ L Hamilton (tarde)<\/td><\/tr><tr><td>Red Bull<\/td><td>S P\u00e9rez (manh\u00e3) \/ M Verstappen (tarde)<\/td><\/tr><tr><td>McLaren<\/td><td>L Norris (manh\u00e3) \/ D Ricciardo (tarde)<\/td><\/tr><tr><td>Aston Martin<\/td><td>L Stroll (manh\u00e3) \/ S Vettel (tarde)<\/td><\/tr><tr><td>Alpine<\/td><td>E Ocon (manh\u00e3) \/ F Alonso (tarde)<\/td><\/tr><tr><td>Ferrari<\/td><td>C Leclerc (manh\u00e3) \/ C Sainz (tarde)<\/td><\/tr><tr><td>AlphaTauri<\/td><td>P Gasly (manh\u00e3) \/ Y Tsunoda (tarde)<\/td><\/tr><tr><td>Alfa Romeo<\/td><td>K R\u00e4ikk\u00f6nen<\/td><\/tr><tr><td>Haas<\/td><td>M Schumacher (manh\u00e3) \/ N Mazepin (tarde)<\/td><\/tr><tr><td>Williams<\/td><td>G Russell<\/td><\/tr><\/tbody><\/table><\/figure>\n\n\n\n<p class=\"wp-block-paragraph\"><strong>Conhe\u00e7a o canal do Grande Pr\u00eamio no YouTube! Clique&nbsp;<a rel=\"noreferrer noopener\" href=\"https:\/\/youtube.com\/GrandePremioTV\" target=\"_blank\">aqui<\/a>.<br>Siga o Grande Pr\u00eamio no&nbsp;<a rel=\"noreferrer noopener\" href=\"https:\/\/twitter.com\/grandepremio\" target=\"_blank\">Twitter&nbsp;<\/a>e no&nbsp;<a rel=\"noreferrer noopener\" href=\"https:\/\/instagram.com\/grandepremio\" target=\"_blank\">Instagram<\/a>!<\/strong><br><strong><a href=\"https:\/\/www.grandepremio.com\/br\/web-stories\/f1\/formula-1-2021-tudo-sobre-os-lancamentos-dos-carros\/\">WEB STORIES: Tudo sobre os lan\u00e7amentos dos carros da&nbsp;<\/a><a href=\"https:\/\/www.grandepremio.com\/br\/f1\/\" target=\"_blank\" rel=\"noreferrer noopener\">F1&nbsp;<\/a>2021<\/strong><\/p>\n\n\n\n<figure class=\"wp-block-embed is-type-video is-provider-youtube wp-block-embed-youtube wp-embed-aspect-16-9 wp-has-aspect-ratio\"><div class=\"wp-block-embed__wrapper\">\n<iframe loading=\"lazy\" title=\"REVELA\u00c7\u00d5ES DE MERCEDES E RED BULL E VOLTA DE ALONSO: TESTES DA F1 PROMETEM | GP \u00c0S 10\" width=\"500\" height=\"281\" src=\"https:\/\/www.youtube.com\/embed\/6rYXnkUcUFs?start=412&amp;feature=oembed\" frameborder=\"0\" allow=\"accelerometer; autoplay; clipboard-write; encrypted-media; gyroscope; picture-in-picture; web-share\" referrerpolicy=\"strict-origin-when-cross-origin\" allowfullscreen><\/iframe>\n<\/div><\/figure>\n\n\n\n<p class=\"wp-block-paragraph\"><\/p>\n","protected":false},"excerpt":{"rendered":"<p>21 pilotos participar\u00e3o da pr\u00e9-temporada da F\u00f3rmula 1 no Bahrein. Com o an\u00fancio da Mercedes, nove das dez equipes j\u00e1 mostraram a escala\u00e7\u00e3o prevista para os tr\u00eas dias em Sakhir<\/p>\n","protected":false},"author":0,"featured_media":1000453908,"comment_status":"closed","ping_status":"closed","sticky":false,"template":"","format":"standard","meta":{"42wp_featured_image_caption":"","42wp_featured_image_credits":"","42wp_featured_video":"","42wp_featured_image_hidden":false,"42wp_authors_list":[],"footnotes":""},"categories":[2],"tags":[309,1667,147,156,207,25536,90,82,25297,204],"42wp_author":[47119],"class_list":["post-123001","post","type-post","status-publish","format-standard","has-post-thumbnail","hentry","category-f1","tag-aston-martin","tag-bahrein","tag-f1","tag-f1-2021","tag-ferrari","tag-formula-1-2021-2","tag-mclaren","tag-mercedes","tag-pre-temporada-2","tag-red-bull","42wp_author-gabriel-carvalho"],"_links":{"self":[{"href":"https:\/\/grandepremio.com\/br\/wp-json\/wp\/v2\/posts\/123001","targetHints":{"allow":["GET"]}}],"collection":[{"href":"https:\/\/grandepremio.com\/br\/wp-json\/wp\/v2\/posts"}],"about":[{"href":"https:\/\/grandepremio.com\/br\/wp-json\/wp\/v2\/types\/post"}],"replies":[{"embeddable":true,"href":"https:\/\/grandepremio.com\/br\/wp-json\/wp\/v2\/comments?post=123001"}],"version-history":[{"count":0,"href":"https:\/\/grandepremio.com\/br\/wp-json\/wp\/v2\/posts\/123001\/revisions"}],"wp:featuredmedia":[{"embeddable":true,"href":"https:\/\/grandepremio.com\/br\/wp-json\/wp\/v2\/media\/1000453908"}],"wp:attachment":[{"href":"https:\/\/grandepremio.com\/br\/wp-json\/wp\/v2\/media?parent=123001"}],"wp:term":[{"taxonomy":"category","embeddable":true,"href":"https:\/\/grandepremio.com\/br\/wp-json\/wp\/v2\/categories?post=123001"},{"taxonomy":"post_tag","embeddable":true,"href":"https:\/\/grandepremio.com\/br\/wp-json\/wp\/v2\/tags?post=123001"},{"taxonomy":"42wp_author","embeddable":true,"href":"https:\/\/grandepremio.com\/br\/wp-json\/wp\/v2\/42wp_author?post=123001"}],"curies":[{"name":"wp","href":"https:\/\/api.w.org\/{rel}","templated":true}]}}