{"id":123020,"date":"2021-03-11T07:22:50","date_gmt":"2021-03-11T10:22:50","guid":{"rendered":"https:\/\/grandepremio.com\/br\/noticias\/sebastian-vettel-acredita-condicoes-pentacampeao-mundial\/"},"modified":"2021-03-11T07:24:52","modified_gmt":"2021-03-11T10:24:52","slug":"sebastian-vettel-acredita-condicoes-pentacampeao-mundial","status":"publish","type":"post","link":"https:\/\/grandepremio.com\/br\/f1\/sebastian-vettel-acredita-condicoes-pentacampeao-mundial\/","title":{"rendered":"Vettel acredita que &#8220;ainda tem condi\u00e7\u00f5es&#8221; de ser pentacampe\u00e3o mundial de F\u00f3rmula 1"},"content":{"rendered":"\n<figure class=\"wp-block-video\"><video class=\"video-js vjs-big-play-centered\" data-gp-vjs=\"1\" controls src=\"https:\/\/www.grandepremio.com\/br\/wp-content\/uploads\/2021\/03\/2021-03-04_F1_AstonMartin_shakedown_AMR12.mp4\"><\/video><figcaption>Sebastian Vettel estreia com carro da Aston Martin em Silverstone (V\u00eddeo: Aston Martin)<\/figcaption><\/figure>\n\n\n\n<p class=\"wp-block-paragraph\">Sebastian Vettel atingiu o \u00e1pice da carreira ainda muito jovem: conquistou o quarto t\u00edtulo mundial de F\u00f3rmula 1 aos 26 anos de idade. De l\u00e1 para c\u00e1, embora tenha tido seus momentos, foi apenas passageiro no trem da maquinista Mercedes. Agora aos 33 anos e muito criticado pelas duas \u00faltimas temporadas de Ferrari, o alem\u00e3o ainda cr\u00ea que tem todas as possibilidades de ser campe\u00e3o uma quinta vez.<\/p>\n\n\n\n<p class=\"wp-block-paragraph\"><strong>Conhe\u00e7a o canal do Grande Pr\u00eamio no YouTube! Clique\u00a0<a rel=\"noreferrer noopener\" href=\"https:\/\/youtube.com\/GrandePremioTV\" target=\"_blank\">aqui<\/a>.<br>Siga o Grande Pr\u00eamio no\u00a0<a rel=\"noreferrer noopener\" href=\"https:\/\/twitter.com\/grandepremio\" target=\"_blank\">Twitter\u00a0<\/a>e no\u00a0<a rel=\"noreferrer noopener\" href=\"https:\/\/instagram.com\/grandepremio\" target=\"_blank\">Instagram<\/a>!<\/strong><br><strong><a href=\"https:\/\/www.grandepremio.com\/br\/f1\/\" target=\"_blank\" rel=\"noreferrer noopener\">F1\u00a0<\/a>lan\u00e7a\u00a0<a href=\"https:\/\/www.grandepremio.com\/br\/f1\/\" target=\"_blank\" rel=\"noreferrer noopener\">F1\u00a0<\/a>TV Pro no Brasil e\u00a0<a href=\"https:\/\/www.grandepremio.com\/br\/f1\/noticias\/formula-1-lanca-f1-tv-pro-no-brasil-e-da-desconto-de-25-em-assinatura\/\">d\u00e1 desconto de 25% em assinatura<\/a><\/strong><\/p>\n\n\n\n<p class=\"wp-block-paragraph\">Numa Aston Martin que <a href=\"https:\/\/www.grandepremio.com\/br\/f1\/noticias\/aston-martin-promete-mudar-de-patamar-e-brigar-por-titulos-nos-proximos-3-ou-5-anos\/\">pretende lutar pelo t\u00edtulo dentro de um prazo de tr\u00eas a cinco anos<\/a>, n\u00e3o d\u00e1 para saber se Sebastian ainda estar\u00e1 por l\u00e1, mas o piloto tem confian\u00e7a de que \u00e9 capaz de levar o pr\u00eamio maior se as circunst\u00e2ncias estiverem a seu favor.<\/p>\n\n\n\n<p class=\"wp-block-paragraph\">&#8220;Acho que tenho [condi\u00e7\u00f5es de ser campe\u00e3o], obviamente eu n\u00e3o estou velho demais. Hoje temos pilotos mais velhos chegando ao grid em vez dos mais jovens. N\u00e3o acredito que seja uma quest\u00e3o de idade, mas uma quest\u00e3o de ter o carro o time [certos] ao seu redor&#8221;, afirmou.<\/p>\n\n\n\n<figure class=\"wp-block-image size-large\"><img decoding=\"async\" src=\"https:\/\/www.grandepremio.com\/br\/wp-content\/uploads\/2021\/03\/Evp2NoNWQAAolgC-1024x683.jpg\" alt=\"SEBASTIAN VETTEL; ASTON MARTIN; F\u00d3RMULA 1; F1 2021;\" class=\"wp-image-454292\"\/><figcaption>Ser\u00e1 esse o carro do penta? (Foto: Aston Martin)<\/figcaption><\/figure>\n\n\n\n<p class=\"wp-block-paragraph\">&#8220;Acredito que ainda tenho condi\u00e7\u00f5es. Sempre tive isso em mim e \u00e9 um grande al\u00edvio vencer o campeonato [pela primeira vez] e saber que voc\u00ea consegue. Desde ent\u00e3o, n\u00e3o vejo motivo para achar que perdi essa capacidade&#8221;, apontou.<\/p>\n\n\n\n<p class=\"wp-block-paragraph\">&#8220;Com rela\u00e7\u00e3o \u00e0 idade, ainda tenho bastante tempo. Com toda honestidade, depende das circunst\u00e2ncias e de como as coisas est\u00e3o indo num futuro pr\u00f3ximo&#8221;, seguiu.<\/p>\n\n\n\n<p class=\"wp-block-paragraph\">Questionado se o fato da Aston Martin ser uma equipe cliente n\u00e3o exclui de uma briga por t\u00edtulo mundial, Vettel se mostrou contr\u00e1rio. Afirmou que companhias como a Mercedes, fornecedora de motores para a Aston Martin, n\u00e3o trabalham para atrapalhar uma cliente em benef\u00edcio pr\u00f3prio nos tempos atuais.<\/p>\n\n\n\n\n\n<p class=\"wp-block-paragraph\">&#8220;N\u00e3o estou preocupado com isso, esse medo \u00e9 antiquado. Com algu\u00e9m como a Mercedes, acredito que teremos um tratamento muito justo. Se voc\u00ea for mais r\u00e1pido, estar\u00e1 permitido a bat\u00ea-los. Como eu disse, acho que a preocupa\u00e7\u00e3o \u00e9 coisa antiga. Como princ\u00edpio, mesmo. Vejo de onde ela vem, mas n\u00e3o estou preocupado. Se ficarmos muito perto da Mercedes, ser\u00e1 um feito. Ent\u00e3o \u00e9 a \u00faltima coisa na minha lista de preocupa\u00e7\u00f5es&#8221;, finalizou.<\/p>\n\n\n\n<p class=\"wp-block-paragraph\">Vettel, a Aston Martin e toda a F\u00f3rmula 1 entram na pista de Sakhir, no Bahrein, a partir de amanh\u00e3, 12 de mar\u00e7o e at\u00e9 o dia 14, para os testes coletivos de pr\u00e9-temporada.<\/p>\n\n\n\n<p class=\"wp-block-paragraph\">O <strong>GRANDE PR\u00caMIO<\/strong> prepara uma cobertura pra l\u00e1 de especial. Ainda durante a madrugada, desde o in\u00edcio das atividades de pista, com a transmiss\u00e3o em tempo real, al\u00e9m de an\u00e1lises e v\u00eddeos. E, ao fim de cada um dos dias de teste, vai ao ar o <strong>BRIEFING<\/strong>, programa <strong>AO VIVO<\/strong> na <strong>GP TV<\/strong>, o canal do <strong>GRANDE PR\u00caMIO<\/strong> no YouTube, com Victor Martins, Evelyn Guimar\u00e3es e Pedro Henrique Marum presentes \u00e0 mesa virtual com o debate completo sobre a pr\u00e9-temporada da F\u00f3rmula 1.<\/p>\n\n\n\n<figure class=\"wp-block-embed is-type-video is-provider-youtube wp-block-embed-youtube wp-embed-aspect-16-9 wp-has-aspect-ratio\"><div class=\"wp-block-embed__wrapper\">\n<iframe loading=\"lazy\" title=\"FERRARI P\u00d5E ESPERAN\u00c7A EM CARRO REVISADO E NOVO MOTOR NA F1 2021 | GP Not\u00edcias\" width=\"500\" height=\"281\" src=\"https:\/\/www.youtube.com\/embed\/6vd3R2IwM6c?feature=oembed\" frameborder=\"0\" allow=\"accelerometer; autoplay; clipboard-write; encrypted-media; gyroscope; picture-in-picture; web-share\" referrerpolicy=\"strict-origin-when-cross-origin\" allowfullscreen><\/iframe>\n<\/div><\/figure>\n","protected":false},"excerpt":{"rendered":"<p>Quase oito anos ap\u00f3s o quarto t\u00edtulo e aos 33 de idade, Sebastian Vettel tem plena confian\u00e7a de que ainda pode aumentar a lista de conquistas na F\u00f3rmula 1<\/p>\n","protected":false},"author":0,"featured_media":1000453704,"comment_status":"closed","ping_status":"closed","sticky":false,"template":"","format":"standard","meta":{"42wp_featured_image_caption":"","42wp_featured_image_credits":"","42wp_featured_video":"","42wp_featured_image_hidden":false,"42wp_authors_list":[],"footnotes":""},"categories":[2],"tags":[309,156,25536,27455,217,210],"42wp_author":[47120],"class_list":["post-123020","post","type-post","status-publish","format-standard","has-post-thumbnail","hentry","category-f1","tag-aston-martin","tag-f1-2021","tag-formula-1-2021-2","tag-formula-2021-2","tag-motor-mercedes","tag-sebastian-vettel","42wp_author-pedro-henrique-marum"],"_links":{"self":[{"href":"https:\/\/grandepremio.com\/br\/wp-json\/wp\/v2\/posts\/123020","targetHints":{"allow":["GET"]}}],"collection":[{"href":"https:\/\/grandepremio.com\/br\/wp-json\/wp\/v2\/posts"}],"about":[{"href":"https:\/\/grandepremio.com\/br\/wp-json\/wp\/v2\/types\/post"}],"replies":[{"embeddable":true,"href":"https:\/\/grandepremio.com\/br\/wp-json\/wp\/v2\/comments?post=123020"}],"version-history":[{"count":0,"href":"https:\/\/grandepremio.com\/br\/wp-json\/wp\/v2\/posts\/123020\/revisions"}],"wp:featuredmedia":[{"embeddable":true,"href":"https:\/\/grandepremio.com\/br\/wp-json\/wp\/v2\/media\/1000453704"}],"wp:attachment":[{"href":"https:\/\/grandepremio.com\/br\/wp-json\/wp\/v2\/media?parent=123020"}],"wp:term":[{"taxonomy":"category","embeddable":true,"href":"https:\/\/grandepremio.com\/br\/wp-json\/wp\/v2\/categories?post=123020"},{"taxonomy":"post_tag","embeddable":true,"href":"https:\/\/grandepremio.com\/br\/wp-json\/wp\/v2\/tags?post=123020"},{"taxonomy":"42wp_author","embeddable":true,"href":"https:\/\/grandepremio.com\/br\/wp-json\/wp\/v2\/42wp_author?post=123020"}],"curies":[{"name":"wp","href":"https:\/\/api.w.org\/{rel}","templated":true}]}}