{"id":123024,"date":"2021-03-10T16:54:22","date_gmt":"2021-03-10T19:54:22","guid":{"rendered":"https:\/\/grandepremio.com\/br\/noticias\/tt-gp-ferrari-poe-luz-sf21-fome-sebastian-vettel-formula-1\/"},"modified":"2021-03-10T16:57:23","modified_gmt":"2021-03-10T19:57:23","slug":"tt-gp-ferrari-poe-luz-sf21-fome-sebastian-vettel-formula-1","status":"publish","type":"post","link":"https:\/\/grandepremio.com\/br\/f1\/tt-gp-ferrari-poe-luz-sf21-fome-sebastian-vettel-formula-1\/","title":{"rendered":"TT GP: Ferrari p\u00f5e luz na SF21 e fome de Vettel na F\u00f3rmula 1"},"content":{"rendered":"\n<figure class=\"wp-block-video\"><video class=\"video-js vjs-big-play-centered\" data-gp-vjs=\"1\" controls src=\"https:\/\/www.grandepremio.com\/br\/wp-content\/uploads\/2021\/03\/drive_to_survive_3_trailer.mp4.mp4\"><\/video><figcaption>A F\u00f3rmula 1 deu uma &#8216;palhinha&#8217; do que vai ser a terceira temporada de &#8216;Drive to Survive&#8217;, produzida pela plataforma Netflix. A estreia est\u00e1 marcada para 19 de mar\u00e7o<\/figcaption><\/figure>\n\n\n\n<p class=\"wp-block-paragraph\">O TT GP #3 aproveitou a ocasi\u00e3o do lan\u00e7amento do carro da Ferrari para a temporada 2021, a SF21, e conversou amplamente sobre o que o ano guarda para a escuderia de Maranello. Ap\u00f3s o sexto lugar de 2020, at\u00e9 onde pode chegar o time italiano desta vez?<\/p>\n\n\n\n<p class=\"wp-block-paragraph\">Al\u00e9m da Ferrari, o programa debateu Sebastian Vettel, faminto para mostrar a ele mesmo e ao mundo que ainda pode, sim, andar com os melhores pilotos do mundo. O programa ainda estabeleceu um ranking est\u00e9tico dos carros de 2021 e comparou as equipes a BBBs atuais.<\/p>\n\n\n\n<p class=\"wp-block-paragraph\"><strong>Conhe\u00e7a o canal do Grande Pr\u00eamio no YouTube! Clique\u00a0<a rel=\"noreferrer noopener\" href=\"https:\/\/youtube.com\/GrandePremioTV\" target=\"_blank\">aqui<\/a>.<br>Siga o Grande Pr\u00eamio no\u00a0<a rel=\"noreferrer noopener\" href=\"https:\/\/twitter.com\/grandepremio\" target=\"_blank\">Twitter\u00a0<\/a>e no\u00a0<a rel=\"noreferrer noopener\" href=\"https:\/\/instagram.com\/grandepremio\" target=\"_blank\">Instagram<\/a>!<\/strong><br><strong><a href=\"https:\/\/www.grandepremio.com\/br\/web-stories\/f1\/formula-1-2021-tudo-sobre-os-lancamentos-dos-carros\/\"><\/a><strong><a href=\"https:\/\/www.grandepremio.com\/br\/f1\/\" target=\"_blank\" rel=\"noreferrer noopener\">F1\u00a0<\/a>lan\u00e7a\u00a0<a href=\"https:\/\/www.grandepremio.com\/br\/f1\/\" target=\"_blank\" rel=\"noreferrer noopener\">F1\u00a0<\/a>TV Pro no Brasil e\u00a0<a href=\"https:\/\/www.grandepremio.com\/br\/f1\/noticias\/formula-1-lanca-f1-tv-pro-no-brasil-e-da-desconto-de-25-em-assinatura\/\">d\u00e1 desconto de 25% em assinatura<\/a><\/strong><\/strong><\/p>\n\n\n\n<p class=\"wp-block-paragraph\">O TT GP vai ao ar sempre \u00e0s quartas-feiras para debater os assuntos mais quentes da semana que vieram depois do Paddock GP da segunda-feira. Na pr\u00f3xima quinta-feira, estreia o Coletiva GP, com comando de Evelyn Guimar\u00e3es, tamb\u00e9m \u00e0s 15h (de Bras\u00edlia) e na Twitch.<\/p>\n\n\n\n<figure class=\"wp-block-embed is-type-video is-provider-twitch wp-block-embed-twitch\"><div class=\"wp-block-embed__wrapper\">\nhttps:\/\/www.twitch.tv\/videos\/944259669\n<\/div><\/figure>\n\n\n\n<p class=\"wp-block-paragraph\"><strong>10+ &#8211; A beleza dos carros da F\u00f3rmula 1 2021<\/strong><\/p>\n\n\n\n<p class=\"wp-block-paragraph\">O pr\u00f3ximo fim de semana marca a pr\u00e9-temporada do Mundial de F\u00f3rmula 1 em 2021. Entre 12 e 14 de mar\u00e7o, todas as equipes colocam os carros na pista de maneira oficial pela primeira vez. Mas as dez escuderias j\u00e1 apresentaram sua principal marca para o campeonato: o carro novo. Como todo mundo apresentou algo, \u00e9 poss\u00edvel elencar os carros de maneira est\u00e9tica.<\/p>\n\n\n\n<p class=\"wp-block-paragraph\">\u00c9 o que fazemos no 10+ de hoje. A seguir, o que o leitor vai acompanhar \u00e9 um ranking dos carros por nada mais concreto que sua beleza. Venha conosco.<\/p>\n\n\n","protected":false},"excerpt":{"rendered":"<p>Na Twitch, TT GP debate as possibilidades da Ferrari em 2021 ap\u00f3s a apresenta\u00e7\u00e3o da SF21 e fala do que Vettel pode fazer na temporada. Ainda tem ranking de beleza dos carros<\/p>\n","protected":false},"author":0,"featured_media":1000454664,"comment_status":"closed","ping_status":"closed","sticky":false,"template":"","format":"standard","meta":{"42wp_featured_image_caption":"","42wp_featured_image_credits":"","42wp_featured_video":"","42wp_featured_image_hidden":false,"42wp_authors_list":[],"footnotes":""},"categories":[2],"tags":[156,207,1285,25536,210,27402],"42wp_author":[47120],"class_list":["post-123024","post","type-post","status-publish","format-standard","has-post-thumbnail","hentry","category-f1","tag-f1-2021","tag-ferrari","tag-formula-1-2021","tag-formula-1-2021-2","tag-sebastian-vettel","tag-tt-gp","42wp_author-pedro-henrique-marum"],"_links":{"self":[{"href":"https:\/\/grandepremio.com\/br\/wp-json\/wp\/v2\/posts\/123024","targetHints":{"allow":["GET"]}}],"collection":[{"href":"https:\/\/grandepremio.com\/br\/wp-json\/wp\/v2\/posts"}],"about":[{"href":"https:\/\/grandepremio.com\/br\/wp-json\/wp\/v2\/types\/post"}],"replies":[{"embeddable":true,"href":"https:\/\/grandepremio.com\/br\/wp-json\/wp\/v2\/comments?post=123024"}],"version-history":[{"count":0,"href":"https:\/\/grandepremio.com\/br\/wp-json\/wp\/v2\/posts\/123024\/revisions"}],"wp:featuredmedia":[{"embeddable":true,"href":"https:\/\/grandepremio.com\/br\/wp-json\/wp\/v2\/media\/1000454664"}],"wp:attachment":[{"href":"https:\/\/grandepremio.com\/br\/wp-json\/wp\/v2\/media?parent=123024"}],"wp:term":[{"taxonomy":"category","embeddable":true,"href":"https:\/\/grandepremio.com\/br\/wp-json\/wp\/v2\/categories?post=123024"},{"taxonomy":"post_tag","embeddable":true,"href":"https:\/\/grandepremio.com\/br\/wp-json\/wp\/v2\/tags?post=123024"},{"taxonomy":"42wp_author","embeddable":true,"href":"https:\/\/grandepremio.com\/br\/wp-json\/wp\/v2\/42wp_author?post=123024"}],"curies":[{"name":"wp","href":"https:\/\/api.w.org\/{rel}","templated":true}]}}