{"id":123054,"date":"2021-03-09T10:29:03","date_gmt":"2021-03-09T13:29:03","guid":{"rendered":"https:\/\/grandepremio.com\/br\/noticias\/tcr-sul-americano-muda-calendario-apos-acordos-tv\/"},"modified":"2021-03-09T10:29:08","modified_gmt":"2021-03-09T13:29:08","slug":"tcr-sul-americano-muda-calendario-apos-acordos-tv","status":"publish","type":"post","link":"https:\/\/grandepremio.com\/br\/tcr\/tcr-sul-americano-muda-calendario-apos-acordos-tv\/","title":{"rendered":"TCR Sul-Americano altera calend\u00e1rio para 2021 ap\u00f3s acordos para transmiss\u00e3o na TV"},"content":{"rendered":"\n<figure class=\"wp-block-video\"><video class=\"video-js vjs-big-play-centered\" data-gp-vjs=\"1\" controls src=\"https:\/\/www.grandepremio.com\/br\/wp-content\/uploads\/2021\/03\/Introducing-the-2021-challenger-the-FW43B.mp4\"><\/video><figcaption>A Williams apresenta seu FW43B para a temporada 2021 da F\u00f3rmula<\/figcaption><\/figure>\n\n\n\n<p class=\"wp-block-paragraph\">A organiza\u00e7\u00e3o do TCR Sul-Americano, a mais nova categoria continental do esporte a motor, anunciou nesta ter\u00e7a-feira (9) mudan\u00e7as no seu cronograma original para a temporada de estreia, em 2021. <a href=\"https:\/\/www.grandepremio.com\/br\/turismo\/noticias\/tcr-sul-americano-divulga-calendario-de-2021-com-8-etapas-em-4-paises\/\">A base segue a mesma, com oito etapas, sendo tr\u00eas delas no Brasil. Tamb\u00e9m est\u00e1 mantida, at\u00e9 o momento, a previs\u00e3o de realizar a abertura do campeonato em maio<\/a>, mas com mudan\u00e7as na programa\u00e7\u00e3o tra\u00e7ada no fim do ano passado. <a href=\"https:\/\/www.grandepremio.com\/br\/tcr-sul-americano\/noticias\/espn-e-fox-sports-fecham-acordo-e-exibem-temporada-inaugural-do-tcr-sul-americano\/\">A categoria considerou os acordos com ESPN e Fox Sports para transmiss\u00e3o das corridas ao vivo no Brasil, e do canal Carburando, por meio da TyC Sports, na Argentina, para realizar as mudan\u00e7as<\/a>.<\/p>\n\n\n\n<p class=\"wp-block-paragraph\">O comunicado confirmou que, ao menos at\u00e9 o momento, Goi\u00e2nia vai ser o palco de abertura do campeonato, em fim de semana compartilhado com a Copa Truck. A prova inaugural do TCR Sul-Americano estava marcada para o fim de semana entre 7 e 9 de maio, mas foi postergado em duas semanas, acontecendo entre 22 e 23 do quinto m\u00eas.<\/p>\n\n\n\n\n\n<figure class=\"wp-block-image size-large\"><img decoding=\"async\" src=\"https:\/\/www.grandepremio.com\/br\/wp-content\/uploads\/2021\/01\/Com-24-pneus-especiais-de-competicao-de-tres-marcas-diferentes-Nono-Figueiredo-pretende-completar-155-voltas-pela-pista-de-2.278-metros-do-Velopark-no-Rio-Grande-do-Sul-foto-divulgacao--1024x682.jpg\" alt=\"TCR; TCR SUL-AMERICANO; 2021;\" class=\"wp-image-445415\"\/><figcaption>O TCR Sul-Americano anunciou pequenas mudan\u00e7as no calend\u00e1rio para a temporada de estreia em 2021 (Foto: Divulga\u00e7\u00e3o)<\/figcaption><\/figure>\n\n\n\n<p class=\"wp-block-paragraph\">O Brasil vai receber as tr\u00eas primeiras provas da competi\u00e7\u00e3o, com o circuito do Velopark, em Nova Santa Rita \u2014 Regi\u00e3o Metropolitana de Porto Alegre \u2014 como palco da segunda etapa, e o Aut\u00f3dromo Internacional de Curitiba, como local da terceira etapa, uma corrida de longa dura\u00e7\u00e3o, estimada em 200 km, com a participa\u00e7\u00e3o de dois pilotos, sendo um titular e um convidado por carro. As datas s\u00e3o as mesmas do cronograma original: 12 e 13 de junho no Velopark, 24 e 25 de julho em Curitiba.<\/p>\n\n\n\n<p class=\"wp-block-paragraph\">A etapa marcada para Rivera, no Uruguai, pr\u00f3ximo \u00e0 fronteira com o Brasil na cidade de Livramento, no Rio Grande do Sul, segue como a quarta do calend\u00e1rio, mas tamb\u00e9m sofreu mudan\u00e7as na sua data, passando do fim de semana entre 30 de julho a 1\u00ba de agosto para 28 e 29 do oitavo m\u00eas.<\/p>\n\n\n\n<p class=\"wp-block-paragraph\">As tr\u00eas datas previstas para a Argentina seguem mantidas, mas tamb\u00e9m com mudan\u00e7as nas respectivas datas originais. Ainda sem circuitos definidos, o TCR Sul-Americano vai correr no pa\u00eds vizinho na quinta etapa, entre 11 e 12 de setembro, na sexta etapa \u2014 que tamb\u00e9m vai levar o formato de endurance, entre 2 e 3 de outubro \u2014, e nos dias 13 e 14 de novembro, em evento v\u00e1lido pela s\u00e9tima etapa.<\/p>\n\n\n\n<p class=\"wp-block-paragraph\">H\u00e1 um ponto de interroga\u00e7\u00e3o sobre a oitava etapa. Temuco, no Chile, estava confirmado como palco da rodada derradeira do campeonato entre 12 e 14 de novembro. Entretanto, o novo calend\u00e1rio aponta que a disputa pode acontecer no Chile ou na Argentina, e a organiza\u00e7\u00e3o frisa que mudan\u00e7as est\u00e3o sujeitas em decorr\u00eancia da situa\u00e7\u00e3o da pandemia de Covid-19 na regi\u00e3o e tamb\u00e9m das transmiss\u00f5es da categoria. Uma nova data para a \u00faltima prova da temporada ainda vai ser confirmada, bem como o local das corridas.<\/p>\n\n\n\n<p class=\"wp-block-paragraph\"><strong>Conhe\u00e7a o canal do Grande Pr\u00eamio no YouTube! Clique\u00a0<a rel=\"noreferrer noopener\" href=\"https:\/\/youtube.com\/GrandePremioTV\" target=\"_blank\">aqui<\/a>.<br>Siga o Grande Pr\u00eamio no\u00a0<a rel=\"noreferrer noopener\" href=\"https:\/\/twitter.com\/grandepremio\" target=\"_blank\">Twitter\u00a0<\/a>e no\u00a0<a rel=\"noreferrer noopener\" href=\"https:\/\/instagram.com\/grandepremio\" target=\"_blank\">Instagram<\/a>!<\/strong><br><strong><a href=\"https:\/\/www.grandepremio.com\/br\/web-stories\/f1\/formula-1-2021-tudo-sobre-os-lancamentos-dos-carros\/\">WEB STORIES: Tudo sobre os lan\u00e7amentos dos carros da\u00a0<\/a><a href=\"https:\/\/www.grandepremio.com\/br\/f1\/\" target=\"_blank\" rel=\"noreferrer noopener\">F1\u00a0<\/a>2021<\/strong><\/p>\n","protected":false},"excerpt":{"rendered":"<p>O calend\u00e1rio segue com previs\u00e3o de oito datas e com a perspectiva de come\u00e7ar no Brasil, mais precisamente em Goi\u00e2nia, mas agora entre os dias 22 e 23 de maio. Ainda n\u00e3o h\u00e1 confirma\u00e7\u00e3o das pra\u00e7as onde o TCR Sul-Americano vai correr na Argentina no seu ano de debute<\/p>\n","protected":false},"author":0,"featured_media":1000427049,"comment_status":"closed","ping_status":"closed","sticky":false,"template":"","format":"standard","meta":{"42wp_featured_image_caption":"","42wp_featured_image_credits":"","42wp_featured_video":"","42wp_featured_image_hidden":false,"42wp_authors_list":[],"footnotes":""},"categories":[45],"tags":[24893,6513,4800,24830,332,24921,25286],"42wp_author":[47110],"class_list":["post-123054","post","type-post","status-publish","format-standard","has-post-thumbnail","hentry","category-tcr","tag-calendario","tag-espn","tag-fox-sports","tag-pandemia","tag-tcr","tag-tcr-sul-americano","tag-transmissao","42wp_author-fernando-silva"],"_links":{"self":[{"href":"https:\/\/grandepremio.com\/br\/wp-json\/wp\/v2\/posts\/123054","targetHints":{"allow":["GET"]}}],"collection":[{"href":"https:\/\/grandepremio.com\/br\/wp-json\/wp\/v2\/posts"}],"about":[{"href":"https:\/\/grandepremio.com\/br\/wp-json\/wp\/v2\/types\/post"}],"replies":[{"embeddable":true,"href":"https:\/\/grandepremio.com\/br\/wp-json\/wp\/v2\/comments?post=123054"}],"version-history":[{"count":0,"href":"https:\/\/grandepremio.com\/br\/wp-json\/wp\/v2\/posts\/123054\/revisions"}],"wp:featuredmedia":[{"embeddable":true,"href":"https:\/\/grandepremio.com\/br\/wp-json\/wp\/v2\/media\/1000427049"}],"wp:attachment":[{"href":"https:\/\/grandepremio.com\/br\/wp-json\/wp\/v2\/media?parent=123054"}],"wp:term":[{"taxonomy":"category","embeddable":true,"href":"https:\/\/grandepremio.com\/br\/wp-json\/wp\/v2\/categories?post=123054"},{"taxonomy":"post_tag","embeddable":true,"href":"https:\/\/grandepremio.com\/br\/wp-json\/wp\/v2\/tags?post=123054"},{"taxonomy":"42wp_author","embeddable":true,"href":"https:\/\/grandepremio.com\/br\/wp-json\/wp\/v2\/42wp_author?post=123054"}],"curies":[{"name":"wp","href":"https:\/\/api.w.org\/{rel}","templated":true}]}}