{"id":123061,"date":"2021-03-09T07:29:17","date_gmt":"2021-03-09T10:29:17","guid":{"rendered":"https:\/\/grandepremio.com\/br\/noticias\/sebastian-vettel-ignora-criticos-e-diz-nada-ter-a-provar-nao-ligo-para-o-que-pensam\/"},"modified":"2021-03-09T07:29:24","modified_gmt":"2021-03-09T10:29:24","slug":"sebastian-vettel-ignora-criticos-e-diz-nada-ter-a-provar-nao-ligo-para-o-que-pensam","status":"publish","type":"post","link":"https:\/\/grandepremio.com\/br\/f1\/sebastian-vettel-ignora-criticos-e-diz-nada-ter-a-provar-nao-ligo-para-o-que-pensam\/","title":{"rendered":"Vettel ignora cr\u00edticos e diz nada ter a provar: \u201cN\u00e3o ligo para o que as pessoas pensam\u201d"},"content":{"rendered":"\n<figure class=\"wp-block-video\"><video class=\"video-js vjs-big-play-centered\" data-gp-vjs=\"1\" controls src=\"https:\/\/www.grandepremio.com\/br\/wp-content\/uploads\/2021\/03\/2021-03-04_F1_AstonMartin_shakedown_AMR12.mp4\"><\/video><figcaption>Sebastian Vettel e Lance Stroll completam primeiras voltas com o AMR21, o novo carro da Aston Martin na F\u00f3rmula 1 (V\u00eddeo: Aston Martin\/Divulga\u00e7\u00e3o)<\/figcaption><\/figure>\n\n\n\n<p class=\"wp-block-paragraph\">Sebastian Vettel j\u00e1 viveu os dois lados de uma grande carreira como piloto de F\u00f3rmula 1. O alem\u00e3o ascendeu muito r\u00e1pido e em 2010, com 23 anos, 4 meses e 11 dias, tornou-se o mais jovem campe\u00e3o mundial da hist\u00f3ria \u2014 marca que at\u00e9 hoje n\u00e3o foi batida. Foram quatro t\u00edtulos em sequ\u00eancia, at\u00e9 2013, com a Red Bull. Foi para a Ferrari a partir de 2015 contratado a peso de ouro, venceu 14 GPs e foi duas vezes vice-campe\u00e3o do mundo (2017 e 2018), mas jamais chegou perto de lutar pela ta\u00e7a novamente. Entre 2019 e 2020, atravessou um verdadeiro calv\u00e1rio com a falta de bons resultados, erros e teve tamb\u00e9m um companheiro de equipe que o superou, Charles Leclerc. Agora, trilha um novo horizonte na sua trajet\u00f3ria nas pistas e busca dar a volta por cima na F1 como piloto da Aston Martin.<\/p>\n\n\n\n<p class=\"wp-block-paragraph\">Vettel tem um curr\u00edculo pra l\u00e1 de vitorioso: quatro t\u00edtulos mundiais, 53 vit\u00f3rias, 57 poles, 38 voltas mais r\u00e1pidas e 121 p\u00f3dios ao longo de 257 GPs disputados. Seb, de 33 anos, figura nas principais estat\u00edsticas de performance da F\u00f3rmula 1 sempre entre os cinco maiores da hist\u00f3ria.<\/p>\n\n\n\n<p class=\"wp-block-paragraph\">Por isso, o alem\u00e3o deixou claro que n\u00e3o tem nada a provar, sobretudo aos cr\u00edticos, mas sim <a href=\"https:\/\/www.grandepremio.com\/br\/f1\/noticias\/sebastian-vettel-quer-provar-para-si-mesmo-que-ainda-pode-ser-rapido-diz-chefe-da-aston-martin\/\">a si mesmo<\/a> e \u00e0 sua equipe. E lembrou que tamb\u00e9m n\u00e3o est\u00e1 interessado em deixar um legado na F\u00f3rmula 1, tra\u00e7ando um paralelo com aquele que foi, por quase meio s\u00e9culo, o maior campe\u00e3o da categoria em todos os tempos.<\/p>\n\n\n\n<figure class=\"wp-block-image size-large\"><img decoding=\"async\" src=\"https:\/\/www.grandepremio.com\/br\/wp-content\/uploads\/2021\/03\/Evs-U-9WQAM_Y7c-1024x683.jpg\" alt=\"SEBASTIAN VETTEL; ASTON MARTIN; F\u00d3RMULA 1; F1 2021;\" class=\"wp-image-454294\"\/><figcaption>Sebastian Vettel s\u00f3 quer provar a si mesmo e \u00e0 equipe (Foto: Aston Martin)<\/figcaption><\/figure>\n\n\n\n<p class=\"wp-block-paragraph\"><strong>Conhe\u00e7a o canal do Grande Pr\u00eamio no YouTube! Clique\u00a0<a rel=\"noreferrer noopener\" href=\"https:\/\/youtube.com\/GrandePremioTV\" target=\"_blank\">aqui<\/a>.<br>Siga o Grande Pr\u00eamio no\u00a0<a rel=\"noreferrer noopener\" href=\"https:\/\/twitter.com\/grandepremio\" target=\"_blank\">Twitter\u00a0<\/a>e no\u00a0<a rel=\"noreferrer noopener\" href=\"https:\/\/instagram.com\/grandepremio\" target=\"_blank\">Instagram<\/a>!<\/strong><br><strong><a href=\"https:\/\/www.grandepremio.com\/br\/web-stories\/f1\/formula-1-2021-tudo-sobre-os-lancamentos-dos-carros\/\">WEB STORIES: Tudo sobre os lan\u00e7amentos dos carros da\u00a0<\/a><a href=\"https:\/\/www.grandepremio.com\/br\/f1\/\" target=\"_blank\" rel=\"noreferrer noopener\">F1\u00a0<\/a>2021<\/strong><\/p>\n\n\n\n<p class=\"wp-block-paragraph\">\u201cN\u00e3o ligo para o que as pessoas pensam. \u00c9 mais uma quest\u00e3o de deixar claro para a equipe e para mim mesmo, do que para as pessoas. Nosso mundo se movimenta muito r\u00e1pido, e o mundo tem de se movimentar rapidamente, o que \u00e9 bom\u201d, declarou o alem\u00e3o em entrevista veiculada pela revista brit\u00e2nica Autosport na esteira do lan\u00e7amento do AMR21, o carro da Aston Martin para a temporada 2021 da F\u00f3rmula 1.<\/p>\n\n\n\n<p class=\"wp-block-paragraph\">\u201cDo contr\u00e1rio, voc\u00ea sempre vai estar preso ao passado e ainda vai dizer que Juan Manuel Fangio \u00e9 o senhor e salvador de todos os pilotos. Sem d\u00favida, ele era muito, muito especial. Mas se voc\u00ea perguntar a um jovem de 15 anos quem \u00e9 Juan Manuel Fangio, acho que eles n\u00e3o v\u00e3o saber\u201d, salientou Vettel, enxergando nisso algo positivo.<\/p>\n\n\n\n<p class=\"wp-block-paragraph\">\u201cIsso \u00e9 bom. O tempo vai passar. E, especialmente hoje em dia, provavelmente Fangio teve um legado mais longo do que qualquer um de n\u00f3s jamais vai ter, independente de quantas vit\u00f3rias tivermos, e assim por diante. E isso \u00e9 bom\u201d, comentou.<\/p>\n\n\n\n<p class=\"wp-block-paragraph\">Vettel voltou a afirmar que n\u00e3o se importa com o que pensam ao seu respeito. E tamb\u00e9m n\u00e3o liga pela forma como e se vai ser lembrado no futuro.<\/p>\n\n\n\n<p class=\"wp-block-paragraph\">\u201c\u00c9 bom seguir em frente e seguir adiante. Portanto, tenho quase certeza de que, quando me aposentar da F\u00f3rmula 1, vou ser esquecido muito rapidamente, e t\u00e1 tudo bem. Acho isso saud\u00e1vel. \u00c9 por isso que tamb\u00e9m n\u00e3o estou muito preocupado em provar nada nesse ponto de vista para as pessoas, tenho somente de me concentrar do meu lado, que quem est\u00e1 \u00e0 minha frente sou eu mesmo\u201d, concluiu.<\/p>\n\n\n","protected":false},"excerpt":{"rendered":"<p>Sebastian Vettel entende que, se tiver de ainda provar algo a algu\u00e9m, ser\u00e1 para si mesmo e para sua equipe, hoje, a Aston Martin. O tetracampe\u00e3o tra\u00e7ou um paralelo com Juan Manuel Fangio e deixou claro que n\u00e3o est\u00e1 interessado em deixar um legado na F\u00f3rmula 1<\/p>\n","protected":false},"author":0,"featured_media":1000453704,"comment_status":"closed","ping_status":"closed","sticky":false,"template":"","format":"standard","meta":{"42wp_featured_image_caption":"","42wp_featured_image_credits":"","42wp_featured_video":"","42wp_featured_image_hidden":false,"42wp_authors_list":[],"footnotes":""},"categories":[2],"tags":[309,147,156,24837,25536,24836,1971,210],"42wp_author":[47110],"class_list":["post-123061","post","type-post","status-publish","format-standard","has-post-thumbnail","hentry","category-f1","tag-aston-martin","tag-f1","tag-f1-2021","tag-formula-1-2","tag-formula-1-2021-2","tag-grande-premio-2","tag-juan-manuel-fangio","tag-sebastian-vettel","42wp_author-fernando-silva"],"_links":{"self":[{"href":"https:\/\/grandepremio.com\/br\/wp-json\/wp\/v2\/posts\/123061","targetHints":{"allow":["GET"]}}],"collection":[{"href":"https:\/\/grandepremio.com\/br\/wp-json\/wp\/v2\/posts"}],"about":[{"href":"https:\/\/grandepremio.com\/br\/wp-json\/wp\/v2\/types\/post"}],"replies":[{"embeddable":true,"href":"https:\/\/grandepremio.com\/br\/wp-json\/wp\/v2\/comments?post=123061"}],"version-history":[{"count":0,"href":"https:\/\/grandepremio.com\/br\/wp-json\/wp\/v2\/posts\/123061\/revisions"}],"wp:featuredmedia":[{"embeddable":true,"href":"https:\/\/grandepremio.com\/br\/wp-json\/wp\/v2\/media\/1000453704"}],"wp:attachment":[{"href":"https:\/\/grandepremio.com\/br\/wp-json\/wp\/v2\/media?parent=123061"}],"wp:term":[{"taxonomy":"category","embeddable":true,"href":"https:\/\/grandepremio.com\/br\/wp-json\/wp\/v2\/categories?post=123061"},{"taxonomy":"post_tag","embeddable":true,"href":"https:\/\/grandepremio.com\/br\/wp-json\/wp\/v2\/tags?post=123061"},{"taxonomy":"42wp_author","embeddable":true,"href":"https:\/\/grandepremio.com\/br\/wp-json\/wp\/v2\/42wp_author?post=123061"}],"curies":[{"name":"wp","href":"https:\/\/api.w.org\/{rel}","templated":true}]}}