{"id":123077,"date":"2021-03-08T10:00:00","date_gmt":"2021-03-08T13:00:00","guid":{"rendered":"https:\/\/grandepremio.com\/br\/noticias\/gp-as-10-f1-tem-marco-insano-com-testes-drive-to-survive-e-inicio-da-temporada\/"},"modified":"2021-03-08T09:47:28","modified_gmt":"2021-03-08T12:47:28","slug":"gp-as-10-f1-tem-marco-insano-com-testes-drive-to-survive-e-inicio-da-temporada","status":"publish","type":"post","link":"https:\/\/grandepremio.com\/br\/f1\/gp-as-10-f1-tem-marco-insano-com-testes-drive-to-survive-e-inicio-da-temporada\/","title":{"rendered":"GP \u00e0s 10: F1 tem mar\u00e7o insano com testes, \u2018Drive to Survive\u2019 e in\u00edcio da temporada"},"content":{"rendered":"\n<figure class=\"wp-block-embed is-type-video is-provider-youtube wp-block-embed-youtube wp-embed-aspect-16-9 wp-has-aspect-ratio\"><div class=\"wp-block-embed__wrapper\">\n<iframe loading=\"lazy\" title=\"F1 TEM MAR\u00c7O INSANO COM TESTES, \u2018DRIVE TO SURVIVE\u2019 E IN\u00cdCIO DA TEMPORADA | GP \u00c0S 10\" width=\"500\" height=\"281\" src=\"https:\/\/www.youtube.com\/embed\/NpyU1Hk1ZkE?feature=oembed\" frameborder=\"0\" allow=\"accelerometer; autoplay; clipboard-write; encrypted-media; gyroscope; picture-in-picture; web-share\" referrerpolicy=\"strict-origin-when-cross-origin\" allowfullscreen><\/iframe>\n<\/div><\/figure>\n\n\n\n<p class=\"wp-block-paragraph\">Mar\u00e7o chegou trazendo enorme expectativa para o f\u00e3 do esporte a motor. Os lan\u00e7amentos antecedem os testes de pr\u00e9-temporada no fim desta semana, no Bahrein. Dias depois dos ensaios curtos, de apenas tr\u00eas dias em Sakhir, a plataforma Netflix vai lan\u00e7ar a terceira temporada da aclamada s\u00e9rie \u2018Drive to Survive\u2019, que vai contar os bastidores da temporada passada. No fim do m\u00eas, a principal categoria do esporte a motor abre enfim o Mundial em 2021, tamb\u00e9m no Bahrein. Fernando Silva aborda tudo sobre o mar\u00e7o insano no GP \u00e0s 10 desta segunda-feira.<\/p>\n\n\n\n<p class=\"wp-block-paragraph\">A primeira semana de mar\u00e7o come\u00e7ou com nada menos que cinco lan\u00e7amentos \u2014 <a href=\"https:\/\/www.grandepremio.com\/br\/web-stories\/f1\/formula-1-2021-veja-todos-os-10-novos-carros-do-grid\/\">Mercedes, Alpine, Aston Martin, Haas e Williams<\/a> \u2014, deixando a Ferrari em \u00faltimo, desfraldando a sua nova SF21 no pr\u00f3ximo dia 10. Dois dias depois, pilotos e equipes v\u00e3o encarar a pr\u00e9-temporada mais curta dos \u00faltimos tempos, com apenas tr\u00eas dias de atividades de pista em Sakhir, no Bahrein.<\/p>\n\n\n\n<p class=\"wp-block-paragraph\">No dia 19, a plataforma de streaming Netflix vai levar ao ar a terceira temporada de \u2018Drive to Survive\u2019. H\u00e1 muita expectativa em torno da s\u00e9rie em raz\u00e3o das grandes hist\u00f3rias proporcionadas pela F\u00f3rmula 1 na temporada passada, como as vit\u00f3rias surpreendentes de Pierre Gasly e Sergio P\u00e9rez, os feitos hist\u00f3ricos de Lewis Hamilton, o acidente grav\u00edssimo sofrido por Romain Grosjean e como o esporte se preparou para lidar com a pandemia, que at\u00e9 hoje aflige a humanidade.<\/p>\n\n\n\n<p class=\"wp-block-paragraph\">E no dia 28, finalmente vai come\u00e7ar a temporada 2021 do Mundial de F\u00f3rmula 1, no mesmo local dos testes de inverno, o Bahrein. H\u00e1 grande expectativa tamb\u00e9m em torno da reestreia da Band como emissora respons\u00e1vel pelas transmiss\u00f5es da F\u00f3rmula 1 depois de 40 anos da categoria nas telas do Grupo Globo.<\/p>\n\n\n\n<p class=\"wp-block-paragraph\">Mas al\u00e9m da F\u00f3rmula 1, h\u00e1 destaque tamb\u00e9m para a F\u00f3rmula 2, que neste ano conta com tr\u00eas brasileiros no grid: Felipe Drugovich, Gianluca Petecof e Guilherme Samaia. A <a href=\"https:\/\/www.grandepremio.com\/br\/f2\/noticias\/dan-ticktum-abre-testes-da-formula-2-na-frente-no-bahrein-guilherme-samaia-fecha-manha-em-sexto\/\">principal categoria de acesso \u00e0 F1 realiza sua pr\u00e9-temporada nesta semana<\/a> e depois vai partir para o novo formato de rodadas triplas no mesmo fim de semana do GP do Bahrein, tamb\u00e9m no \u00faltimo domingo do m\u00eas.<\/p>\n\n\n\n<p class=\"wp-block-paragraph\">Ainda em mar\u00e7o, a MotoGP acelera com os testes de pr\u00e9-temporada e o in\u00edcio do campeonato de 2021, em Losail, no Catar, ainda com enorme inc\u00f3gnita sobre a participa\u00e7\u00e3o de Marc M\u00e1rquez no Oriente M\u00e9dio.<\/p>\n\n\n\n<p class=\"wp-block-paragraph\">A Stock Car tamb\u00e9m tem agendada a abertura do seu campeonato, previsto tamb\u00e9m para 28 de mar\u00e7o, no Velopark, mas tudo \u00e9 absolutamente incerto em raz\u00e3o do momento mais grave da pandemia no Brasil. Ainda n\u00e3o h\u00e1 nenhuma informa\u00e7\u00e3o, por\u00e9m, sobre um poss\u00edvel cancelamento da prova no circuito ga\u00facho.<\/p>\n\n\n\n<p class=\"wp-block-paragraph\">Qual a sua maior expectativa para mar\u00e7o no esporte a motor? Assista j\u00e1 ao v\u00eddeo na GP TV, o canal do <a href=\"https:\/\/www.youtube.com\/c\/GrandePremioTV\/\"><strong>GRANDE PR\u00caMIO<\/strong> no YouTube, e comente<\/a>.<\/p>\n\n\n\n<p class=\"wp-block-paragraph\"><strong>Conhe\u00e7a o canal do Grande Pr\u00eamio no YouTube! Clique&nbsp;<a rel=\"noreferrer noopener\" href=\"https:\/\/youtube.com\/GrandePremioTV\" target=\"_blank\">aqui<\/a>.<br>Siga o Grande Pr\u00eamio no&nbsp;<a rel=\"noreferrer noopener\" href=\"https:\/\/twitter.com\/grandepremio\" target=\"_blank\">Twitter&nbsp;<\/a>e no&nbsp;<a rel=\"noreferrer noopener\" href=\"https:\/\/instagram.com\/grandepremio\" target=\"_blank\">Instagram<\/a>!<\/strong><br><strong><a href=\"https:\/\/www.grandepremio.com\/br\/web-stories\/f1\/formula-1-2021-tudo-sobre-os-lancamentos-dos-carros\/\">WEB STORIES: Tudo sobre os lan\u00e7amentos dos carros da&nbsp;<\/a><a href=\"https:\/\/www.grandepremio.com\/br\/f1\/\" target=\"_blank\" rel=\"noreferrer noopener\">F1&nbsp;<\/a>2021<\/strong><\/p>\n","protected":false},"excerpt":{"rendered":"<p>A F\u00f3rmula 1 ser\u00e1 a grande protagonista de um m\u00eas pra l\u00e1 de movimentado no esporte a motor. Fernando Silva aborda o que vem a\u00ed no mar\u00e7o insano nas pistas no GP \u00e0s 10 desta segunda-feira<\/p>\n","protected":false},"author":0,"featured_media":1000454297,"comment_status":"closed","ping_status":"closed","sticky":false,"template":"","format":"standard","meta":{"42wp_featured_image_caption":"","42wp_featured_image_credits":"","42wp_featured_video":"","42wp_featured_image_hidden":false,"42wp_authors_list":[],"footnotes":""},"categories":[2],"tags":[147,156,390,24837,25536,24951,24840,87,78,210,69,751,24842],"42wp_author":[47110],"class_list":["post-123077","post","type-post","status-publish","format-standard","has-post-thumbnail","hentry","category-f1","tag-f1","tag-f1-2021","tag-fernando-silva","tag-formula-1-2","tag-formula-1-2021-2","tag-formula-2-2","tag-gp-as-10-2","tag-lewis-hamilton","tag-motogp","tag-sebastian-vettel","tag-stock-car","tag-temporada","tag-video-2","42wp_author-fernando-silva"],"_links":{"self":[{"href":"https:\/\/grandepremio.com\/br\/wp-json\/wp\/v2\/posts\/123077","targetHints":{"allow":["GET"]}}],"collection":[{"href":"https:\/\/grandepremio.com\/br\/wp-json\/wp\/v2\/posts"}],"about":[{"href":"https:\/\/grandepremio.com\/br\/wp-json\/wp\/v2\/types\/post"}],"replies":[{"embeddable":true,"href":"https:\/\/grandepremio.com\/br\/wp-json\/wp\/v2\/comments?post=123077"}],"version-history":[{"count":0,"href":"https:\/\/grandepremio.com\/br\/wp-json\/wp\/v2\/posts\/123077\/revisions"}],"wp:featuredmedia":[{"embeddable":true,"href":"https:\/\/grandepremio.com\/br\/wp-json\/wp\/v2\/media\/1000454297"}],"wp:attachment":[{"href":"https:\/\/grandepremio.com\/br\/wp-json\/wp\/v2\/media?parent=123077"}],"wp:term":[{"taxonomy":"category","embeddable":true,"href":"https:\/\/grandepremio.com\/br\/wp-json\/wp\/v2\/categories?post=123077"},{"taxonomy":"post_tag","embeddable":true,"href":"https:\/\/grandepremio.com\/br\/wp-json\/wp\/v2\/tags?post=123077"},{"taxonomy":"42wp_author","embeddable":true,"href":"https:\/\/grandepremio.com\/br\/wp-json\/wp\/v2\/42wp_author?post=123077"}],"curies":[{"name":"wp","href":"https:\/\/api.w.org\/{rel}","templated":true}]}}