{"id":123090,"date":"2021-03-07T11:54:10","date_gmt":"2021-03-07T14:54:10","guid":{"rendered":"https:\/\/grandepremio.com\/br\/noticias\/alpine-se-surpreende-com-recuperacao-rapida-de-fernando-alonso-apos-acidente-tudo-em-ordem\/"},"modified":"2021-03-07T18:33:51","modified_gmt":"2021-03-07T21:33:51","slug":"alpine-se-surpreende-com-recuperacao-rapida-de-fernando-alonso-apos-acidente-tudo-em-ordem","status":"publish","type":"post","link":"https:\/\/grandepremio.com\/br\/f1\/alpine-se-surpreende-com-recuperacao-rapida-de-fernando-alonso-apos-acidente-tudo-em-ordem\/","title":{"rendered":"Alpine se surpreende com recupera\u00e7\u00e3o r\u00e1pida de Alonso ap\u00f3s acidente: \u201cTudo em ordem\u201d"},"content":{"rendered":"\n<figure class=\"wp-block-video\"><video class=\"video-js vjs-big-play-centered\" data-gp-vjs=\"1\" controls src=\"https:\/\/www.grandepremio.com\/br\/wp-content\/uploads\/2021\/03\/Alonso-operado-apos-acidente-de-bicicleta.mp4\"><\/video><figcaption>Como foi o acidente de Alonso andando de bicicleta (V\u00eddeo: GRANDE PR\u00caMIO)<\/figcaption><\/figure>\n\n\n\n<p class=\"wp-block-paragraph\">A not\u00edcia de que Fernando Alonso se envolveu em um acidente de bicicleta causou calafrios na comunidade da F\u00f3rmula 1, mas acabou sendo apenas um susto. O espanhol passou por uma cirurgia na mand\u00edbula e j\u00e1 est\u00e1 pronto para a pr\u00f3xima, indo al\u00e9m das expectativas da pr\u00f3pria equipe, a Alpine.<\/p>\n\n\n\n<p class=\"wp-block-paragraph\">\u201cO Fernando est\u00e1 muito bem\u201d, disse Laurent Rossi, diretor-executivo da Alpine na F\u00f3rmula 1. \u201cFoi um acidente feio, e acidentes de bicicleta raramente s\u00e3o simples, mas ele teve sorte. Acabou que ele s\u00f3 teve problemas na mand\u00edbula e, fora a cirurgia e os cuidados necess\u00e1rios, ele est\u00e1 completamente bem, completamente em forma. N\u00f3s estamos at\u00e9 surpresos com como ele se recuperou t\u00e3o rapidamente\u201d, seguiu.<\/p>\n\n\n\n<p class=\"wp-block-paragraph\"><strong>Conhe\u00e7a o canal do Grande Pr\u00eamio no YouTube! Clique&nbsp;<a rel=\"noreferrer noopener\" href=\"https:\/\/youtube.com\/GrandePremioTV\" target=\"_blank\">aqui<\/a>.<br>Siga o Grande Pr\u00eamio no&nbsp;<a rel=\"noreferrer noopener\" href=\"https:\/\/twitter.com\/grandepremio\" target=\"_blank\">Twitter&nbsp;<\/a>e no&nbsp;<a rel=\"noreferrer noopener\" href=\"https:\/\/instagram.com\/grandepremio\" target=\"_blank\">Instagram<\/a>!<\/strong><\/p>\n\n\n\n<figure class=\"wp-block-image size-large\"><img decoding=\"async\" src=\"https:\/\/www.grandepremio.com\/br\/wp-content\/uploads\/2020\/05\/19-Alonso-1024x575.jpg\" alt=\"FERNANDO ALONSO; ALPINE; F1; F\u00d3RMULA 1; F1 2021\" class=\"wp-image-453908\"\/><figcaption>Fernando Alonso est\u00e1 de volta \u00e0 F\u00f3rmula 1 como novo piloto da Alpine (Foto: Alpine F1 Team)<\/figcaption><\/figure>\n\n\n\n<p class=\"wp-block-paragraph\">Alonso fraturou a mand\u00edbula e alguns dentes, consequ\u00eancia do choque em baixa velocidade de sua bicicleta contra um carro. O temor de consequ\u00eancias negativas sobre o aguardado retorno de Alonso \u00e0 F1 foi imediato, mas a Alpine tem convic\u00e7\u00e3o de que Fernando vai participar da pr\u00e9-temporada de 2021 normalmente, apesar de <strong><a href=\"https:\/\/www.grandepremio.com\/br\/f1\/noticias\/alpine-confirma-ausencia-fernando-alonso-na-apresentacao-e-culpa-situacao-sanitaria\/\">aus\u00eancia no lan\u00e7amento do novo carro<\/a><\/strong>.<\/p>\n\n\n\n<p class=\"wp-block-paragraph\">\u201cEle nos confirmou imediatamente ap\u00f3s o acidente que estaria no Bahrein, que \u00e9 algo que os m\u00e9dicos nos confirmaram depois. Parece que ele estava certo, porque tudo est\u00e1 em ordem. Estamos ansiosos para t\u00ea-lo no carro semana que vem\u201d, seguiu Rossi.<\/p>\n\n\n\n<p class=\"wp-block-paragraph\">Alonso forma dupla com Esteban Ocon em temporada que marca a estreia da Alpine na F1, sucedendo a Renault. Os testes ser\u00e3o em Sakhir entre os dias 12 e 14 de mar\u00e7o. A categoria segue no Oriente M\u00e9dio at\u00e9 28 de mar\u00e7o, quando o campeonato come\u00e7a com o GP do Bahrein.<\/p>\n\n\n\n<figure class=\"wp-block-embed is-type-video is-provider-youtube wp-block-embed-youtube wp-embed-aspect-16-9 wp-has-aspect-ratio\"><div class=\"wp-block-embed__wrapper\">\n<iframe loading=\"lazy\" title=\"WILLIAMS, SOB NOVA DIRE\u00c7\u00c3O, APRESENTA CARA DIFERENTE NA F1 PARA 2021 | GP Not\u00edcias\" width=\"500\" height=\"281\" src=\"https:\/\/www.youtube.com\/embed\/tgBVy2IUjNg?feature=oembed\" frameborder=\"0\" allow=\"accelerometer; autoplay; clipboard-write; encrypted-media; gyroscope; picture-in-picture; web-share\" referrerpolicy=\"strict-origin-when-cross-origin\" allowfullscreen><\/iframe>\n<\/div><\/figure>\n","protected":false},"excerpt":{"rendered":"<p>Fernando Alonso teve acidente de bicicleta, mas se recuperou rapidamente. At\u00e9 a Alpine se surpreendeu, respirando aliviada que o espanhol vai participar da pr\u00e9-temporada no Bahrein<\/p>\n","protected":false},"author":0,"featured_media":1000449723,"comment_status":"closed","ping_status":"closed","sticky":false,"template":"","format":"standard","meta":{"42wp_featured_image_caption":"","42wp_featured_image_credits":"","42wp_featured_video":"","42wp_featured_image_hidden":false,"42wp_authors_list":[],"footnotes":""},"categories":[2],"tags":[20491,302,156,176,24837],"42wp_author":[47118],"class_list":["post-123090","post","type-post","status-publish","format-standard","has-post-thumbnail","hentry","category-f1","tag-alpine","tag-esteban-ocon","tag-f1-2021","tag-fernando-alonso","tag-formula-1-2","42wp_author-vitor-fazio"],"_links":{"self":[{"href":"https:\/\/grandepremio.com\/br\/wp-json\/wp\/v2\/posts\/123090","targetHints":{"allow":["GET"]}}],"collection":[{"href":"https:\/\/grandepremio.com\/br\/wp-json\/wp\/v2\/posts"}],"about":[{"href":"https:\/\/grandepremio.com\/br\/wp-json\/wp\/v2\/types\/post"}],"replies":[{"embeddable":true,"href":"https:\/\/grandepremio.com\/br\/wp-json\/wp\/v2\/comments?post=123090"}],"version-history":[{"count":0,"href":"https:\/\/grandepremio.com\/br\/wp-json\/wp\/v2\/posts\/123090\/revisions"}],"wp:featuredmedia":[{"embeddable":true,"href":"https:\/\/grandepremio.com\/br\/wp-json\/wp\/v2\/media\/1000449723"}],"wp:attachment":[{"href":"https:\/\/grandepremio.com\/br\/wp-json\/wp\/v2\/media?parent=123090"}],"wp:term":[{"taxonomy":"category","embeddable":true,"href":"https:\/\/grandepremio.com\/br\/wp-json\/wp\/v2\/categories?post=123090"},{"taxonomy":"post_tag","embeddable":true,"href":"https:\/\/grandepremio.com\/br\/wp-json\/wp\/v2\/tags?post=123090"},{"taxonomy":"42wp_author","embeddable":true,"href":"https:\/\/grandepremio.com\/br\/wp-json\/wp\/v2\/42wp_author?post=123090"}],"curies":[{"name":"wp","href":"https:\/\/api.w.org\/{rel}","templated":true}]}}