{"id":123102,"date":"2021-03-06T10:27:28","date_gmt":"2021-03-06T13:27:28","guid":{"rendered":"https:\/\/grandepremio.com\/br\/noticias\/f1-projeta-corrida-de-classificacao-sem-podio-para-manter-celebracao-maxima-no-domingo\/"},"modified":"2021-03-06T10:28:14","modified_gmt":"2021-03-06T13:28:14","slug":"f1-projeta-corrida-de-classificacao-sem-podio-para-manter-celebracao-maxima-no-domingo","status":"publish","type":"post","link":"https:\/\/grandepremio.com\/br\/f1\/f1-projeta-corrida-de-classificacao-sem-podio-para-manter-celebracao-maxima-no-domingo\/","title":{"rendered":"F1 projeta corrida de classifica\u00e7\u00e3o sem p\u00f3dio para &#8220;manter celebra\u00e7\u00e3o m\u00e1xima no domingo&#8221;"},"content":{"rendered":"\n<figure class=\"wp-block-video\"><video class=\"video-js vjs-big-play-centered\" data-gp-vjs=\"1\" controls src=\"https:\/\/www.grandepremio.com\/br\/wp-content\/uploads\/2021\/03\/drive_to_survive_3_trailer.mp4.mp4\"><\/video><\/figure>\n\n\n\n<p class=\"wp-block-paragraph\">O projeto da corrida de classifica\u00e7\u00e3o em tr\u00eas etapas de 2021 segue ganhando for\u00e7a e at\u00e9 nome: <a href=\"https:\/\/www.grandepremio.com\/br\/f1\/noticias\/ainda-sem-formato-aprovado-f1-projeta-nome-para-corrida-de-sabado-superclassificacao\/\">superclassifica\u00e7\u00e3o<\/a>. No entanto, alguns detalhes ainda precisam ser decididos nos pr\u00f3ximos dias para que o modelo seja aprovado pela F\u00f3rmula 1 e pelas equipes. Por enquanto, apenas alguns pontos j\u00e1 sendo projetados, entre eles, n\u00e3o realizar p\u00f3dios, j\u00e1 que isso daria um peso para a prova que s\u00f3 a etapa, no domingo, deveria ter.<\/p>\n\n\n\n<p class=\"wp-block-paragraph\">Stefano Domenicali, novo chef\u00e3o da F1, explicou que o modelo ainda est\u00e1 sendo formatado e que o prazo para a conclus\u00e3o \u00e9 o in\u00edcio do campeonato, no final do m\u00eas, no Bahrein.<\/p>\n\n\n\n<p class=\"wp-block-paragraph\">&#8220;Estamos ainda definindo o sistema das corridas de classifica\u00e7\u00e3o e vamos apresent\u00e1-lo antes do GP do Bahrein&#8221;, disse ao site norte-americano Motorsport.com.<\/p>\n\n\n\n<figure class=\"wp-block-image size-large\"><img decoding=\"async\" src=\"https:\/\/www.grandepremio.com\/br\/wp-content\/uploads\/2020\/12\/8-Sainz-1024x683.jpg\" alt=\"\" class=\"wp-image-444038\"\/><figcaption>P\u00f3dio deve ficar apenas no domingo (Foto: McLaren)<\/figcaption><\/figure>\n\n\n\n<p class=\"wp-block-paragraph\">O italiano praticamente descartou realizar a cerim\u00f4nia de premia\u00e7\u00e3o no s\u00e1bado, ainda que a corrida de classifica\u00e7\u00e3o tenha vencedor e at\u00e9 pontos para o campeonato. \u00c9 que, para Domenicali, n\u00e3o faria sentido e poderia tirar o protagonismo da corrida de verdade, a do domingo.<\/p>\n\n\n\n<p class=\"wp-block-paragraph\">\u201cN\u00f3s precisamos ter certeza que exista uma diferen\u00e7a entre a celebra\u00e7\u00e3o ic\u00f4nica da corrida de domingo, da tarde de domingo, que isso \u00e9 um momento separado de outros. A celebra\u00e7\u00e3o m\u00e1xima tem de seguir na tarde de domingo e n\u00e3o no s\u00e1bado\u201d, completou.<\/p>\n\n\n\n<p class=\"wp-block-paragraph\">A ideia da F1 \u00e9 que as corridas de classifica\u00e7\u00e3o distribuam pontos aos oito primeiros, em um sistema que ainda n\u00e3o foi definido por completo. Seriam 100 km de dist\u00e2ncia, representando um ter\u00e7o da dist\u00e2ncia normal de um GP da categoria. J\u00e1 a ordem de chegada da corrida sprint serviria como base para a largada da principal. Ou seja, sem uso de grid invertido, sugest\u00e3o que nunca teve o apoio das grandes equipes.<\/p>\n\n\n\n<p class=\"wp-block-paragraph\">Ainda sem ter sido aprovada a proposta vai ganhando corpo e at\u00e9 a Ferrari, que costumeiramente vota contra novidades importantes na F1, j\u00e1 v\u00ea como uma <a href=\"https:\/\/www.grandepremio.com\/br\/f1\/noticias\/ferrari-ve-corridas-de-classificacao-aos-sabados-na-f1-como-ideia-promissora\/\">\u201cideia promissora\u201d<\/a>.<\/p>\n\n\n\n<p class=\"wp-block-paragraph\"><strong>Conhe\u00e7a o canal do Grande Pr\u00eamio no YouTube! Clique\u00a0<a rel=\"noreferrer noopener\" href=\"https:\/\/youtube.com\/GrandePremioTV\" target=\"_blank\">aqui<\/a>.<br>Siga o Grande Pr\u00eamio no\u00a0<a rel=\"noreferrer noopener\" href=\"https:\/\/twitter.com\/grandepremio\" target=\"_blank\">Twitter\u00a0<\/a>e no\u00a0<a rel=\"noreferrer noopener\" href=\"https:\/\/instagram.com\/grandepremio\" target=\"_blank\">Instagram<\/a>!<\/strong><br><strong><a href=\"https:\/\/www.grandepremio.com\/br\/web-stories\/f1\/formula-1-2021-tudo-sobre-os-lancamentos-dos-carros\/\">WEB STORIES: Tudo sobre os lan\u00e7amentos dos carros da\u00a0<\/a><a href=\"https:\/\/www.grandepremio.com\/br\/f1\/\" target=\"_blank\" rel=\"noreferrer noopener\">F1\u00a0<\/a>2021<\/strong><\/p>\n\n\n\n<figure class=\"wp-block-embed is-type-video is-provider-youtube wp-block-embed-youtube wp-embed-aspect-16-9 wp-has-aspect-ratio\"><div class=\"wp-block-embed__wrapper\">\n<iframe loading=\"lazy\" title=\"WILLIAMS, SOB NOVA DIRE\u00c7\u00c3O, APRESENTA CARA DIFERENTE NA F1 PARA 2021 | GP Not\u00edcias\" width=\"500\" height=\"281\" src=\"https:\/\/www.youtube.com\/embed\/tgBVy2IUjNg?feature=oembed\" frameborder=\"0\" allow=\"accelerometer; autoplay; clipboard-write; encrypted-media; gyroscope; picture-in-picture; web-share\" referrerpolicy=\"strict-origin-when-cross-origin\" allowfullscreen><\/iframe>\n<\/div><\/figure>\n","protected":false},"excerpt":{"rendered":"<p>Enquanto a F\u00f3rmula 1 ainda busca definir os detalhes que faltam para aprovar a corrida de classifica\u00e7\u00e3o em algumas etapas de 2021, Stefano Domenicali, chef\u00e3o da categoria, j\u00e1 antecipa que n\u00e3o deve fazer p\u00f3dios para n\u00e3o roubar o protagonismo das provas do domingo<\/p>\n","protected":false},"author":0,"featured_media":1000444029,"comment_status":"closed","ping_status":"closed","sticky":false,"template":"","format":"standard","meta":{"42wp_featured_image_caption":"","42wp_featured_image_credits":"","42wp_featured_video":"","42wp_featured_image_hidden":false,"42wp_authors_list":[],"footnotes":""},"categories":[2],"tags":[147,156,24837,26275,25086,907],"42wp_author":[47117],"class_list":["post-123102","post","type-post","status-publish","format-standard","has-post-thumbnail","hentry","category-f1","tag-f1","tag-f1-2021","tag-formula-1-2","tag-formula-1-2021-3","tag-podio-2","tag-stefano-domenicali","42wp_author-gabriel-curty"],"_links":{"self":[{"href":"https:\/\/grandepremio.com\/br\/wp-json\/wp\/v2\/posts\/123102","targetHints":{"allow":["GET"]}}],"collection":[{"href":"https:\/\/grandepremio.com\/br\/wp-json\/wp\/v2\/posts"}],"about":[{"href":"https:\/\/grandepremio.com\/br\/wp-json\/wp\/v2\/types\/post"}],"replies":[{"embeddable":true,"href":"https:\/\/grandepremio.com\/br\/wp-json\/wp\/v2\/comments?post=123102"}],"version-history":[{"count":0,"href":"https:\/\/grandepremio.com\/br\/wp-json\/wp\/v2\/posts\/123102\/revisions"}],"wp:featuredmedia":[{"embeddable":true,"href":"https:\/\/grandepremio.com\/br\/wp-json\/wp\/v2\/media\/1000444029"}],"wp:attachment":[{"href":"https:\/\/grandepremio.com\/br\/wp-json\/wp\/v2\/media?parent=123102"}],"wp:term":[{"taxonomy":"category","embeddable":true,"href":"https:\/\/grandepremio.com\/br\/wp-json\/wp\/v2\/categories?post=123102"},{"taxonomy":"post_tag","embeddable":true,"href":"https:\/\/grandepremio.com\/br\/wp-json\/wp\/v2\/tags?post=123102"},{"taxonomy":"42wp_author","embeddable":true,"href":"https:\/\/grandepremio.com\/br\/wp-json\/wp\/v2\/42wp_author?post=123102"}],"curies":[{"name":"wp","href":"https:\/\/api.w.org\/{rel}","templated":true}]}}