{"id":123140,"date":"2021-03-04T10:44:00","date_gmt":"2021-03-04T13:44:00","guid":{"rendered":"https:\/\/grandepremio.com\/br\/noticias\/com-tributo-a-gresini-aprilia-apresenta-rs-gp-preta-e-vermelha-para-a-temporada-2021\/"},"modified":"2021-03-04T13:54:59","modified_gmt":"2021-03-04T16:54:59","slug":"com-tributo-a-gresini-aprilia-apresenta-rs-gp-preta-e-vermelha-para-a-temporada-2021","status":"publish","type":"post","link":"https:\/\/grandepremio.com\/br\/motogp\/com-tributo-a-gresini-aprilia-apresenta-rs-gp-preta-e-vermelha-para-a-temporada-2021\/","title":{"rendered":"Com tributo a Gresini, Aprilia apresenta RS-GP preta e vermelha para a temporada 2021"},"content":{"rendered":"\n<figure class=\"wp-block-video\"><video class=\"video-js vjs-big-play-centered\" data-gp-vjs=\"1\" controls src=\"https:\/\/www.grandepremio.com\/br\/wp-content\/uploads\/2021\/03\/2021-03-01_MotoGP_Honda_HRC_lancamento.mp4\"><\/video><figcaption><strong>De volta ao topo? Honda lan\u00e7a moto de Marc M\u00e1rquez e Pol Espargar\u00f3 (V\u00eddeo: Repsol)<\/strong><\/figcaption><\/figure>\n\n\n\n<p class=\"wp-block-paragraph\">A Aprilia apresentou nesta quinta-feira (4) a equipe para a temporada 2021 da MotoGP. Ao contr\u00e1rio do ano passado, quando a moto tinha tamb\u00e9m as cores da bandeira italiana, desta vez a RS-GP vem preta e vermelha, mantendo a colora\u00e7\u00e3o mais tradicional da f\u00e1brica italiana. <\/p>\n\n\n\n<p class=\"wp-block-paragraph\">Assim como nos \u00faltimos anos, o lan\u00e7amento da Aprilia aconteceu no circuito de Losail, no Catar, onde a MotoGP vai testar nos pr\u00f3ximos dias. Com o time perfilado atr\u00e1s de motos cobertas, a casa de Noale come\u00e7ou o evento com um v\u00eddeo tributo a Fausto Gresini, chefe do time, que morreu no m\u00eas passado, v\u00edtima da Covid-19.<\/p>\n\n\n\n<p class=\"wp-block-paragraph\"><strong>VEJA TAMB\u00c9M<\/strong><br><strong><a href=\"https:\/\/www.grandepremio.com\/br\/galeria\/motogp\/aprilia-apresenta-rg-gp-preta-e-vermelha-para-temporada-2021-da-motogp\/\" target=\"_blank\" rel=\"noreferrer noopener\">As imagens da nova RS-GP da Aprilia para a temporada 2021<\/a><\/strong><\/p>\n\n\n\n<figure class=\"wp-block-image size-large\"><img decoding=\"async\" src=\"https:\/\/www.grandepremio.com\/br\/wp-content\/uploads\/2021\/03\/Sem-Titulo-1-1024x576.jpg\" alt=\"\" class=\"wp-image-453186\"\/><figcaption>Aprilia preparou um tributo a Fausto Gresini (Foto: Reprodu\u00e7\u00e3o)<\/figcaption><\/figure>\n\n\n\n<p class=\"wp-block-paragraph\"><strong>Conhe\u00e7a o canal do Grande Pr\u00eamio no&nbsp;<a href=\"https:\/\/www.youtube.com\/GrandePremioTV\">YouTube<\/a>.<br>Siga o Grande Pr\u00eamio no&nbsp;<a rel=\"noreferrer noopener\" href=\"https:\/\/twitter.com\/grandepremio\" target=\"_blank\">Twitter&nbsp;<\/a>e no&nbsp;<a rel=\"noreferrer noopener\" href=\"https:\/\/instagram.com\/grandepremio\" target=\"_blank\">Instagram<\/a>.<\/strong><\/p>\n\n\n\n<p class=\"wp-block-paragraph\">Ao revelar as motos, a Aprilia destacou que encara a RS-GP de 2021 como uma \u201cevolu\u00e7\u00e3o natural do projeto de 2020\u201d. Neste processo, a equipe trouxe uma nova aerodin\u00e2mica e um bra\u00e7o oscilante de carbono.<\/p>\n\n\n\n<p class=\"wp-block-paragraph\">\u201cGra\u00e7as ao trabalho feito ao longo do inverno e aos grandes esfor\u00e7os do nosso departamento de corridas, sabemos de que demos um grande passo \u00e0 frente, ent\u00e3o agora estamos ansiosos para ver como isso ser\u00e1 contra os nossos rivais\u201d, disse Romano Albesiano, diretor-t\u00e9cnico da Aprilia. \u201cNosso crescimento \u00e9 claro e isso n\u00f3s d\u00e1 uma inje\u00e7\u00e3o de confian\u00e7a. Nossos engenheiros trouxeram para a pista mais uma evolu\u00e7\u00e3o de um projeto que tem um grande potencial ainda a ser expressado\u201d, seguiu.<\/p>\n\n\n\n<p class=\"wp-block-paragraph\">\u201cFizemos mudan\u00e7as em todos os aspectos, desde as \u00e1reas vis\u00edveis, como a nova aerodin\u00e2mica ou o bra\u00e7o de carbono, at\u00e9 mudan\u00e7as profundas na arquitetura do chassi, motor e eletr\u00f4nica\u201d, apontou. \u201cO pacote que vamos levar para a pista neste est\u00e1gio inicial da temporada ser\u00e1 desenvolvido ainda mais com base em um programa de trabalho que j\u00e1 est\u00e1 substancialmente definido\u201d, completou.<\/p>\n\n\n\n<p class=\"wp-block-paragraph\">Junto dos mec\u00e2nicos e dirigentes, estavam Aleix Espargar\u00f3 e Lorenzo Savadori. Inicialmente, a Aprilia tinha falado em esperar pelos testes para definir a dupla do catal\u00e3o, mas Bradley Smith n\u00e3o esteve na apresenta\u00e7\u00e3o e nem aparece no material de divulga\u00e7\u00e3o, como \u00e9 costume. <\/p>\n\n\n\n<p class=\"wp-block-paragraph\">A indefini\u00e7\u00e3o do time foi s\u00f3 mais um cap\u00edtulo da atrapalhada gest\u00e3o da Aprilia. Nem mesmo a chegada de Massimo Rivola, que veio da F\u00f3rmula 1, da Ferrari, em meados de 2019 foi o bastante para ajudar no necess\u00e1rio alinhamento. Os italianos passaram praticamente todo o ano passado \u00e0 espera de Andrea Iannone, mas o que inicialmente era uma suspens\u00e3o de 18 meses por doping, foi <a href=\"https:\/\/www.grandepremio.com\/br\/motogp\/noticias\/iannone-sofre-derrota-no-tribunal-arbitral-e-ve-suspensao-por-doping-subir-para-4-anos\/\">convertido em um gancho de quatro anos na apela\u00e7\u00e3o no Tribunal Arbitral do Esporte<\/a>.<\/p>\n\n\n\n<figure class=\"wp-block-image size-large\"><img decoding=\"async\" src=\"https:\/\/www.grandepremio.com\/br\/wp-content\/uploads\/2021\/03\/22_Aleix-Espargaro_Lorenzo-Savadori_Aprilia-RS-GP-2021-1024x683.jpg\" alt=\"\" class=\"wp-image-453248\"\/><figcaption>Aleix Espargar\u00f3 e Lorenzo Savadori formam a dupla da Aprilia para 2021 (Foto: Aprilia)<\/figcaption><\/figure>\n\n\n\n<p class=\"wp-block-paragraph\">Sem Iannone, a Aprilia tentou voltar \u00e0 ideia de contar com um novato \u2015 o que n\u00e3o funcionou muito bem com Sam Lowes em 2017 \u2015, mas foi rejeitada por <a href=\"https:\/\/www.grandepremio.com\/br\/motogp\/noticias\/bezzecchi-rejeita-oferta-da-aprilia-para-motogp-e-opta-por-mais-um-ano-de-moto2\/\" target=\"_blank\" rel=\"noreferrer noopener\">Marco Bezzecchi<\/a>, <a href=\"https:\/\/www.grandepremio.com\/br\/motogp\/noticias\/roberts-rejeita-aprilia-e-diz-nao-quero-correr-na-motogp-so-por-causa-do-meu-passaporte\/\" target=\"_blank\" rel=\"noreferrer noopener\">Joe Roberts<\/a> e <a href=\"https:\/\/www.grandepremio.com\/br\/motogp\/noticias\/fabio-di-giannantonio-agradece-interesse-aprilia-justifica-recusa-quero-vencer-moto2\/\" target=\"_blank\" rel=\"noreferrer noopener\">Fabio Di Giannantonio<\/a>. Assim, s\u00f3 restou mesmo contar com o que j\u00e1 estava por l\u00e1.<\/p>\n\n\n\n<p class=\"wp-block-paragraph\">Aleix, por\u00e9m, ser\u00e1 o l\u00edder do time, tal qual nos \u00faltimos anos. O irm\u00e3o de Pol, inegavelmente, \u00e9 quem d\u00e1 a Aprilia seus melhores momentos na MotoGP.<\/p>\n\n\n\n<p class=\"wp-block-paragraph\">Diretor-executivo da Aprilia, Massimo Rivola sequer titubeou ao jogar a maior carga de responsabilidade no desenvolvimento da moto nas costas de Aleix.<\/p>\n\n\n\n<p class=\"wp-block-paragraph\">\u201cNo primeiro est\u00e1gio do campeonato, n\u00e3o queremos olhar para os outros, apenas para n\u00f3s temos, fortalecendo nossa tend\u00eancia sem d\u00favida positiva\u201d, disse Rivola. \u201cAleix ter\u00e1 um trabalho extremamente importante, liderando o time e n\u00e3o se deixando distrair pelo frenesi de resultados imediatos. Consist\u00eancia e trabalho duro dar\u00e3o a ele a satisfa\u00e7\u00e3o que ele merece\u201d, ponderou.<\/p>\n\n\n\n<p class=\"wp-block-paragraph\">\u201cLorenzo vai precisar crescer e aprender muito, come\u00e7ando pelos circuitos. \u00c9 um talento extraordin\u00e1rio em que Fausto acreditava muito, ent\u00e3o estou confiante de que ele nos recompensar\u00e1 essa confian\u00e7a\u201d, avaliou. \u201cA equipe \u00e9 s\u00f3lida, ambiciosa e realista. Todos sabem que o \u00fanico caminho para seguirmos crescendo \u00e9 manter o curso, levando a Aprilia ao ponto de batalhar nas posi\u00e7\u00f5es que importam, inclusive na MotoGP\u201d, completou.<\/p>\n\n\n\n<p class=\"wp-block-paragraph\">Aleix Espargar\u00f3 mostrou anima\u00e7\u00e3o com a nova moto, mas reconheceu que a RS-GP ainda tem um longo caminho pela frente.<\/p>\n\n\n\n<p class=\"wp-block-paragraph\">\u201cPode parecer banal, mas eu sempre me emociono no in\u00edcio de uma nova temporada\u201d, disse Aleix. \u201cEstou para iniciar a minha quinta com a Aprilia, uma equipe que se tornou a minha segunda fam\u00edlia. De fato, mas posso esperar para voltar ao trabalho com eles\u201d, comentou.<\/p>\n\n\n\n<p class=\"wp-block-paragraph\">\u201cO primeiro contato com a nova RS-GP foi positivo. Os rapazes trabalharam duro ao longo do inverno, mas ainda temos um longo caminho pela frente. N\u00f3s temos um campeonato exigente e muito movimentado pela frete, onde as formas f\u00edsica e mental precisar\u00e3o estar em n\u00edvel m\u00e1ximo. Estou mais preparado do que nunca\u201d, completou.<\/p>\n\n\n\n<p class=\"wp-block-paragraph\">Savadori reconheceu que ainda tem muito a aprender, mas alou em retribuir a confian\u00e7a que sempre recebeu de Fausto Gresini.<\/p>\n\n\n\n<p class=\"wp-block-paragraph\">\u201cSeria um descuido n\u00e3o agradecer a Aprilia por esta grande oportunidade. Sei que tenho muito a aprender. \u00c9 uma categoria exigente e ainda nova para mim\u201d, assumiu Savadori. \u201cOs testes e corridas do ano passado me deram a chance de ganhar confian\u00e7a com essa moto e esses pneus, mas foi s\u00f3 um ponto de partida, com uma enorme margem de melhora\u201d, reconheceu.<\/p>\n\n\n\n<p class=\"wp-block-paragraph\">\u201cVou tentar transformar a dor gerada pela morte de Fausto, uma pessoa que acreditou muito me mim, em energia positiva. A determina\u00e7\u00e3o dele e as coisas que ele me ensinou v\u00e3o me acompanhar neste novo est\u00e1gio da minha carreira\u201d, completou.<\/p>\n\n\n\n<p class=\"wp-block-paragraph\">Em 2020, a Aprilia somou s\u00f3 51 pontos no Mundial de Construtores, 160 a menos que a campe\u00e3 Ducati.<\/p>\n\n\n\n<p class=\"wp-block-paragraph\"><strong>LEIA TAMB\u00c9M<\/strong><br><strong><a href=\"https:\/\/grandepremium.com.br\/lado-a-lado\/motogp\/materias\/os-novatos-da-motogp-2021\" target=\"_blank\" rel=\"noreferrer noopener\">Bastianini, Mart\u00edn e Marini: os novatos da MotoGP em 2021<\/a><\/strong><\/p>\n\n\n\n\n\n<figure class=\"wp-block-embed is-type-video is-provider-youtube wp-block-embed-youtube wp-embed-aspect-16-9 wp-has-aspect-ratio\"><div class=\"wp-block-embed__wrapper\">\n<iframe loading=\"lazy\" title=\"MotoGP 2021: AOS 60 ANOS, MORRE FAUSTO GRESINI | GP Not\u00edcias\" width=\"500\" height=\"281\" src=\"https:\/\/www.youtube.com\/embed\/jB6cC0BoJoo?feature=oembed\" frameborder=\"0\" allow=\"accelerometer; autoplay; clipboard-write; encrypted-media; gyroscope; picture-in-picture; web-share\" referrerpolicy=\"strict-origin-when-cross-origin\" allowfullscreen><\/iframe>\n<\/div><\/figure>\n","protected":false},"excerpt":{"rendered":"<p>A casa de Noale apresentou a nova moto em Losail, no Catar, onde acontecem os testes da pr\u00f3xima semana. Prot\u00f3tipo traz tributo a Fausto Gresini<\/p>\n","protected":false},"author":0,"featured_media":1000453208,"comment_status":"closed","ping_status":"closed","sticky":false,"template":"","format":"standard","meta":{"42wp_featured_image_caption":"","42wp_featured_image_credits":"","42wp_featured_video":"","42wp_featured_image_hidden":false,"42wp_authors_list":[],"footnotes":""},"categories":[8],"tags":[133,522,10898,79,3162,78,490,26999,26690,368,27001],"42wp_author":[47113],"class_list":["post-123140","post","type-post","status-publish","format-standard","has-post-thumbnail","hentry","category-motogp","tag-aprilia","tag-bradley-smith","tag-lorenzo-savadori","tag-moto-gp","tag-moto-gp-2021","tag-motogp","tag-motogp-2021","tag-motogp-calendario-2021","tag-pilotos-motogp","tag-rs-gp","tag-transmissao-motogp-2021","42wp_author-juliana-tesser"],"_links":{"self":[{"href":"https:\/\/grandepremio.com\/br\/wp-json\/wp\/v2\/posts\/123140","targetHints":{"allow":["GET"]}}],"collection":[{"href":"https:\/\/grandepremio.com\/br\/wp-json\/wp\/v2\/posts"}],"about":[{"href":"https:\/\/grandepremio.com\/br\/wp-json\/wp\/v2\/types\/post"}],"replies":[{"embeddable":true,"href":"https:\/\/grandepremio.com\/br\/wp-json\/wp\/v2\/comments?post=123140"}],"version-history":[{"count":0,"href":"https:\/\/grandepremio.com\/br\/wp-json\/wp\/v2\/posts\/123140\/revisions"}],"wp:featuredmedia":[{"embeddable":true,"href":"https:\/\/grandepremio.com\/br\/wp-json\/wp\/v2\/media\/1000453208"}],"wp:attachment":[{"href":"https:\/\/grandepremio.com\/br\/wp-json\/wp\/v2\/media?parent=123140"}],"wp:term":[{"taxonomy":"category","embeddable":true,"href":"https:\/\/grandepremio.com\/br\/wp-json\/wp\/v2\/categories?post=123140"},{"taxonomy":"post_tag","embeddable":true,"href":"https:\/\/grandepremio.com\/br\/wp-json\/wp\/v2\/tags?post=123140"},{"taxonomy":"42wp_author","embeddable":true,"href":"https:\/\/grandepremio.com\/br\/wp-json\/wp\/v2\/42wp_author?post=123140"}],"curies":[{"name":"wp","href":"https:\/\/api.w.org\/{rel}","templated":true}]}}