{"id":123147,"date":"2021-03-04T08:21:37","date_gmt":"2021-03-04T11:21:37","guid":{"rendered":"https:\/\/grandepremio.com\/br\/noticias\/franco-morbidelli-espera-preservar-relacao-valentino-rossi-nada-e-mais-importante-do-que-amizade\/"},"modified":"2021-03-04T08:21:43","modified_gmt":"2021-03-04T11:21:43","slug":"franco-morbidelli-espera-preservar-relacao-valentino-rossi-nada-e-mais-importante-do-que-amizade","status":"publish","type":"post","link":"https:\/\/grandepremio.com\/br\/motogp\/franco-morbidelli-espera-preservar-relacao-valentino-rossi-nada-e-mais-importante-do-que-amizade\/","title":{"rendered":"Morbidelli espera preservar rela\u00e7\u00e3o com Rossi: \u201cNada \u00e9 mais importante do que amizade\u201d"},"content":{"rendered":"\n<p class=\"wp-block-paragraph\">Franco Morbidelli ter\u00e1 um dos melhores amigos no outro lado dos boxes da SRT Yamaha na temporada 2021 da MotoGP. Neste ano, Valentino Rossi chega \u00e0 equipe sat\u00e9lite, assumindo a vaga que era de Fabio Quartararo nos \u00faltimos anos.<\/p>\n\n\n\n<p class=\"wp-block-paragraph\">Nove vezes campe\u00e3o no Mundial de Motovelocidade, Rossi teve papel importante na carreira de Morbidelli, j\u00e1 que o apoiou desde cedo. Franco, ali\u00e1s, foi o primeiro entre os integrantes da Academia de Pilotos VR46 a conquistar o t\u00edtulo mundial, na Moto2 em 2017, e a vencer na MotoGP.<\/p>\n\n\n\n<p class=\"wp-block-paragraph\"><strong>VEJA TAMB\u00c9M<\/strong><br><strong><a href=\"https:\/\/www.grandepremio.com\/br\/galeria\/motogp\/com-layout-quase-inalterado-srt-mostra-yamaha-de-rossi-e-morbidelli-para-2021\/\" target=\"_blank\" rel=\"noreferrer noopener\">As imagens das Yamaha YZR-M1 da SRT para a temporada 2021 da MotoGP<\/a><\/strong><\/p>\n\n\n\n<figure class=\"wp-block-image size-large\"><img decoding=\"async\" src=\"https:\/\/www.grandepremio.com\/br\/wp-content\/uploads\/2021\/03\/50992476731_40b0836983_o-1024x683.jpg\" alt=\"\" class=\"wp-image-452655\"\/><figcaption>Valentino Rossi e Franco Morbidelli s\u00e3o parceiros na SRT em 2021 (Foto: SRT)<\/figcaption><\/figure>\n\n\n\n<p class=\"wp-block-paragraph\"><strong>LEIA TAMB\u00c9M<\/strong><br><strong><a href=\"https:\/\/grandepremium.com.br\/lado-a-lado\/motogp\/materias\/os-novatos-da-motogp-2021\" target=\"_blank\" rel=\"noreferrer noopener\">Bastianini, Mart\u00edn e Marini: os novatos da MotoGP em 2021<\/a><\/strong><\/p>\n\n\n\n<p class=\"wp-block-paragraph\"><a href=\"https:\/\/www.grandepremio.com\/br\/motogp\/noticias\/jovem-mas-experiente-srt-yamaha-mostra-equipe-valentino-rossi-franco-morbidelli-para-2021\/\" target=\"_blank\" rel=\"noreferrer noopener\">Aproveitando a apresenta\u00e7\u00e3o da SRT para 2021<\/a>, Morbidelli disse que espera ser justo e correto com Rossi, assim como faz com todos seus amigos.<\/p>\n\n\n\n<p class=\"wp-block-paragraph\">\u201cCom Vale, fa\u00e7o a mim mesmo o mesmo desejo que fa\u00e7o em rela\u00e7\u00e3o a todos os meus amigos\u201d, disse Morbidelli. \u201cEspero ser justo e correto com todos os meus amigos, n\u00e3o apenas com Vale\u201d, seguiu.<\/p>\n\n\n\n<p class=\"wp-block-paragraph\">\u201cVale \u00e9 um grande amigo meu e a figura dele talvez seja ainda maior do que um amigo. E eu espero ser justo e correto com ele em todos os aspectos da vida\u201d, declarou. \u201cVou correr contra ele da mesma que corri contra ele em toda minha vida. Nada vai mudar\u201d, assegurou.<\/p>\n\n\n\n<p class=\"wp-block-paragraph\">Franco sabe, por\u00e9m, que ser\u00e1 inevit\u00e1vel olhar para Valentino como o primeiro rival a ser batido, mas n\u00e3o quer perder de vista a rela\u00e7\u00e3o dos dois.<\/p>\n\n\n\n<p class=\"wp-block-paragraph\">\u201cTalvez em determinado momento e em determinada situa\u00e7\u00e3o, eu o veja como o primeiro cara a ser batido. E a\u00ed cinco minutos depois vou olhar para ele como um dos meus melhores amigos. Ent\u00e3o \u00e9 dif\u00edcil apontar um ou outro\u201d, ponderou. \u201cAcho que, com certeza, quando estiver nos boxes, vou ter mais aquele sentimento esportivo. Ent\u00e3o de que ele \u00e9 o primeiro piloto a ser batido, com certeza. Vou sentir mais isso. Mas \u00e9 dif\u00edcil separar o piloto do amigo\u201d, reconheceu.<\/p>\n\n\n\n<p class=\"wp-block-paragraph\">Por fim, Morbidelli disse esperar que, se as coisas esquentarem na pista, os dois consigam lembrar do que \u00e9 mais importante.<\/p>\n\n\n\n<p class=\"wp-block-paragraph\">\u201cClaro que estamos lutando por uma coisa importante, mas precisamos lembrar que nada \u00e9 mais importante do que amizade e amor\u201d, apontou Franco. \u201cO lado humano \u00e9 mais importante do que jogos. Isso \u00e9 s\u00f3 um jogo. Um bem importante, um jogo que praticamos desde crian\u00e7as, mas ainda \u00e9 um jogo\u201d, continuou.<\/p>\n\n\n\n<p class=\"wp-block-paragraph\">\u201cEnt\u00e3o \u00e9 importante lembrar disso quando estivermos lutando. E espero que a gente lute pelas posi\u00e7\u00f5es da ponta e coisas importantes\u201d, concluiu.<\/p>\n\n\n\n<p class=\"wp-block-paragraph\"><strong>Conhe\u00e7a o canal do Grande Pr\u00eamio no\u00a0<a href=\"https:\/\/www.youtube.com\/GrandePremioTV\">YouTube<\/a>.<br>Siga o Grande Pr\u00eamio no\u00a0<a rel=\"noreferrer noopener\" href=\"https:\/\/twitter.com\/grandepremio\" target=\"_blank\">Twitter\u00a0<\/a>e no\u00a0<a rel=\"noreferrer noopener\" href=\"https:\/\/instagram.com\/grandepremio\" target=\"_blank\">Instagram<\/a>.<\/strong><\/p>\n\n\n\n\n\n<figure class=\"wp-block-embed is-type-video is-provider-youtube wp-block-embed-youtube wp-embed-aspect-16-9 wp-has-aspect-ratio\"><div class=\"wp-block-embed__wrapper\">\n<iframe loading=\"lazy\" title=\"MotoGP 2021: AOS 60 ANOS, MORRE FAUSTO GRESINI | GP Not\u00edcias\" width=\"500\" height=\"281\" src=\"https:\/\/www.youtube.com\/embed\/jB6cC0BoJoo?feature=oembed\" frameborder=\"0\" allow=\"accelerometer; autoplay; clipboard-write; encrypted-media; gyroscope; picture-in-picture; web-share\" referrerpolicy=\"strict-origin-when-cross-origin\" allowfullscreen><\/iframe>\n<\/div><\/figure>\n","protected":false},"excerpt":{"rendered":"<p>Agora companheiros na SRT Yamaha, o \u00edtalo-brasileiro ressaltou que vai ser dif\u00edcil separar o amigo do piloto, mas espera n\u00e3o ter a rela\u00e7\u00e3o com Rossi abalada<\/p>\n","protected":false},"author":0,"featured_media":1000452530,"comment_status":"closed","ping_status":"closed","sticky":false,"template":"","format":"standard","meta":{"42wp_featured_image_caption":"","42wp_featured_image_credits":"","42wp_featured_video":"","42wp_featured_image_hidden":false,"42wp_authors_list":[],"footnotes":""},"categories":[8],"tags":[140,79,3162,78,490,26999,26690,25441,26346,27001,80,172],"42wp_author":[47113],"class_list":["post-123147","post","type-post","status-publish","format-standard","has-post-thumbnail","hentry","category-motogp","tag-franco-morbidelli","tag-moto-gp","tag-moto-gp-2021","tag-motogp","tag-motogp-2021","tag-motogp-calendario-2021","tag-pilotos-motogp","tag-srt","tag-srt-yamaha","tag-transmissao-motogp-2021","tag-valentino-rossi","tag-yamaha","42wp_author-juliana-tesser"],"_links":{"self":[{"href":"https:\/\/grandepremio.com\/br\/wp-json\/wp\/v2\/posts\/123147","targetHints":{"allow":["GET"]}}],"collection":[{"href":"https:\/\/grandepremio.com\/br\/wp-json\/wp\/v2\/posts"}],"about":[{"href":"https:\/\/grandepremio.com\/br\/wp-json\/wp\/v2\/types\/post"}],"replies":[{"embeddable":true,"href":"https:\/\/grandepremio.com\/br\/wp-json\/wp\/v2\/comments?post=123147"}],"version-history":[{"count":0,"href":"https:\/\/grandepremio.com\/br\/wp-json\/wp\/v2\/posts\/123147\/revisions"}],"wp:featuredmedia":[{"embeddable":true,"href":"https:\/\/grandepremio.com\/br\/wp-json\/wp\/v2\/media\/1000452530"}],"wp:attachment":[{"href":"https:\/\/grandepremio.com\/br\/wp-json\/wp\/v2\/media?parent=123147"}],"wp:term":[{"taxonomy":"category","embeddable":true,"href":"https:\/\/grandepremio.com\/br\/wp-json\/wp\/v2\/categories?post=123147"},{"taxonomy":"post_tag","embeddable":true,"href":"https:\/\/grandepremio.com\/br\/wp-json\/wp\/v2\/tags?post=123147"},{"taxonomy":"42wp_author","embeddable":true,"href":"https:\/\/grandepremio.com\/br\/wp-json\/wp\/v2\/42wp_author?post=123147"}],"curies":[{"name":"wp","href":"https:\/\/api.w.org\/{rel}","templated":true}]}}