{"id":123173,"date":"2021-03-03T08:22:45","date_gmt":"2021-03-03T11:22:45","guid":{"rendered":"https:\/\/grandepremio.com\/br\/noticias\/davide-brivio-formula-1-sonho-muito-tempo-mas-nao-foi-facil-deixar-suzuki\/"},"modified":"2021-03-03T08:22:52","modified_gmt":"2021-03-03T11:22:52","slug":"davide-brivio-formula-1-sonho-muito-tempo-mas-nao-foi-facil-deixar-suzuki","status":"publish","type":"post","link":"https:\/\/grandepremio.com\/br\/f1\/davide-brivio-formula-1-sonho-muito-tempo-mas-nao-foi-facil-deixar-suzuki\/","title":{"rendered":"Brivio v\u00ea F\u00f3rmula 1 como sonho de muito tempo, mas diz que \u201cn\u00e3o foi f\u00e1cil deixar\u201d Suzuki"},"content":{"rendered":"\n<figure class=\"wp-block-embed is-type-video is-provider-youtube wp-block-embed-youtube wp-embed-aspect-16-9 wp-has-aspect-ratio\"><div class=\"wp-block-embed__wrapper\">\n<iframe loading=\"lazy\" title=\"ALPINE APRESENTA O A521, CARRO PARA A TEMPORADA 2021 DA F1 | Lan\u00e7amentos F1\" width=\"500\" height=\"281\" src=\"https:\/\/www.youtube.com\/embed\/2wM5jwKOvTo?feature=oembed\" frameborder=\"0\" allow=\"accelerometer; autoplay; clipboard-write; encrypted-media; gyroscope; picture-in-picture; web-share\" referrerpolicy=\"strict-origin-when-cross-origin\" allowfullscreen><\/iframe>\n<\/div><\/figure>\n\n\n\n<p class=\"wp-block-paragraph\">Davide Brivio reconheceu que foi dif\u00edcil <a href=\"https:\/\/www.grandepremio.com\/br\/motogp\/noticias\/suzuki-confirma-saida-davide-brivio-meio-rumores-ida-alpine-formula-1\/\" target=\"_blank\" rel=\"noreferrer noopener\">abandonar a Suzuki na MotoGP<\/a> para atuar como <a href=\"https:\/\/www.grandepremio.com\/br\/f1\/noticias\/alpine-confirma-expectativa-anuncia-davide-brivio-diretor-corridas-formula-1\/\" target=\"_blank\" rel=\"noreferrer noopener\">diretor de corridas da Alpine na F\u00f3rmula 1<\/a>. O italiano, no entanto, disse que a categoria m\u00e1xima da FIA (Federa\u00e7\u00e3o Internacional de Automobilismo) era um sonho antigo.<\/p>\n\n\n\n<p class=\"wp-block-paragraph\">Brivio chefiou a Suzuki desde 2013 e, no ano passado, conduziu a equipe ao t\u00edtulo da MotoGP com Joan Mir, encerrando uma espera de 20 anos. No in\u00edcio do ano, por\u00e9m, Davide trocou o mundo das duas rodas pela F\u00f3rmula 1 para trabalhar no time de Fernando Alonso e Esteban Ocon.<\/p>\n\n\n\n<figure class=\"wp-block-image size-large\"><img decoding=\"async\" src=\"https:\/\/www.grandepremio.com\/br\/wp-content\/uploads\/2021\/03\/Small-1630-ALPINEF1TEAMLAUNCHES2021CAMPAIGN-1024x683.jpg\" alt=\"\" class=\"wp-image-452921\"\/><figcaption>Davide Brivio trocou a MotoGP pela F\u00f3rmula 1 em 2021 (Foto: Alpine)<\/figcaption><\/figure>\n\n\n\n<p class=\"wp-block-paragraph\"><strong>Conhe\u00e7a o canal do Grande Pr\u00eamio no YouTube! Clique\u00a0<a rel=\"noreferrer noopener\" href=\"https:\/\/youtube.com\/GrandePremioTV\" target=\"_blank\">aqui<\/a>.<br>Siga o Grande Pr\u00eamio no\u00a0<a rel=\"noreferrer noopener\" href=\"https:\/\/twitter.com\/grandepremio\" target=\"_blank\">Twitter\u00a0<\/a>e no\u00a0<a rel=\"noreferrer noopener\" href=\"https:\/\/instagram.com\/grandepremio\" target=\"_blank\">Instagram<\/a>!<\/strong><br><strong><a href=\"https:\/\/www.grandepremio.com\/br\/web-stories\/f1\/formula-1-2021-tudo-sobre-os-lancamentos-dos-carros\/\">WEB STORIES: Tudo sobre os lan\u00e7amentos dos carros da\u00a0F1\u00a02021<\/a><\/strong><\/p>\n\n\n\n<p class=\"wp-block-paragraph\">\u201cClaro, n\u00e3o foi f\u00e1cil deixar a minha antiga equipe, um ambiente que eu conhecia muito bem\u201d, disse Brivio. \u201cA F\u00f3rmula 1 era um sonho meu de muito tempo e \u00e9 muito empolgante come\u00e7ar algo completamente novo e entrar em um novo ambiente\u201d, seguiu.<\/p>\n\n\n\n<p class=\"wp-block-paragraph\">\u201cTenho, claro, muito a aprender. Tenho muito para entender, mas, para mim, \u00e9 adrenalina, oxig\u00eanio, trabalhar e aprender muitas coisas\u201d, comentou. \u201cFoi uma oportunidade que senti que tinha de aproveitar. Provavelmente, teria me arrependido se n\u00e3o tivesse aceitado. Ent\u00e3o aqui estou eu. Vou fazer o meu melhor e espero que possa contribuir com a Alpine com a minha experi\u00eancia. N\u00e3o vai ser f\u00e1cil, mas estou totalmente comprometido a tentar e me envolver o melhor poss\u00edvel\u201d, assegurou.<\/p>\n\n\n\n<p class=\"wp-block-paragraph\">Ainda, Davide explicou como ser\u00e1 o papel de diretor de corridas da Alpine na F\u00f3rmula 1.<\/p>\n\n\n\n<p class=\"wp-block-paragraph\">\u201cSerei respons\u00e1vel pelas opera\u00e7\u00f5es na pista e atividades, ent\u00e3o tudo que acontece no circuito\u201d, explicou. \u201cNosso trabalho como equipe de corrida \u00e9 explorar o potencial m\u00e1ximo do carro. Em Enstone, tem uma grande press\u00e3o e uma grande responsabilidade, porque temos mais de mil pessoas entre Enstone e Viry preparando o chassi, o carro e a unidade de pot\u00eancia\u201d, apontou.<\/p>\n\n\n\n<p class=\"wp-block-paragraph\">\u201cTeremos um n\u00famero muito limitado de pessoas na pista, mas \u00e9 de onde temos de extrair o m\u00e1ximo potencial do carro. Ent\u00e3o estarei no comando disso. E, claro, n\u00e3o sou engenheiro, mas tenho de tentar garantir que os engenheiros, mec\u00e2nicos, pilotos e todas as pessoas envolvidas tenham tudo de que precisar para ter a melhor performance poss\u00edvel\u201d, falou. \u201cNesse sentido, se conseguirmos ter uma equipe forte, que j\u00e1 est\u00e1 no lugar, poderemos extrair o m\u00e1ximo potencial do carro\u201d, concluiu.<\/p>\n\n\n\n\n\n<figure class=\"wp-block-embed is-type-video is-provider-youtube wp-block-embed-youtube wp-embed-aspect-16-9 wp-has-aspect-ratio\"><div class=\"wp-block-embed__wrapper\">\n<iframe loading=\"lazy\" title=\"MERCEDES SEGUE PRETA E VEM MISTERIOSA PARA A TEMPORADA 2021 DA F1 | GP Not\u00edcias\" width=\"500\" height=\"281\" src=\"https:\/\/www.youtube.com\/embed\/VZoPkRnivW8?feature=oembed\" frameborder=\"0\" allow=\"accelerometer; autoplay; clipboard-write; encrypted-media; gyroscope; picture-in-picture; web-share\" referrerpolicy=\"strict-origin-when-cross-origin\" allowfullscreen><\/iframe>\n<\/div><\/figure>\n","protected":false},"excerpt":{"rendered":"<p>Novo diretor de corridas da Alpine, italiano reconheceu que tem muita coisa para aprender, mas ressaltou que se arrependeria de deixar a chance passar<\/p>\n","protected":false},"author":0,"featured_media":1000452825,"comment_status":"closed","ping_status":"closed","sticky":false,"template":"","format":"standard","meta":{"42wp_featured_image_caption":"","42wp_featured_image_credits":"","42wp_featured_video":"","42wp_featured_image_hidden":false,"42wp_authors_list":[],"footnotes":""},"categories":[2],"tags":[20491,6564,147,156,24837,25536,26868,78,134],"42wp_author":[47113],"class_list":["post-123173","post","type-post","status-publish","format-standard","has-post-thumbnail","hentry","category-f1","tag-alpine","tag-davide-brivio","tag-f1","tag-f1-2021","tag-formula-1-2","tag-formula-1-2021-2","tag-formula-1-classificacao-2020","tag-motogp","tag-suzuki","42wp_author-juliana-tesser"],"_links":{"self":[{"href":"https:\/\/grandepremio.com\/br\/wp-json\/wp\/v2\/posts\/123173","targetHints":{"allow":["GET"]}}],"collection":[{"href":"https:\/\/grandepremio.com\/br\/wp-json\/wp\/v2\/posts"}],"about":[{"href":"https:\/\/grandepremio.com\/br\/wp-json\/wp\/v2\/types\/post"}],"replies":[{"embeddable":true,"href":"https:\/\/grandepremio.com\/br\/wp-json\/wp\/v2\/comments?post=123173"}],"version-history":[{"count":0,"href":"https:\/\/grandepremio.com\/br\/wp-json\/wp\/v2\/posts\/123173\/revisions"}],"wp:featuredmedia":[{"embeddable":true,"href":"https:\/\/grandepremio.com\/br\/wp-json\/wp\/v2\/media\/1000452825"}],"wp:attachment":[{"href":"https:\/\/grandepremio.com\/br\/wp-json\/wp\/v2\/media?parent=123173"}],"wp:term":[{"taxonomy":"category","embeddable":true,"href":"https:\/\/grandepremio.com\/br\/wp-json\/wp\/v2\/categories?post=123173"},{"taxonomy":"post_tag","embeddable":true,"href":"https:\/\/grandepremio.com\/br\/wp-json\/wp\/v2\/tags?post=123173"},{"taxonomy":"42wp_author","embeddable":true,"href":"https:\/\/grandepremio.com\/br\/wp-json\/wp\/v2\/42wp_author?post=123173"}],"curies":[{"name":"wp","href":"https:\/\/api.w.org\/{rel}","templated":true}]}}