{"id":123228,"date":"2021-02-28T09:33:47","date_gmt":"2021-02-28T12:33:47","guid":{"rendered":"https:\/\/grandepremio.com\/br\/noticias\/di-grassi-lamenta-9o-e-8o-lugares-em-diriyah-mas-afirma-que-carro-mostrou-potencial\/"},"modified":"2021-02-28T09:34:58","modified_gmt":"2021-02-28T12:34:58","slug":"di-grassi-lamenta-9o-e-8o-lugares-em-diriyah-mas-afirma-que-carro-mostrou-potencial","status":"publish","type":"post","link":"https:\/\/grandepremio.com\/br\/formula-e\/di-grassi-lamenta-9o-e-8o-lugares-em-diriyah-mas-afirma-que-carro-mostrou-potencial\/","title":{"rendered":"Di Grassi lamenta 9\u00ba e 8\u00ba lugares em Diriyah, mas afirma que \u201ccarro mostrou potencial\u201d"},"content":{"rendered":"\n<p class=\"wp-block-paragraph\">Lucas Di Grassi deixou a primeira etapa da F\u00f3rmula E em Diriyah com gosto de quero mais. O brasileiro afirmou que n\u00e3o teve os melhores resultados na rodada dupla na Ar\u00e1bia Saudita, mas apontou ser apenas o in\u00edcio do calend\u00e1rio, mirando as pr\u00f3ximas provas.<\/p>\n\n\n\n<p class=\"wp-block-paragraph\">O competidor da Audi teve in\u00edcio de temporada 2021 abaixo do esperado. Nas duas corridas deste final de semana, conseguiu uma nona e oitava coloca\u00e7\u00f5es, somando apenas seis pontos e aparecendo na 14\u00aa coloca\u00e7\u00e3o da classifica\u00e7\u00e3o. Restam cinco etapas e seis corridas \u2013 a final, no Chile, tamb\u00e9m \u00e9 rodada dupla.<\/p>\n\n\n\n<p class=\"wp-block-paragraph\">Ao avaliar a passagem pela cidade saudita, o campe\u00e3o do terceiro campeonato da FE afirmou que \u201ceste n\u00e3o foi o final de semana ideal em termos de resultado, com o <a href=\"https:\/\/www.grandepremio.com\/br\/formula-e\/noticias\/nyck-de-vries-domina-da-de-ombros-para-safety-car-e-abre-2021-da-fe-com-vitoria-em-diriyah\/\">9\u00ba na corrida 1<\/a> e o <a href=\"https:\/\/www.grandepremio.com\/br\/formula-e\/noticias\/bird-supera-frijns-e-vence-ep-de-diriyah-sette-camara-e-sexto\/\">8\u00ba na corrida 2<\/a> que obtivemos nesta sexta e s\u00e1bado.\u201d<\/p>\n\n\n\n<figure class=\"wp-block-image size-large\"><img decoding=\"async\" src=\"https:\/\/www.grandepremio.com\/br\/wp-content\/uploads\/2021\/02\/EvGMUq9XEAcRZ1p-1024x722.jpg\" alt=\"\" class=\"wp-image-452432\"\/><figcaption>Di Grassi ficou fora do top-5 nas duas corridas em Diriyah (Foto: F\u00f3rmula E)<\/figcaption><\/figure>\n\n\n\n<p class=\"wp-block-paragraph\"><strong>Conhe\u00e7a o canal do Grande Pr\u00eamio no YouTube! Clique\u00a0<a rel=\"noreferrer noopener\" href=\"https:\/\/youtube.com\/GrandePremioTV\" target=\"_blank\">aqui<\/a>.<br>Siga o Grande Pr\u00eamio no\u00a0<a rel=\"noreferrer noopener\" href=\"https:\/\/twitter.com\/grandepremio\" target=\"_blank\">Twitter\u00a0<\/a>e no\u00a0<a rel=\"noreferrer noopener\" href=\"https:\/\/instagram.com\/grandepremio\" target=\"_blank\">Instagram<\/a>!<\/strong><\/p>\n\n\n\n<p class=\"wp-block-paragraph\">\u201cMas mesmo assim, o carro mostrou que tem potencial se trabalharmos nele. E n\u00f3s vamos partir pra cima na pr\u00f3xima corrida. Estas duas provas foram apenas o come\u00e7o e ainda h\u00e1 muita coisa para acontecer no campeonato\u201d, emendou.<\/p>\n\n\n\n<p class=\"wp-block-paragraph\">\u201cEstou feliz por voltar a competir e bastante ansioso para ver nosso trabalho dando resultados neste ano\u201d, completou o piloto de 36 anos.<\/p>\n\n\n\n<p class=\"wp-block-paragraph\">Mas Di Grassi ainda achou motivos para comemorar da passagem pela Ar\u00e1bia Saudita. Ap\u00f3s <a href=\"https:\/\/www.grandepremio.com\/br\/formula-e\/noticias\/lynn-capota-vai-para-hospital-e-faz-direcao-de-prova-encerrar-corrida-2-em-diriyah\/\">o assustador acidente protagonizado por Alex Lynn<\/a> no final da corrida 2, em que Mitch Evans <a href=\"https:\/\/www.grandepremio.com\/br\/formula-e\/noticias\/mitch-evans-acidente-alex-lynn-diriyah-como-queda-aviao-bem-feio\/\">chegou a comparar a uma queda do avi\u00e3o<\/a>, o brasileiro disse que \u201cfiquei aliviado com este informe preliminar de que o Alex est\u00e1 bem. Isso \u00e9 o mais importante\u201d.<\/p>\n\n\n\n<p class=\"wp-block-paragraph\">A pr\u00f3xima etapa da temporada 2021 da F\u00f3rmula E acontece em Roma, na It\u00e1lia, em 10 de abril.<\/p>\n","protected":false},"excerpt":{"rendered":"<p>O brasileiro afirmou que os resultados n\u00e3o foram os melhores, mas destacou que ainda tem muito ch\u00e3o pela frente at\u00e9 o final do campeonato<\/p>\n","protected":false},"author":0,"featured_media":1000452433,"comment_status":"closed","ping_status":"closed","sticky":false,"template":"","format":"standard","meta":{"42wp_featured_image_caption":"","42wp_featured_image_credits":"","42wp_featured_video":"","42wp_featured_image_hidden":false,"42wp_authors_list":[],"footnotes":""},"categories":[19],"tags":[25074,970,25000,25158,966],"42wp_author":[47123],"class_list":["post-123228","post","type-post","status-publish","format-standard","has-post-thumbnail","hentry","category-formula-e","tag-arabia-saudita-2","tag-audi","tag-formula-e-2","tag-formula-e-2021","tag-lucas-di-grassi","42wp_author-nathalia-de-vivo"],"_links":{"self":[{"href":"https:\/\/grandepremio.com\/br\/wp-json\/wp\/v2\/posts\/123228","targetHints":{"allow":["GET"]}}],"collection":[{"href":"https:\/\/grandepremio.com\/br\/wp-json\/wp\/v2\/posts"}],"about":[{"href":"https:\/\/grandepremio.com\/br\/wp-json\/wp\/v2\/types\/post"}],"replies":[{"embeddable":true,"href":"https:\/\/grandepremio.com\/br\/wp-json\/wp\/v2\/comments?post=123228"}],"version-history":[{"count":0,"href":"https:\/\/grandepremio.com\/br\/wp-json\/wp\/v2\/posts\/123228\/revisions"}],"wp:featuredmedia":[{"embeddable":true,"href":"https:\/\/grandepremio.com\/br\/wp-json\/wp\/v2\/media\/1000452433"}],"wp:attachment":[{"href":"https:\/\/grandepremio.com\/br\/wp-json\/wp\/v2\/media?parent=123228"}],"wp:term":[{"taxonomy":"category","embeddable":true,"href":"https:\/\/grandepremio.com\/br\/wp-json\/wp\/v2\/categories?post=123228"},{"taxonomy":"post_tag","embeddable":true,"href":"https:\/\/grandepremio.com\/br\/wp-json\/wp\/v2\/tags?post=123228"},{"taxonomy":"42wp_author","embeddable":true,"href":"https:\/\/grandepremio.com\/br\/wp-json\/wp\/v2\/42wp_author?post=123228"}],"curies":[{"name":"wp","href":"https:\/\/api.w.org\/{rel}","templated":true}]}}