{"id":123229,"date":"2021-02-28T09:17:44","date_gmt":"2021-02-28T12:17:44","guid":{"rendered":"https:\/\/grandepremio.com\/br\/noticias\/misseis-cortam-ceu-da-arabia-saudita-no-momento-da-corrida-da-fe-em-diriyah\/"},"modified":"2021-02-28T09:17:49","modified_gmt":"2021-02-28T12:17:49","slug":"misseis-cortam-ceu-da-arabia-saudita-no-momento-da-corrida-da-fe-em-diriyah","status":"publish","type":"post","link":"https:\/\/grandepremio.com\/br\/formula-e\/misseis-cortam-ceu-da-arabia-saudita-no-momento-da-corrida-da-fe-em-diriyah\/","title":{"rendered":"M\u00edsseis cortam c\u00e9u da Ar\u00e1bia Saudita no momento da corrida da FE em Diriyah"},"content":{"rendered":"\n<p class=\"wp-block-paragraph\">M\u00edsseis cortaram o c\u00e9u da Ar\u00e1bia Saudita no momento em que a F\u00f3rmula E disputava o eP de Diriyah no s\u00e1bado (27). O proj\u00e9til guiado foi interceptado e destru\u00eddo pelos sauditas.<\/p>\n\n\n\n<p class=\"wp-block-paragraph\">Na TV estatal Al-Ekhbariya, a coaliz\u00e3o liderada pela Ar\u00e1bia Saudita responsabilizou a mil\u00edcia Huti, do I\u00eamen, e alegou que o m\u00edssil estava direcionado \u00e0 capital Riad. Os sauditas disseram, tamb\u00e9m, que interceptaram drones. A autoria do ataque n\u00e3o foi reivindicada.<\/p>\n\n\n\n<p class=\"wp-block-paragraph\">De acordo com a m\u00eddia estatal, o pr\u00edncipe herdeiro Mohammed bin Salman esteve na etapa da F\u00f3rmula E de s\u00e1bado.<\/p>\n\n\n\n<p class=\"wp-block-paragraph\"><strong>Conhe\u00e7a o canal do Grande Pr\u00eamio no YouTube! Clique\u00a0<a rel=\"noreferrer noopener\" href=\"https:\/\/youtube.com\/GrandePremioTV\" target=\"_blank\">aqui<\/a>.<br>Siga o Grande Pr\u00eamio no\u00a0<a rel=\"noreferrer noopener\" href=\"https:\/\/twitter.com\/grandepremio\" target=\"_blank\">Twitter\u00a0<\/a>e no\u00a0<a rel=\"noreferrer noopener\" href=\"https:\/\/instagram.com\/grandepremio\" target=\"_blank\">Instagram<\/a>!<\/strong><\/p>\n\n\n\n<figure class=\"wp-block-video\"><video class=\"video-js vjs-big-play-centered\" data-gp-vjs=\"1\" controls src=\"https:\/\/www.grandepremio.com\/br\/wp-content\/uploads\/2021\/02\/Missil.mp4\"><\/video><\/figure>\n\n\n\n<p class=\"wp-block-paragraph\"><strong>GUIA DA FE 2021<\/strong><br>\u27a0\u00a0<a href=\"https:\/\/grandepremium.com.br\/analise\/formula-e\/materias\/guia-fe-2021-equipes-e-pilotos\/\"><strong>Fichas: equipes e pilotos<\/strong><\/a><br>\u27a0\u00a0<strong><a href=\"https:\/\/www.grandepremio.com\/br\/formula-e\/noticias\/guia-formula-e-em-ano-crucial-para-ambos-lucas-di-grassi-sergio-sette-camara-sao-coadjuvantes\/\">Em ano crucial, Di Grassi e Sette C\u00e2mara s\u00e3o coadjuvantes<\/a><\/strong><br>\u27a0\u00a0<strong><a href=\"https:\/\/www.grandepremio.com\/br\/formula-e\/noticias\/guia-fe-2021-da-costa-vergne-e-ds-techeetah-dominam-alguem-tem-resposta\">Da Costa e DS Techeetah dominam. Algu\u00e9m tem resposta?<\/a><\/strong><br>\u27a0\u00a0<strong><a href=\"https:\/\/www.grandepremio.com\/br\/formula-e\/noticias\/guia-fe-2021-saidas-audi-bmw-machucam-mas-nao-sao-feridas-mortais-para-formula-e\/\">Sa\u00eddas de Audi e BMW machucam, mas n\u00e3o matam FE<\/a><\/strong><br>\u27a0\u00a0<strong><a href=\"https:\/\/www.grandepremio.com\/br\/formula-e\/noticias\/guia-fe-2021-com-regulamento-igual-calendario-promete-ser-grande-novidade\/\">Com regulamento igual, calend\u00e1rio vira grande novidade<\/a><\/strong><\/p>\n\n\n\n<p class=\"wp-block-paragraph\">Na \u00faltima sexta-feira, a coaliz\u00e3o liderada pelos sauditas j\u00e1 tinha alegado a intercepta\u00e7\u00e3o de um m\u00edssil e dois drones lan\u00e7ados do I\u00eamen para atingir \u00e1reas civis no sul do pa\u00eds.<\/p>\n\n\n\n<p class=\"wp-block-paragraph\">No mesmo dia, os Estados Unidos implicaram o pr\u00edncipe-herdeiro no assassinato do jornalista Jamal Khashoggi no consulado saudita em Istambul, em 2018. Em um informe publicado h\u00e1 dois anos, mas que s\u00f3 agora foi divulgado pelo governo, a intelig\u00eancia americana concluiu que Bin Salman \u201caprovou a opera\u00e7\u00e3o em Istambul, na Turquia, para capturar ou matar o jornalista saudita Jamal Khashoggi\u201d, que era considerado \u201cuma amea\u00e7a ao reino\u201d.<\/p>\n\n\n\n<p class=\"wp-block-paragraph\">Como correspondente do Washington Post, Khashoggi era um cr\u00edtico do governo saudita e entro no consulado em Ancara para buscar uma certid\u00e3o para poder se casar com a noiva turca.<\/p>\n\n\n\n<p class=\"wp-block-paragraph\">No in\u00edcio do m\u00eas, a coaliz\u00e3o j\u00e1 tinha frustrado alguns ataques lan\u00e7ados pela mil\u00edcia Huti contra a Ar\u00e1bia Saudita, incluindo um ataque com drones no aeroporto de Abha. Este ataque resultou em um inc\u00eandio em um avi\u00e3o de passageiros.<\/p>\n\n\n\n<p class=\"wp-block-paragraph\">A coaliz\u00e3o militar que \u00e9 liderada pela Ar\u00e1bia Saudita apoia o governo do presidente Abd Rabbuh Mansour al-Hadi no I\u00eamen, que vive um conflito desde 2014, quando os Hutis tomaram Sanaa, a capital, e, depois, grande parte do norte do pa\u00eds para exigir maior participa\u00e7\u00e3o dos xiitas no governo e na tomada de decis\u00f5es. Os rebeldes ainda controlam grande parte do territ\u00f3rio iemenita, inclusive \u00e1reas de fronteira com a Ar\u00e1bia Saudita, que \u00e9 sunita.<\/p>\n\n\n\n<p class=\"wp-block-paragraph\">Os Hutis integram um grupo rebelde tamb\u00e9m conhecido por Ansar Allah (Partid\u00e1rios de Deus, em tradu\u00e7\u00e3o livre), que seguem uma corrente xiita do islamismo conhecida como zaidismo. O nome Huti deriva de Hussein Badr al Din al Huti, que liderou a primeira revolta do grupo, em 2004, e foi morto por soldados iemitas no final do mesmo ano.<\/p>\n\n\n\n<p class=\"wp-block-paragraph\">De acordo com a ONU (Organiza\u00e7\u00e3o das Na\u00e7\u00f5es Unidas), a I\u00eamen vive a pior crise humanit\u00e1ria do mundo, com dezenas de milhares de mortos e a popula\u00e7\u00e3o exposta \u00e0 fome. O pa\u00eds registra os piores \u00edndices de desnutri\u00e7\u00e3o aguda severa desde 2015, quando a coaliz\u00e3o saudita come\u00e7ou a interferir em apoio \u00e0s for\u00e7as do governo contra os rebeldes.<\/p>\n\n\n\n<p class=\"wp-block-paragraph\">No in\u00edcio de fevereiro, Joe Biden, presidente dos Estados Unidos, declarou o fim do apoio americano \u00e0 Guerra do I\u00eamen, encerrando a venda de armas para a coaliz\u00e3o militar liderada pelos sauditas, uma pol\u00edtica do antecessor Donald Trump. Os EUA, no entanto, apoiaram a defesa da Ar\u00e1bia Saudita a seu territ\u00f3rio.<\/p>\n\n\n\n<p class=\"wp-block-paragraph\">J\u00e1 no fim do mandato presidencial, Trump incluiu os Hutis na lista de \u201corganiza\u00e7\u00f5es terroristas\u201d, uma medida que, segundo a ONU, amea\u00e7a a entrega de ajuda humanit\u00e1ria ao pa\u00eds. O governo democrata ainda avalia se vai manter este posicionamento.<\/p>\n\n\n\n<p class=\"wp-block-paragraph\">\u201cEstamos fortalecendo nossos esfor\u00e7os diplom\u00e1ticos para acabar com a guerra no I\u00eamen, uma guerra que criou uma cat\u00e1strofe humanit\u00e1ria e estrat\u00e9gica. Essa guerra deve acabar\u201d, declarou Biden.<\/p>\n\n\n\n<p class=\"wp-block-paragraph\">Em rea\u00e7\u00e3o ao discurso de Biden, a Ar\u00e1bia Saudita reiterou apoio a \u201cuma solu\u00e7\u00e3o pol\u00edtica abrangente\u201d para o I\u00eamen, enfatizou \u201ca import\u00e2ncia dos esfor\u00e7os diplom\u00e1ticos\u201d e aplaudiu o \u201ccompromisso [de Biden] de cooperar com o reino para defender sua soberania e lidar com amea\u00e7as\u201d.<\/p>\n\n\n\n<p class=\"wp-block-paragraph\">A Ar\u00e1bia Saudita ganhou espa\u00e7o no notici\u00e1rio de esporte a motor recentemente, j\u00e1 que passou a receber o Rali Dakar, a F\u00f3rmula E e agora faz parte tamb\u00e9m do calend\u00e1rio da F\u00f3rmula 1. A aproxima\u00e7\u00e3o com os esportes, por\u00e9m, \u00e9 uma tentativa do regime saudita de passar ao mundo uma imagem de transforma\u00e7\u00e3o, j\u00e1 que \u00e9 uma ditadura com constantes den\u00fancias de viola\u00e7\u00f5es aos direitos humanos e das mulheres.<\/p>\n\n\n\n<p class=\"wp-block-paragraph\"><strong>LEIA TAMB\u00c9M<br><a href=\"https:\/\/grandepremium.com.br\/conta-giro\/formula-e\/materias\/transformacao-que-sai-com-agua\/\" target=\"_blank\" rel=\"noreferrer noopener\">Transforma\u00e7\u00e3o que sai com \u00e1gua<\/a><\/strong><\/p>\n\n\n\n\n\n<figure class=\"wp-block-embed is-type-video is-provider-youtube wp-block-embed-youtube wp-embed-aspect-16-9 wp-has-aspect-ratio\"><div class=\"wp-block-embed__wrapper\">\n<iframe loading=\"lazy\" title=\"F\u00d3RMULA E RETORNA COM BUSCA POR ADVERS\u00c1RIOS PARA DA COSTA | GUIA GP 2021\" width=\"500\" height=\"281\" src=\"https:\/\/www.youtube.com\/embed\/I59T2m36ISM?feature=oembed\" frameborder=\"0\" allow=\"accelerometer; autoplay; clipboard-write; encrypted-media; gyroscope; picture-in-picture; web-share\" referrerpolicy=\"strict-origin-when-cross-origin\" allowfullscreen><\/iframe>\n<\/div><\/figure>\n","protected":false},"excerpt":{"rendered":"<p>Coaliz\u00e3o liderada pela Ar\u00e1bia Saudita alega que o m\u00edssil partiu da mil\u00edcia Huti, do I\u00eamen, e estava direcionado a uma \u00e1rea civil em Riad, a capital saudita<\/p>\n","protected":false},"author":0,"featured_media":1000452206,"comment_status":"closed","ping_status":"closed","sticky":false,"template":"","format":"standard","meta":{"42wp_featured_image_caption":"","42wp_featured_image_credits":"","42wp_featured_video":"","42wp_featured_image_hidden":false,"42wp_authors_list":[],"footnotes":""},"categories":[19],"tags":[25074,379,25000,25158],"42wp_author":[47113],"class_list":["post-123229","post","type-post","status-publish","format-standard","has-post-thumbnail","hentry","category-formula-e","tag-arabia-saudita-2","tag-fe","tag-formula-e-2","tag-formula-e-2021","42wp_author-juliana-tesser"],"_links":{"self":[{"href":"https:\/\/grandepremio.com\/br\/wp-json\/wp\/v2\/posts\/123229","targetHints":{"allow":["GET"]}}],"collection":[{"href":"https:\/\/grandepremio.com\/br\/wp-json\/wp\/v2\/posts"}],"about":[{"href":"https:\/\/grandepremio.com\/br\/wp-json\/wp\/v2\/types\/post"}],"replies":[{"embeddable":true,"href":"https:\/\/grandepremio.com\/br\/wp-json\/wp\/v2\/comments?post=123229"}],"version-history":[{"count":0,"href":"https:\/\/grandepremio.com\/br\/wp-json\/wp\/v2\/posts\/123229\/revisions"}],"wp:featuredmedia":[{"embeddable":true,"href":"https:\/\/grandepremio.com\/br\/wp-json\/wp\/v2\/media\/1000452206"}],"wp:attachment":[{"href":"https:\/\/grandepremio.com\/br\/wp-json\/wp\/v2\/media?parent=123229"}],"wp:term":[{"taxonomy":"category","embeddable":true,"href":"https:\/\/grandepremio.com\/br\/wp-json\/wp\/v2\/categories?post=123229"},{"taxonomy":"post_tag","embeddable":true,"href":"https:\/\/grandepremio.com\/br\/wp-json\/wp\/v2\/tags?post=123229"},{"taxonomy":"42wp_author","embeddable":true,"href":"https:\/\/grandepremio.com\/br\/wp-json\/wp\/v2\/42wp_author?post=123229"}],"curies":[{"name":"wp","href":"https:\/\/api.w.org\/{rel}","templated":true}]}}