{"id":123238,"date":"2021-02-27T13:07:05","date_gmt":"2021-02-27T16:07:05","guid":{"rendered":"https:\/\/grandepremio.com\/br\/noticias\/mercedes-corrige-problema-em-software-e-ganha-autorizacao-para-correr-em-diriyah\/"},"modified":"2021-02-27T13:07:13","modified_gmt":"2021-02-27T16:07:13","slug":"mercedes-corrige-problema-em-software-e-ganha-autorizacao-para-correr-em-diriyah","status":"publish","type":"post","link":"https:\/\/grandepremio.com\/br\/formula-e\/mercedes-corrige-problema-em-software-e-ganha-autorizacao-para-correr-em-diriyah\/","title":{"rendered":"Mercedes corrige problema em software e ganha autoriza\u00e7\u00e3o para correr em Diriyah"},"content":{"rendered":"\n<figure class=\"wp-block-embed is-type-video is-provider-youtube wp-block-embed-youtube wp-embed-aspect-16-9 wp-has-aspect-ratio\"><div class=\"wp-block-embed__wrapper\">\n<iframe loading=\"lazy\" title=\"F\u00d3RMULA E RETORNA COM BUSCA POR ADVERS\u00c1RIOS PARA DA COSTA | GUIA GP 2021\" width=\"500\" height=\"281\" src=\"https:\/\/www.youtube.com\/embed\/I59T2m36ISM?feature=oembed\" frameborder=\"0\" allow=\"accelerometer; autoplay; clipboard-write; encrypted-media; gyroscope; picture-in-picture; web-share\" referrerpolicy=\"strict-origin-when-cross-origin\" allowfullscreen><\/iframe>\n<\/div><\/figure>\n\n\n\n<p class=\"wp-block-paragraph\">As equipes com trem de for\u00e7a da Mercedes v\u00e3o, no fim das contas, participar do eP de Diriyah deste s\u00e1bado (27). Depois do <strong><a href=\"https:\/\/www.grandepremio.com\/br\/formula-e\/noticias\/edoardo-mortara-passa-reto-em-curva-bate-forte-e-e-levado-a-hospital-para-exames\/\">susto no problema de freios com Edoardo Mortara no treino livre,<\/a><\/strong> a montadora alem\u00e3 conseguiu convencer a dire\u00e7\u00e3o de prova de que tanto seus carros quanto os da cliente Venturi s\u00e3o seguros a ponto de competir normalmente.<\/p>\n\n\n\n<p class=\"wp-block-paragraph\">A Mercedes esclareceu que o problema no sistema de freios foi causado por uma falha no software do carro. Como isso ainda n\u00e3o estava claro no momento do acidente de Mortara, os carros da Mercedes e da Venturi tiveram participa\u00e7\u00e3o vetada na classifica\u00e7\u00e3o. A presen\u00e7a na corrida est\u00e1 garantida, mas largando do fim do grid.<\/p>\n\n\n\n<p class=\"wp-block-paragraph\"><strong>Conhe\u00e7a o canal do Grande Pr\u00eamio no YouTube! Clique\u00a0<a rel=\"noreferrer noopener\" href=\"https:\/\/youtube.com\/GrandePremioTV\" target=\"_blank\">aqui<\/a>.<br>Siga o Grande Pr\u00eamio no\u00a0<a rel=\"noreferrer noopener\" href=\"https:\/\/twitter.com\/grandepremio\" target=\"_blank\">Twitter\u00a0<\/a>e no\u00a0<a rel=\"noreferrer noopener\" href=\"https:\/\/instagram.com\/grandepremio\" target=\"_blank\">Instagram<\/a>!<\/strong><\/p>\n\n\n\n<figure class=\"wp-block-image size-large\"><img decoding=\"async\" src=\"https:\/\/www.grandepremio.com\/br\/wp-content\/uploads\/2021\/02\/Screenshot-269-1024x576.png\" alt=\"\" class=\"wp-image-452284\"\/><figcaption>Edoardo Mortara teve um acidente forte ap\u00f3s falha nos freios (Foto: F\u00f3rmula E)<\/figcaption><\/figure>\n\n\n\n<p class=\"wp-block-paragraph\"><strong>GUIA DA FE 2021<\/strong><br>\u27a0\u00a0<a href=\"https:\/\/grandepremium.com.br\/analise\/formula-e\/materias\/guia-fe-2021-equipes-e-pilotos\/\"><strong>Fichas: equipes e pilotos<\/strong><\/a><br>\u27a0\u00a0<strong><a href=\"https:\/\/www.grandepremio.com\/br\/formula-e\/noticias\/guia-formula-e-em-ano-crucial-para-ambos-lucas-di-grassi-sergio-sette-camara-sao-coadjuvantes\/\">Em ano crucial, Di Grassi e Sette C\u00e2mara s\u00e3o coadjuvantes<\/a><\/strong><br>\u27a0\u00a0<strong><a href=\"https:\/\/www.grandepremio.com\/br\/formula-e\/noticias\/guia-fe-2021-da-costa-vergne-e-ds-techeetah-dominam-alguem-tem-resposta\">Da Costa e DS Techeetah dominam. Algu\u00e9m tem resposta?<\/a><\/strong><br>\u27a0\u00a0<strong><a href=\"https:\/\/www.grandepremio.com\/br\/formula-e\/noticias\/guia-fe-2021-saidas-audi-bmw-machucam-mas-nao-sao-feridas-mortais-para-formula-e\/\">Sa\u00eddas de Audi e BMW machucam, mas n\u00e3o matam FE<\/a><\/strong><br>\u27a0\u00a0<strong><a href=\"https:\/\/www.grandepremio.com\/br\/formula-e\/noticias\/guia-fe-2021-com-regulamento-igual-calendario-promete-ser-grande-novidade\/\">Com regulamento igual, calend\u00e1rio vira grande novidade<\/a><\/strong><\/p>\n\n\n\n<p class=\"wp-block-paragraph\">\u201cO sistema de freios da F\u00f3rmula E \u00e9 desenvolvido de forma que, caso os freios dianteiros falhem, os traseiros s\u00e3o acionados\u201d, explicou a Mercedes via comunicado. \u201cNesse caso, um par\u00e2metro incorreto de software significou que os freios traseiros n\u00e3o foram acionados quando necess\u00e1rios. J\u00e1 corrigimos o problema no software e mostramos \u00e0 FIA que o problema foi resolvido. Assim, a FIA vai permitir que todos os carros com trem de for\u00e7a da Mercedes participem da corrida\u201d, seguiu.<\/p>\n\n\n\n<p class=\"wp-block-paragraph\">A confirma\u00e7\u00e3o garante Nyck de Vries e Stoffel Vandoorne, da Mercedes, e Norman Nato, da Venturi, na corrida. A \u00faltima incerteza \u00e9 o pr\u00f3prio Mortara: o su\u00ed\u00e7o teve de ir ao hospital, onde foi examinado e j\u00e1 liberado. A equipe monegasca deixou na m\u00e3o do piloto a decis\u00e3o de correr ou n\u00e3o, a qual ainda n\u00e3o foi divulgada ao p\u00fablico.<\/p>\n\n\n\n<p class=\"wp-block-paragraph\">A corrida 2 em Diriyah tem Robin Frijns na pole-position. S\u00e9rgio Sette C\u00e2mara completa a primeira fila ap\u00f3s uma classifica\u00e7\u00e3o surpreendentemente boa.<\/p>\n","protected":false},"excerpt":{"rendered":"<p>Um problema de software levou \u00e0 falha dos freios de Edoardo Mortara, piloto da Venturi, cliente da Mercedes na FE. A marca alem\u00e3 resolveu tudo e garantiu as duas equipes na prova<\/p>\n","protected":false},"author":0,"featured_media":1000452038,"comment_status":"closed","ping_status":"closed","sticky":false,"template":"","format":"standard","meta":{"42wp_featured_image_caption":"","42wp_featured_image_credits":"","42wp_featured_video":"","42wp_featured_image_hidden":false,"42wp_authors_list":[],"footnotes":""},"categories":[19],"tags":[949,26482,25000,82,1722,1556,967,660],"42wp_author":[47118],"class_list":["post-123238","post","type-post","status-publish","format-standard","has-post-thumbnail","hentry","category-formula-e","tag-edoardo-mortara","tag-fe-2021","tag-formula-e-2","tag-mercedes","tag-norman-nato","tag-nyck-de-vries","tag-stoffel-vandoorne","tag-venturi","42wp_author-vitor-fazio"],"_links":{"self":[{"href":"https:\/\/grandepremio.com\/br\/wp-json\/wp\/v2\/posts\/123238","targetHints":{"allow":["GET"]}}],"collection":[{"href":"https:\/\/grandepremio.com\/br\/wp-json\/wp\/v2\/posts"}],"about":[{"href":"https:\/\/grandepremio.com\/br\/wp-json\/wp\/v2\/types\/post"}],"replies":[{"embeddable":true,"href":"https:\/\/grandepremio.com\/br\/wp-json\/wp\/v2\/comments?post=123238"}],"version-history":[{"count":0,"href":"https:\/\/grandepremio.com\/br\/wp-json\/wp\/v2\/posts\/123238\/revisions"}],"wp:featuredmedia":[{"embeddable":true,"href":"https:\/\/grandepremio.com\/br\/wp-json\/wp\/v2\/media\/1000452038"}],"wp:attachment":[{"href":"https:\/\/grandepremio.com\/br\/wp-json\/wp\/v2\/media?parent=123238"}],"wp:term":[{"taxonomy":"category","embeddable":true,"href":"https:\/\/grandepremio.com\/br\/wp-json\/wp\/v2\/categories?post=123238"},{"taxonomy":"post_tag","embeddable":true,"href":"https:\/\/grandepremio.com\/br\/wp-json\/wp\/v2\/tags?post=123238"},{"taxonomy":"42wp_author","embeddable":true,"href":"https:\/\/grandepremio.com\/br\/wp-json\/wp\/v2\/42wp_author?post=123238"}],"curies":[{"name":"wp","href":"https:\/\/api.w.org\/{rel}","templated":true}]}}