{"id":123250,"date":"2021-02-27T08:28:09","date_gmt":"2021-02-27T11:28:09","guid":{"rendered":"https:\/\/grandepremio.com\/br\/noticias\/ferrari-faz-simulacoes-e-diz-que-velocidade-de-reta-nao-sera-tanto-problema-em-2021\/"},"modified":"2021-02-27T08:28:57","modified_gmt":"2021-02-27T11:28:57","slug":"ferrari-faz-simulacoes-e-diz-que-velocidade-de-reta-nao-sera-tanto-problema-em-2021","status":"publish","type":"post","link":"https:\/\/grandepremio.com\/br\/f1\/ferrari-faz-simulacoes-e-diz-que-velocidade-de-reta-nao-sera-tanto-problema-em-2021\/","title":{"rendered":"Ferrari faz simula\u00e7\u00f5es e diz que velocidade de reta \u201cn\u00e3o ser\u00e1 tanto problema\u201d em 2021"},"content":{"rendered":"\n<p class=\"wp-block-paragraph\">A Ferrari j\u00e1 mostrou otimismo quanto a ganhos na velocidade de reta para 2021. Mattia Binotto, chefe da equipe, afirmou que ap\u00f3s simula\u00e7\u00f5es feitas na f\u00e1brica, foram vistas melhoras neste ponto t\u00e3o problem\u00e1tico da \u00faltima temporada.<\/p>\n\n\n\n<p class=\"wp-block-paragraph\">Em 2020, a escuderia de Maranello enfrentou uma campanha bastante complicada e pouco competitiva. Nas 17 etapas disputadas, conseguiu apenas tr\u00eas p\u00f3dios e nenhuma vit\u00f3ria, encerrando a classifica\u00e7\u00e3o apenas na sexta coloca\u00e7\u00e3o.<\/p>\n\n\n\n<p class=\"wp-block-paragraph\">Mas o dirigente acredita que as coisas ser\u00e3o diferentes no campeonato deste ano. \u201cAcho que no ano passado, o principal problema foi a velocidade de reta. N\u00e3o apenas a pot\u00eancia, mas pot\u00eancia e arrasto. Trabalhamos muito na unidade de pot\u00eancia e na aerodin\u00e2mica do carro para diminuir o arrasto\u201d, afirmou durante evento realizado na \u00faltima sexta-feira.<\/p>\n\n\n\n<figure class=\"wp-block-image size-large\"><img decoding=\"async\" src=\"https:\/\/www.grandepremio.com\/br\/wp-content\/uploads\/2021\/02\/20068-f1-team-launch-binotto-683x1024.jpg\" alt=\"\" class=\"wp-image-452081\"\/><figcaption>Mattia Binotto cr\u00ea que Ferrari n\u00e3o vai sofrer muito com velocidade de reta em 2021 (Foto: Ferrari)<\/figcaption><\/figure>\n\n\n\n<p class=\"wp-block-paragraph\"><strong>LEIA TAMB\u00c9M<br><a href=\"https:\/\/www.grandepremio.com\/br\/f1\/noticias\/grande-premio-da-pontape-inicial-para-2021-com-nova-programacao\/\" target=\"_blank\" rel=\"noreferrer noopener\">GRANDE PR\u00caMIO d\u00e1 pontap\u00e9 inicial para temporada 2021 com nova programa\u00e7\u00e3o<\/a><\/strong><\/p>\n\n\n\n<p class=\"wp-block-paragraph\">\u201cBaseado em nossas simula\u00e7\u00f5es hoje, no que podemos ver em termos de sa\u00edda de pot\u00eancia do dinam\u00f4metro e do arrasto do carro no t\u00fanel de vento, acho que recuperamos muita velocidade nas retas. Estou esperando que a velocidade n\u00e3o seja tanto um problema como foi\u201d, completou o italiano.<\/p>\n\n\n\n<p class=\"wp-block-paragraph\"><a href=\"https:\/\/www.grandepremio.com\/br\/f1\/noticias\/ferrari-anuncia-dois-eventos-de-lancamento-da-equipe-e-do-carro-para-temporada-2021\/\">O lan\u00e7amento do SF21, carro para a temporada 2021, est\u00e1 agendado para o dia 10 de mar\u00e7o<\/a>, dois dias antes do in\u00edcio dos testes pr\u00e9-temporada no Bahrein. \u201cEsperamos ser competitivos, mas s\u00f3 saberemos quando fomos ao Bahrein\u201d, pontuou Binotto.<\/p>\n\n\n\n<p class=\"wp-block-paragraph\">\u201cAcho que \u00e9 sempre relativo o que os outros est\u00e3o fazendo. Mas acreditamos que nosso carro \u00e9 mais eficiente comparado com o que t\u00ednhamos no ano passado, e quando digo eficiente, \u00e9 do ponto de vista da aerodin\u00e2mica e da unidade de pot\u00eancia\u201d, concluiu.<\/p>\n\n\n\n<p class=\"wp-block-paragraph\">Durante o mesmo evento, Mattia fez discurso realista quanto a temporada 2021, dizendo que a Ferrari vai encarar problemas e <a href=\"https:\/\/www.grandepremio.com\/br\/f1\/noticias\/ferrari-preve-2021-cheio-de-desafios-e-avisa-erros-sao-completamente-possiveis\/\">j\u00e1 afirmou que erros \u201cs\u00e3o completamente poss\u00edveis\u201d de serem cometidos<\/a>.<\/p>\n\n\n\n<p class=\"wp-block-paragraph\"><strong>Conhe\u00e7a o canal do Grande Pr\u00eamio no YouTube! Clique&nbsp;<a rel=\"noreferrer noopener\" href=\"https:\/\/youtube.com\/GrandePremioTV\" target=\"_blank\">aqui<\/a>.<br>Siga o Grande Pr\u00eamio no&nbsp;<a rel=\"noreferrer noopener\" href=\"https:\/\/twitter.com\/grandepremio\" target=\"_blank\">Twitter&nbsp;<\/a>e no&nbsp;<a rel=\"noreferrer noopener\" href=\"https:\/\/instagram.com\/grandepremio\" target=\"_blank\">Instagram<\/a>!<\/strong><\/p>\n\n\n\n<figure class=\"wp-block-embed is-type-video is-provider-youtube wp-block-embed-youtube wp-embed-aspect-16-9 wp-has-aspect-ratio\"><div class=\"wp-block-embed__wrapper\">\n<iframe loading=\"lazy\" title=\"F1 2021: FERRARI FAZ N\u00c3O-APRESENTA\u00c7\u00c3O POMPOSA E MOSTRA NADA | GP Not\u00edcias\" width=\"500\" height=\"281\" src=\"https:\/\/www.youtube.com\/embed\/JS243YU8CWk?feature=oembed\" frameborder=\"0\" allow=\"accelerometer; autoplay; clipboard-write; encrypted-media; gyroscope; picture-in-picture; web-share\" referrerpolicy=\"strict-origin-when-cross-origin\" allowfullscreen><\/iframe>\n<\/div><\/figure>\n","protected":false},"excerpt":{"rendered":"<p>Mattia Binotto, chefe da equipe, afirmou que os trabalhos no t\u00fanel de vento e mudan\u00e7as aerodin\u00e2micas fazem crer no ganho de pot\u00eancia para esta temporada<\/p>\n","protected":false},"author":0,"featured_media":1000443473,"comment_status":"closed","ping_status":"closed","sticky":false,"template":"","format":"standard","meta":{"42wp_featured_image_caption":"","42wp_featured_image_credits":"","42wp_featured_video":"","42wp_featured_image_hidden":false,"42wp_authors_list":[],"footnotes":""},"categories":[2],"tags":[147,156,207,24837,25536,27004,27003,442],"42wp_author":[47123],"class_list":["post-123250","post","type-post","status-publish","format-standard","has-post-thumbnail","hentry","category-f1","tag-f1","tag-f1-2021","tag-ferrari","tag-formula-1-2","tag-formula-1-2021-2","tag-horario-f1-2021","tag-horario-formula-1-2021","tag-mattia-binotto","42wp_author-nathalia-de-vivo"],"_links":{"self":[{"href":"https:\/\/grandepremio.com\/br\/wp-json\/wp\/v2\/posts\/123250","targetHints":{"allow":["GET"]}}],"collection":[{"href":"https:\/\/grandepremio.com\/br\/wp-json\/wp\/v2\/posts"}],"about":[{"href":"https:\/\/grandepremio.com\/br\/wp-json\/wp\/v2\/types\/post"}],"replies":[{"embeddable":true,"href":"https:\/\/grandepremio.com\/br\/wp-json\/wp\/v2\/comments?post=123250"}],"version-history":[{"count":0,"href":"https:\/\/grandepremio.com\/br\/wp-json\/wp\/v2\/posts\/123250\/revisions"}],"wp:featuredmedia":[{"embeddable":true,"href":"https:\/\/grandepremio.com\/br\/wp-json\/wp\/v2\/media\/1000443473"}],"wp:attachment":[{"href":"https:\/\/grandepremio.com\/br\/wp-json\/wp\/v2\/media?parent=123250"}],"wp:term":[{"taxonomy":"category","embeddable":true,"href":"https:\/\/grandepremio.com\/br\/wp-json\/wp\/v2\/categories?post=123250"},{"taxonomy":"post_tag","embeddable":true,"href":"https:\/\/grandepremio.com\/br\/wp-json\/wp\/v2\/tags?post=123250"},{"taxonomy":"42wp_author","embeddable":true,"href":"https:\/\/grandepremio.com\/br\/wp-json\/wp\/v2\/42wp_author?post=123250"}],"curies":[{"name":"wp","href":"https:\/\/api.w.org\/{rel}","templated":true}]}}