{"id":123255,"date":"2021-02-26T16:08:11","date_gmt":"2021-02-26T19:08:11","guid":{"rendered":"https:\/\/grandepremio.com\/br\/noticias\/mclaren-apresenta-layouts-diferentes-para-oward-e-rosenqvist-em-2021-na-indy\/"},"modified":"2021-02-26T16:10:33","modified_gmt":"2021-02-26T19:10:33","slug":"mclaren-apresenta-layouts-diferentes-para-oward-e-rosenqvist-em-2021-na-indy","status":"publish","type":"post","link":"https:\/\/grandepremio.com\/br\/indy\/mclaren-apresenta-layouts-diferentes-para-oward-e-rosenqvist-em-2021-na-indy\/","title":{"rendered":"McLaren apresenta layouts diferentes para O\u2019Ward e Rosenqvist em 2021 na Indy"},"content":{"rendered":"\n<p class=\"wp-block-paragraph\">A McLaren apresentou as pinturas dos carros de Felix Rosenqvist e Pato O\u2019Ward para a temporada 2021 da Indy. Nesta sexta-feira (26), a equipe mostrou layouts que seguiram o da temporada passada, mas com cores distintas entre si.<\/p>\n\n\n\n<p class=\"wp-block-paragraph\">O #5 do mexicano ainda conta com a presen\u00e7a do laranja, mas \u00e9 o preto que mais toma conta do b\u00f3lido. J\u00e1 no #7 do sueco tamb\u00e9m apresenta o laranja, mas uma forte cor azul \u00e9 o que est\u00e1 em destaque e ajuda a identificar cada piloto.<\/p>\n\n\n\n<p class=\"wp-block-paragraph\">\u201cEstou animado para ver o que todos acham do layout. Acho que os dois carros representam uma mistura de todas as cores da McLaren. O carro de Felix tem mais azul e o meu mais preto, o que vai ser mais f\u00e1cil para nos identificar\u201d, disse O\u2019Ward.<\/p>\n\n\n\n<figure class=\"wp-block-image size-large\"><img decoding=\"async\" src=\"https:\/\/www.grandepremio.com\/br\/wp-content\/uploads\/2021\/02\/EvKlVuQXUAYmhWd-1024x1024.jpg\" alt=\"\" class=\"wp-image-452218\"\/><figcaption>A McLaren apresentou os carros para a temporada 2021 da Indy. Na foto, o de Pato O&#8217;Ward (Foto: McLaren)<\/figcaption><\/figure>\n\n\n\n<p class=\"wp-block-paragraph\"><strong>Conhe\u00e7a o canal do Grande Pr\u00eamio no YouTube! Clique&nbsp;<a rel=\"noreferrer noopener\" href=\"https:\/\/youtube.com\/GrandePremioTV\" target=\"_blank\">aqui<\/a>.<br>Siga o Grande Pr\u00eamio no&nbsp;<a rel=\"noreferrer noopener\" href=\"https:\/\/twitter.com\/grandepremio\" target=\"_blank\">Twitter&nbsp;<\/a>e no&nbsp;<a rel=\"noreferrer noopener\" href=\"https:\/\/instagram.com\/grandepremio\" target=\"_blank\">Instagram<\/a>!<\/strong><\/p>\n\n\n\n<p class=\"wp-block-paragraph\">\u201cAcho que a McLaren ficou realmente muito legal. Meu carro parece muito com o do ano passado, com algumas pequenas mudan\u00e7as, mas acho que se parece mais r\u00e1pido. Estou bastante pronto para come\u00e7ar a correr\u201d, completou o competidor de 21 anos.<\/p>\n\n\n\n<p class=\"wp-block-paragraph\">J\u00e1 Rosenqvist afirmou que \u201ca primeira vez que vi o McLaren #7 ao vivo fiquei encantado em como era bonito. Se tiver metade da velocidade que tem de beleza, acredito que teremos uma \u00f3tima temporada.\u201d<\/p>\n\n\n\n<p class=\"wp-block-paragraph\">\u201cRealmente gostei do azul misturado com a cl\u00e1ssica cor papaya da McLaren. Somos uma \u00f3tima equipe cheia de pessoas ambiciosas e estamos prontos para este ano. Estou bastante preparado\u201d, completou o piloto nascido em V\u00e4rnamo.<\/p>\n\n\n\n<p class=\"wp-block-paragraph\">A temporada 2021 da Indy come\u00e7a em 18 de abril, em Barber Park, Alabama. Entre as novidades est\u00e1 a chegada de Romain Grosjean, <a href=\"https:\/\/www.grandepremio.com\/br\/indy\/noticias\/romain-grosjean-roda-escapa-pista-bate-barreira-pneus-primeiro-teste-na-indy\/\">que realizou nesta semana seu primeiro teste<\/a> com um carro da categoria e <a href=\"https:\/\/www.grandepremio.com\/br\/indy\/noticias\/romain-grosjean-admite-dor-mas-fica-feliz-por-primeiro-teste-na-indy-voce-sente-o-carro\/\">exaltou a experi\u00eancia<\/a>.<\/p>\n\n\n\n<figure class=\"wp-block-embed is-type-video is-provider-youtube wp-block-embed-youtube wp-embed-aspect-16-9 wp-has-aspect-ratio\"><div class=\"wp-block-embed__wrapper\">\n<iframe loading=\"lazy\" title=\"Indy 2021: GROSJEAN VOLTA \u00c0S PISTAS AP\u00d3S QUASE MORRER | GP Not\u00edcias\" width=\"500\" height=\"281\" src=\"https:\/\/www.youtube.com\/embed\/qu7aTR-iBV8?feature=oembed\" frameborder=\"0\" allow=\"accelerometer; autoplay; clipboard-write; encrypted-media; gyroscope; picture-in-picture; web-share\" referrerpolicy=\"strict-origin-when-cross-origin\" allowfullscreen><\/iframe>\n<\/div><\/figure>\n","protected":false},"excerpt":{"rendered":"<p>Carregando ainda cores do ano passado, a equipe apresentou dois carros diferentes, com o mexicano levando mais preto e o sueco com mais presen\u00e7a do azul<\/p>\n","protected":false},"author":0,"featured_media":1000452219,"comment_status":"closed","ping_status":"closed","sticky":false,"template":"","format":"standard","meta":{"42wp_featured_image_caption":"","42wp_featured_image_credits":"","42wp_featured_video":"","42wp_featured_image_hidden":false,"42wp_authors_list":[],"footnotes":""},"categories":[3],"tags":[3144,93,5601,90,99],"42wp_author":[47123],"class_list":["post-123255","post","type-post","status-publish","format-standard","has-post-thumbnail","hentry","category-indy","tag-felix-rosenqvist","tag-indy","tag-indy-2021","tag-mclaren","tag-pato-oward","42wp_author-nathalia-de-vivo"],"_links":{"self":[{"href":"https:\/\/grandepremio.com\/br\/wp-json\/wp\/v2\/posts\/123255","targetHints":{"allow":["GET"]}}],"collection":[{"href":"https:\/\/grandepremio.com\/br\/wp-json\/wp\/v2\/posts"}],"about":[{"href":"https:\/\/grandepremio.com\/br\/wp-json\/wp\/v2\/types\/post"}],"replies":[{"embeddable":true,"href":"https:\/\/grandepremio.com\/br\/wp-json\/wp\/v2\/comments?post=123255"}],"version-history":[{"count":0,"href":"https:\/\/grandepremio.com\/br\/wp-json\/wp\/v2\/posts\/123255\/revisions"}],"wp:featuredmedia":[{"embeddable":true,"href":"https:\/\/grandepremio.com\/br\/wp-json\/wp\/v2\/media\/1000452219"}],"wp:attachment":[{"href":"https:\/\/grandepremio.com\/br\/wp-json\/wp\/v2\/media?parent=123255"}],"wp:term":[{"taxonomy":"category","embeddable":true,"href":"https:\/\/grandepremio.com\/br\/wp-json\/wp\/v2\/categories?post=123255"},{"taxonomy":"post_tag","embeddable":true,"href":"https:\/\/grandepremio.com\/br\/wp-json\/wp\/v2\/tags?post=123255"},{"taxonomy":"42wp_author","embeddable":true,"href":"https:\/\/grandepremio.com\/br\/wp-json\/wp\/v2\/42wp_author?post=123255"}],"curies":[{"name":"wp","href":"https:\/\/api.w.org\/{rel}","templated":true}]}}