{"id":123262,"date":"2021-02-26T13:05:57","date_gmt":"2021-02-26T16:05:57","guid":{"rendered":"https:\/\/grandepremio.com\/br\/noticias\/carlos-sainz-espera-conquistar-titulo-em-cinco-anos-e-se-ve-no-lugar-certo-e-na-hora-certa-na-ferrari\/"},"modified":"2021-02-26T13:13:45","modified_gmt":"2021-02-26T16:13:45","slug":"carlos-sainz-espera-conquistar-titulo-em-cinco-anos-e-se-ve-no-lugar-certo-e-na-hora-certa-na-ferrari","status":"publish","type":"post","link":"https:\/\/grandepremio.com\/br\/f1\/carlos-sainz-espera-conquistar-titulo-em-cinco-anos-e-se-ve-no-lugar-certo-e-na-hora-certa-na-ferrari\/","title":{"rendered":"Sainz espera conquistar t\u00edtulo em cinco anos e se v\u00ea \u201cna hora certa\u201d na Ferrari"},"content":{"rendered":"\n<p class=\"wp-block-paragraph\">Carlos Sainz j\u00e1 tem planos em longo prazo para sua passagem pela Ferrari. O espanhol destacou como est\u00e1 no melhor lugar no melhor momento poss\u00edvel e afirmou que espera conseguir um t\u00edtulo na F\u00f3rmula 1 em um per\u00edodo de cinco anos.<\/p>\n\n\n\n<p class=\"wp-block-paragraph\">Em seis temporadas na principal categoria do automobilismo mundial, o piloto de 26 anos passou pela Toro Rosso, Renault e McLaren \u2013 a \u00faltima onde conseguiu seus dois p\u00f3dios. Agora, chega \u00e0 escuderia de Maranello com a expectativa em alta.<\/p>\n\n\n\n<p class=\"wp-block-paragraph\">Sainz destacou o sonho realizado em vestir as cores do time. \u201cChegar \u00e0 Ferrari aos 26 anos \u00e9 algo que sempre lutei para conseguir. Meu primeiro dia com a equipe \u00e9 algo que nunca vou esquecer, que vou me lembrar inclusive quando tiver 80 ou 90 anos\u201d, apontou.<\/p>\n\n\n\n<figure class=\"wp-block-image size-large\"><img decoding=\"async\" src=\"https:\/\/www.grandepremio.com\/br\/wp-content\/uploads\/2020\/05\/20040-f1-test-fiorano-day-3-carlos-sainz-1024x683.jpg\" alt=\"CARLOS SAINZ; FERRARI; FIORANO; F1; F\u00d3RMULA 1; F1 2021;\" class=\"wp-image-447378\"\/><figcaption>Sainz espera conseguir um t\u00edtulo em cinco anos (Foto: Ferrari)<\/figcaption><\/figure>\n\n\n\n<p class=\"wp-block-paragraph\"><strong>Conhe\u00e7a o canal do Grande Pr\u00eamio no YouTube! Clique&nbsp;<a rel=\"noreferrer noopener\" href=\"https:\/\/youtube.com\/GrandePremioTV\" target=\"_blank\">aqui<\/a>.<br>Siga o Grande Pr\u00eamio no&nbsp;<a rel=\"noreferrer noopener\" href=\"https:\/\/twitter.com\/grandepremio\" target=\"_blank\">Twitter&nbsp;<\/a>e no&nbsp;<a rel=\"noreferrer noopener\" href=\"https:\/\/instagram.com\/grandepremio\" target=\"_blank\">Instagram<\/a>!<\/strong><\/p>\n\n\n\n<p class=\"wp-block-paragraph\">\u201cEm cinco anos, quero ser campe\u00e3o mundial e acredito que a Ferrari \u00e9 o melhor lugar para isso. Acredito que estou no lugar certo e no momento certo, s\u00f3 precisamos um pouco de tempo para tentar fazer isso acontecer\u201d, continuou.<\/p>\n\n\n\n<p class=\"wp-block-paragraph\">Carlos j\u00e1 fez sua estreia a bordo de um carro da esquadra do cavalo rampante. O espanhol <a href=\"https:\/\/www.grandepremio.com\/br\/f1\/noticias\/carlos-sainz-estreia-pela-ferrari-e-acelera-carro-de-2018-em-teste-no-circuito-de-fiorano\/\">participou de um teste privado do time onde comandou o SF71H<\/a>, do campeonato de 2018, em Fiorano, pista particular da equipe.<\/p>\n\n\n\n<p class=\"wp-block-paragraph\">O \u00faltimo ano n\u00e3o foi dos mais positivos para a Ferrari. Nas 17 etapas disputadas, conseguiu apenas tr\u00eas p\u00f3dios e falhando em alcan\u00e7ar uma vit\u00f3ria. Entretanto, <a href=\"https:\/\/www.grandepremio.com\/br\/f1\/noticias\/carlos-sainz-ignora-crise-e-diz-que-ferrari-e-melhor-lugar-para-ser-campeao-da-f1\/\">o competidor de Madrid preferiu ignorar a crise e exaltar a nova casa.<\/a><\/p>\n\n\n\n<p class=\"wp-block-paragraph\"><strong>LEIA TAMB\u00c9M<br><a href=\"https:\/\/www.grandepremio.com\/br\/f1\/noticias\/grande-premio-da-pontape-inicial-para-2021-com-nova-programacao\/\" target=\"_blank\" rel=\"noreferrer noopener\">GRANDE PR\u00caMIO d\u00e1 pontap\u00e9 inicial para temporada 2021 com nova programa\u00e7\u00e3o<\/a><\/strong><\/p>\n\n\n\n<figure class=\"wp-block-embed is-type-video is-provider-youtube wp-block-embed-youtube wp-embed-aspect-16-9 wp-has-aspect-ratio\"><div class=\"wp-block-embed__wrapper\">\n<iframe loading=\"lazy\" title=\"MERCEDES x RED BULL: D\u00c1, ENFIM, PARA SONHAR COM UMA BRIGA NA F1? |  GP \u00c0S 10\" width=\"500\" height=\"281\" src=\"https:\/\/www.youtube.com\/embed\/xjYeADjnkzk?feature=oembed\" frameborder=\"0\" allow=\"accelerometer; autoplay; clipboard-write; encrypted-media; gyroscope; picture-in-picture; web-share\" referrerpolicy=\"strict-origin-when-cross-origin\" allowfullscreen><\/iframe>\n<\/div><\/figure>\n","protected":false},"excerpt":{"rendered":"<p>Perto de fazer sua estreia como um piloto da Ferrari, o espanhol destacou que estar no time italiano \u00e9 algo que batalhou durante toda sua vida<\/p>\n","protected":false},"author":0,"featured_media":1000447555,"comment_status":"closed","ping_status":"closed","sticky":false,"template":"","format":"standard","meta":{"42wp_featured_image_caption":"","42wp_featured_image_credits":"","42wp_featured_video":"","42wp_featured_image_hidden":false,"42wp_authors_list":[],"footnotes":""},"categories":[2],"tags":[546,147,156,207,24837,25536,27004,27003],"42wp_author":[47123],"class_list":["post-123262","post","type-post","status-publish","format-standard","has-post-thumbnail","hentry","category-f1","tag-carlos-sainz","tag-f1","tag-f1-2021","tag-ferrari","tag-formula-1-2","tag-formula-1-2021-2","tag-horario-f1-2021","tag-horario-formula-1-2021","42wp_author-nathalia-de-vivo"],"_links":{"self":[{"href":"https:\/\/grandepremio.com\/br\/wp-json\/wp\/v2\/posts\/123262","targetHints":{"allow":["GET"]}}],"collection":[{"href":"https:\/\/grandepremio.com\/br\/wp-json\/wp\/v2\/posts"}],"about":[{"href":"https:\/\/grandepremio.com\/br\/wp-json\/wp\/v2\/types\/post"}],"replies":[{"embeddable":true,"href":"https:\/\/grandepremio.com\/br\/wp-json\/wp\/v2\/comments?post=123262"}],"version-history":[{"count":0,"href":"https:\/\/grandepremio.com\/br\/wp-json\/wp\/v2\/posts\/123262\/revisions"}],"wp:featuredmedia":[{"embeddable":true,"href":"https:\/\/grandepremio.com\/br\/wp-json\/wp\/v2\/media\/1000447555"}],"wp:attachment":[{"href":"https:\/\/grandepremio.com\/br\/wp-json\/wp\/v2\/media?parent=123262"}],"wp:term":[{"taxonomy":"category","embeddable":true,"href":"https:\/\/grandepremio.com\/br\/wp-json\/wp\/v2\/categories?post=123262"},{"taxonomy":"post_tag","embeddable":true,"href":"https:\/\/grandepremio.com\/br\/wp-json\/wp\/v2\/tags?post=123262"},{"taxonomy":"42wp_author","embeddable":true,"href":"https:\/\/grandepremio.com\/br\/wp-json\/wp\/v2\/42wp_author?post=123262"}],"curies":[{"name":"wp","href":"https:\/\/api.w.org\/{rel}","templated":true}]}}