{"id":123290,"date":"2021-02-25T08:29:47","date_gmt":"2021-02-25T11:29:47","guid":{"rendered":"https:\/\/grandepremio.com\/br\/noticias\/mercedes-coloca-red-bull-na-briga-em-2021-mas-consultor-responde-quer-criar-tensao\/"},"modified":"2021-02-25T08:29:53","modified_gmt":"2021-02-25T11:29:53","slug":"mercedes-coloca-red-bull-na-briga-em-2021-mas-consultor-responde-quer-criar-tensao","status":"publish","type":"post","link":"https:\/\/grandepremio.com\/br\/f1\/mercedes-coloca-red-bull-na-briga-em-2021-mas-consultor-responde-quer-criar-tensao\/","title":{"rendered":"Mercedes coloca Red Bull na briga em 2021. Mas consultor responde: \u201cQuer criar tens\u00e3o\u201d"},"content":{"rendered":"\n<p class=\"wp-block-paragraph\">A Mercedes j\u00e1 come\u00e7ou a fazer as apostas para a temporada 2021 e colocou a Red Bull entre as favoritas. Toto Wolff, chefe da equipe, destacou a forte dupla do time e a velocidade do carro no final do ano passado. Mas Helmut Marko n\u00e3o concordou tanto com o dirigente.<\/p>\n\n\n\n<p class=\"wp-block-paragraph\">Para este campeonato, Max Verstappen vai contar com a chegada de Sergio P\u00e9rez como novo companheiro. O mexicano, inclusive, <a href=\"https:\/\/www.grandepremio.com\/br\/f1\/noticias\/perez-estreia-na-red-bull-em-dia-de-filmagem-tudo-sobre-o-carro-e-diferente\/\">j\u00e1 estreou com a esquadra das bebidas energ\u00e9ticas<\/a> em um <a href=\"https:\/\/www.grandepremio.com\/br\/f1\/noticias\/red-bull-coloca-rb16b-pista-silverstone-promove-estreia-sergio-perez\/\">dia de filmagens em Silverstone com o RB16<\/a>, carro desta temporada.<\/p>\n\n\n\n<p class=\"wp-block-paragraph\">A uni\u00e3o do holand\u00eas com Checo, al\u00e9m do bom encerramento em 2020, faz com que Wolff coloque a advers\u00e1ria taurina na briga pelo t\u00edtulos de pilotos e construtores. \u201cA Red Bull tem uma dupla forte de pilotos e teve o carro mais r\u00e1pido no final da temporada passada\u201d, falou em entrevista ao Speedweek.<\/p>\n\n\n\n<p class=\"wp-block-paragraph\"><\/p>\n\n\n\n<figure class=\"wp-block-image size-large\"><img decoding=\"async\" src=\"https:\/\/www.grandepremio.com\/br\/wp-content\/uploads\/2021\/02\/SI202102230165_hires_jpeg_24bit_rgb-1024x683.jpg\" alt=\"\" class=\"wp-image-451633\"\/><figcaption>Toto Wolff, chefe da Mercedes, v\u00ea a Red Bull na briga em 2021. J\u00e1 Helmut Marko&#8230; (Foto: Red Bull Content Pool)<\/figcaption><\/figure>\n\n\n\n<p class=\"wp-block-paragraph\"><strong>Conhe\u00e7a o canal do Grande Pr\u00eamio no YouTube! Clique\u00a0<a rel=\"noreferrer noopener\" href=\"https:\/\/youtube.com\/GrandePremioTV\" target=\"_blank\">aqui<\/a>.<br>Siga o Grande Pr\u00eamio no\u00a0<a rel=\"noreferrer noopener\" href=\"https:\/\/twitter.com\/grandepremio\" target=\"_blank\">Twitter\u00a0<\/a>e no\u00a0<a rel=\"noreferrer noopener\" href=\"https:\/\/instagram.com\/grandepremio\" target=\"_blank\">Instagram<\/a>!<\/strong><\/p>\n\n\n\n<p class=\"wp-block-paragraph\">\u201cDefinitivamente est\u00e1 entre as favoritas em 2021, especialmente para o Campeonato de Construtores. N\u00e3o vejo motivo para n\u00e3o brigarem pelo t\u00edtulo nos dois campeonatos\u201d, completou o dirigente austr\u00edaco.<\/p>\n\n\n\n<p class=\"wp-block-paragraph\">Entretanto, o discurso n\u00e3o foi muito bem aceito dentro da Red Bull. As palavras renderam at\u00e9 mesmo uma resposta de Helmut Marko, conselheiro da equipe. \u201cNo momento n\u00e3o h\u00e1 corrida, est\u00e1 tentando criar tens\u00e3o com palavras. Esperamos estar na ponta, mas a Mercedes \u00e9 a clara favorita. Venceram todos os t\u00edtulos da era h\u00edbrida desde 2014\u201d, afirmou ao site F1-Insider.<\/p>\n\n\n\n<p class=\"wp-block-paragraph\">Nesta semana, o time de Milton Keynes <a href=\"https:\/\/www.grandepremio.com\/br\/f1\/noticias\/red-bull-aposta-em-continuidade-e-mostra-ao-mundo-rb16b-com-jeito-de-2020\/\">fez a apresenta\u00e7\u00e3o do carro para 2021<\/a>, apresentando poucas mudan\u00e7as na pintura. Quem tamb\u00e9m aproveitou para fazer uma revela\u00e7\u00e3o foi P\u00e9rez, que <a href=\"https:\/\/www.grandepremio.com\/br\/f1\/noticias\/foto-sergio-perez-apresenta-novo-capacete-com-pintura-amarela-e-bandeira-do-mexico\/\">mostrou o capacete com que vai disputar a temporada.<\/a><\/p>\n\n\n\n<figure class=\"wp-block-embed is-type-video is-provider-youtube wp-block-embed-youtube wp-embed-aspect-16-9 wp-has-aspect-ratio\"><div class=\"wp-block-embed__wrapper\">\n<iframe loading=\"lazy\" title=\"RED BULL REPETE CARRO NA F1 E D\u00c1 RECADO: FOCO EST\u00c1 NO MOTOR | GP \u00e0s 10\" width=\"500\" height=\"281\" src=\"https:\/\/www.youtube.com\/embed\/Lt4AwYB97p8?feature=oembed\" frameborder=\"0\" allow=\"accelerometer; autoplay; clipboard-write; encrypted-media; gyroscope; picture-in-picture; web-share\" referrerpolicy=\"strict-origin-when-cross-origin\" allowfullscreen><\/iframe>\n<\/div><\/figure>\n","protected":false},"excerpt":{"rendered":"<p>Toto Wolff, chefe da equipe alem\u00e3, justificou o discurso apontando a forte dupla de pilotos e como o carro taurino apresentou bom desempenho ao final de 2020<\/p>\n","protected":false},"author":0,"featured_media":1000451624,"comment_status":"closed","ping_status":"closed","sticky":false,"template":"","format":"standard","meta":{"42wp_featured_image_caption":"","42wp_featured_image_credits":"","42wp_featured_video":"","42wp_featured_image_hidden":false,"42wp_authors_list":[],"footnotes":""},"categories":[2],"tags":[147,156,24837,25536,258,27004,27003,82,204,150],"42wp_author":[47123],"class_list":["post-123290","post","type-post","status-publish","format-standard","has-post-thumbnail","hentry","category-f1","tag-f1","tag-f1-2021","tag-formula-1-2","tag-formula-1-2021-2","tag-helmut-marko","tag-horario-f1-2021","tag-horario-formula-1-2021","tag-mercedes","tag-red-bull","tag-toto-wolff","42wp_author-nathalia-de-vivo"],"_links":{"self":[{"href":"https:\/\/grandepremio.com\/br\/wp-json\/wp\/v2\/posts\/123290","targetHints":{"allow":["GET"]}}],"collection":[{"href":"https:\/\/grandepremio.com\/br\/wp-json\/wp\/v2\/posts"}],"about":[{"href":"https:\/\/grandepremio.com\/br\/wp-json\/wp\/v2\/types\/post"}],"replies":[{"embeddable":true,"href":"https:\/\/grandepremio.com\/br\/wp-json\/wp\/v2\/comments?post=123290"}],"version-history":[{"count":0,"href":"https:\/\/grandepremio.com\/br\/wp-json\/wp\/v2\/posts\/123290\/revisions"}],"wp:featuredmedia":[{"embeddable":true,"href":"https:\/\/grandepremio.com\/br\/wp-json\/wp\/v2\/media\/1000451624"}],"wp:attachment":[{"href":"https:\/\/grandepremio.com\/br\/wp-json\/wp\/v2\/media?parent=123290"}],"wp:term":[{"taxonomy":"category","embeddable":true,"href":"https:\/\/grandepremio.com\/br\/wp-json\/wp\/v2\/categories?post=123290"},{"taxonomy":"post_tag","embeddable":true,"href":"https:\/\/grandepremio.com\/br\/wp-json\/wp\/v2\/tags?post=123290"},{"taxonomy":"42wp_author","embeddable":true,"href":"https:\/\/grandepremio.com\/br\/wp-json\/wp\/v2\/42wp_author?post=123290"}],"curies":[{"name":"wp","href":"https:\/\/api.w.org\/{rel}","templated":true}]}}