{"id":123296,"date":"2021-02-24T18:00:00","date_gmt":"2021-02-24T21:00:00","guid":{"rendered":"https:\/\/grandepremio.com\/br\/noticias\/guia-formula-e-em-ano-crucial-para-ambos-lucas-di-grassi-sergio-sette-camara-sao-coadjuvantes\/"},"modified":"2021-02-24T05:36:33","modified_gmt":"2021-02-24T08:36:33","slug":"guia-formula-e-em-ano-crucial-para-ambos-lucas-di-grassi-sergio-sette-camara-sao-coadjuvantes","status":"publish","type":"post","link":"https:\/\/grandepremio.com\/br\/formula-e\/guia-formula-e-em-ano-crucial-para-ambos-lucas-di-grassi-sergio-sette-camara-sao-coadjuvantes\/","title":{"rendered":"GUIA FE 2021: Em ano crucial para ambos, Di Grassi e Sette C\u00e2mara s\u00e3o coadjuvantes"},"content":{"rendered":"\n<figure class=\"wp-block-embed is-type-rich is-provider-incorporar-manipulador wp-block-embed-incorporar-manipulador wp-embed-aspect-16-9 wp-has-aspect-ratio\"><div class=\"wp-block-embed__wrapper\">\n<iframe loading=\"lazy\" title=\"F\u00d3RMULA E RETORNA COM BUSCA POR ADVERS\u00c1RIOS PARA DA COSTA | GUIA GP 2021\" width=\"500\" height=\"281\" src=\"https:\/\/www.youtube.com\/embed\/I59T2m36ISM?feature=oembed\" frameborder=\"0\" allow=\"accelerometer; autoplay; clipboard-write; encrypted-media; gyroscope; picture-in-picture; web-share\" referrerpolicy=\"strict-origin-when-cross-origin\" allowfullscreen><\/iframe>\n<\/div><\/figure>\n\n\n\n<p class=\"wp-block-paragraph\">A F\u00f3rmula E est\u00e1 voltando. A temporada 2021 come\u00e7a no pr\u00f3ximo fim de semana, em Ad Diriyah, no que ser\u00e1 o retorno ap\u00f3s sete meses &#8211; e, quando aconteceu a rodada s\u00eaxtupla de Berlim, o calend\u00e1rio estava parado h\u00e1 mais de cinco meses. O grid segue recheado de pilotos talentosos e f\u00e1bricas de renome. Neste cen\u00e1rio, a situa\u00e7\u00e3o de Lucas Di Grassi e S\u00e9rgio Sette C\u00e2mara \u00e9 bastante distinta e, ao mesmo tempo, bem semelhante para o futuro de suas carreiras. Muito provavelmente, ser\u00e3o coadjuvantes.<\/p>\n\n\n\n<p class=\"wp-block-paragraph\"><strong>Conhe\u00e7a o canal do Grande Pr\u00eamio no YouTube! Clique&nbsp;<a rel=\"noreferrer noopener\" href=\"https:\/\/youtube.com\/GrandePremioTV\" target=\"_blank\">aqui<\/a>.<br>Siga o Grande Pr\u00eamio no&nbsp;<a rel=\"noreferrer noopener\" href=\"https:\/\/twitter.com\/grandepremio\" target=\"_blank\">Twitter&nbsp;<\/a>e no&nbsp;<a rel=\"noreferrer noopener\" href=\"https:\/\/instagram.com\/grandepremio\" target=\"_blank\">Instagram<\/a>!<\/strong><br><strong>TV Cultura <a href=\"https:\/\/www.grandepremio.com\/br\/formula-e\/noticias\/tv-cultura-confirma-acordo-e-transmite-temporada-2021-da-formula-e\/\">confirma acordo<\/a> e transmite temporada da F\u00f3rmula E<\/strong><\/p>\n\n\n\n<p class=\"wp-block-paragraph\">Mas como assim? Primeiro o \u00f3bvio. Os dois est\u00e3o evidentemente em partes diferentes do grid, tanto em termos de possibilidades quanto em expectativas. Lucas Di Grassi tem 69 largadas na categoria, dez vit\u00f3rias, 33 p\u00f3dios e um t\u00edtulo. Venceu, literalmente, desde o come\u00e7o da categoria, visto que levou a melhor na corrida inaugural, em 2014. Tudo isso ainda defendendo uma f\u00e1brica: a Audi.<\/p>\n\n\n\n<p class=\"wp-block-paragraph\">J\u00e1 Sette C\u00e2mara estreou apenas na maratona em Berlim no ano passado, encerrando uma temporada sem testes. Fez seis largadas, nenhum ponto &#8211; assim como o companheiro de equipe, Nico M\u00fcller, no mesmo per\u00edodo. Isso por uma equipe pequena, a Dragon, cada vez mais longe dos pontos.<\/p>\n\n\n\n<p class=\"wp-block-paragraph\">Neste ponto, n\u00e3o podiam ser mais diferentes. Mas h\u00e1 as similaridades.<\/p>\n\n\n\n<p class=\"wp-block-paragraph\">Estas caem, sobretudo, para as incertezas do futuro. Di Grassi est\u00e1 ligado \u00e0 Audi h\u00e1 quase uma d\u00e9cada e a Audi anunciou que deixa a F\u00f3rmula E enquanto equipe oficial ao fim desta temporada. A f\u00e1brica alem\u00e3 pretende seguir ligada \u00e0 categoria como fornecedora de trens de for\u00e7a. Desta feita, as d\u00favidas s\u00e3o evidentes: Lucas seguir\u00e1 no campeonato? E se continuar, em qual capacidade?<\/p>\n\n\n\n<p class=\"wp-block-paragraph\">A ABT Sportsline ainda tem a vaga, pode tocar a equipe sem a alcunha de time oficial de f\u00e1brica, mas o or\u00e7amento far\u00e1 dela competitiva? \u00c9 verdade que S\u00e9bastien Buemi defende a Toyota no WEC e a Nissan na F\u00f3rmula E, mas h\u00e1 uma diferen\u00e7a l\u00f3gica: a Toyota n\u00e3o fornece motores na categoria el\u00e9trica. \u00c9 dif\u00edcil imaginar Di Grassi em outra f\u00e1brica na F\u00f3rmula E, portanto. A n\u00e3o ser, claro, que encerre o acordo com a Audi. Mas as perguntas s\u00e3o diversas.<\/p>\n\n\n\n<figure class=\"wp-block-image size-large\"><img decoding=\"async\" src=\"https:\/\/www.grandepremio.com\/br\/wp-content\/uploads\/2020\/08\/6-EPS611_121027_J6I3299-1024x683.jpg\" alt=\"\" class=\"wp-image-406230\"\/><figcaption>Lucas Di Grassi luta por t\u00edtulo em 2021? (Foto: F\u00f3rmula E)<\/figcaption><\/figure>\n\n\n\n<p class=\"wp-block-paragraph\">J\u00e1 Sette C\u00e2mara est\u00e1 num ponto crucial. Talvez o mineiro n\u00e3o admita, mas o namoro com a F\u00f3rmula 1 parece estar cada vez mais distante ap\u00f3s a pandemia praticamente tir\u00e1-lo da temporada da Super F\u00f3rmula. Um ano fora custa demais, sobretudo para um piloto que, aos quase 23 anos, n\u00e3o tem um caminh\u00e3o de dinheiro para comprar uma vaga. Qual o futuro, ent\u00e3o? H\u00e1 mercado nos Estados Unidos, no endurance, mas Sette C\u00e2mara quer ter um futuro na F\u00f3rmula E. Isso \u00e9 informa\u00e7\u00e3o. A ideia de construir uma carreira nos carros el\u00e9tricos \u00e9 prefer\u00eancia caso a F1, de fato, n\u00e3o venha.<\/p>\n\n\n\n<p class=\"wp-block-paragraph\">O novo piloto da Dragon n\u00e3o ter\u00e1 grandes resultados, porque a equipe estadunidense n\u00e3o oferece essas chances. Tornou-se uma equipe nanica, sempre nas duas \u00faltimas posi\u00e7\u00f5es na tabela do Campeonato de Equipes. Marcou somente dois pontos na temporada 2019\/20 completa, afinal. E quem ficou atr\u00e1s, a NIO, tem expectativas de saltar em qualidade. A Dragon, n\u00e3o. O que S\u00e9rgio precisa fazer \u00e9 estabelecer la\u00e7os com a categoria e mostrar, por meio de trabalho e brilharecos, que pode fazer mais. \u00c9 poss\u00edvel ser feito.<\/p>\n\n\n\n<p class=\"wp-block-paragraph\">No \u00e2mbito geral da temporada, fica f\u00e1cil dizer que Sette C\u00e2mara e sua Dragon ser\u00e3o coadjuvantes, mas o palpite \u00e9 que Di Grassi e a Audi ser\u00e3o tamb\u00e9m.<\/p>\n\n\n\n\n\n<p class=\"wp-block-paragraph\">Palpite baseado nas duas \u00faltimas temporadas. O vice-campeonato de 2018\/19 n\u00e3o faz jus ao que o carro tinha a oferecer &#8211; os resultados acabaram sendo muito melhores que o desempenho mostrado, e isso gra\u00e7as \u00e0 pilotagem de Lucas, que tirou mais que o b\u00f3lido oferecia. Ano passado, ainda pior, sequer deu para se aproximar. A equipe n\u00e3o venceu uma corrida sequer, n\u00e3o fez pole e ficou s\u00f3 com tr\u00eas poles. No meio do caminho, um upgrade: a sa\u00edda de Daniel Abt deu lugar a Ren\u00e9 Rast, um piloto melhor e mais experiente.<\/p>\n\n\n\n<p class=\"wp-block-paragraph\">Ent\u00e3o, sim, a Audi tende a fazer um campeonato melhor que o do ano passado, sobretudo porque mudou bastante o motor el\u00e9trico. \u00c9 quase inimagin\u00e1vel ver a Virgin, sua cliente, novamente com mais pontos. Mas h\u00e1 um gap enorme para a DS Techeetah, existe a Mercedes em claro vi\u00e9s de crescimento e uma dupla de BMW e Nissan que se mostram mais perigosas. Com tanta gente na frente, \u00e9 bem dif\u00edcil ver a Audi oferecendo a Di Grassi a chance de ser campe\u00e3o.<\/p>\n\n\n\n<p class=\"wp-block-paragraph\">Lucas e S\u00e9rgio t\u00eam muito pelo que correr na temporada, mas devem ser coadjuvantes em 2021.<\/p>\n\n\n\n<p class=\"wp-block-paragraph\"><strong>GUIA DA FE 2021<\/strong><br>\u27a0 <a href=\"https:\/\/grandepremium.com.br\/analise\/formula-e\/materias\/guia-fe-2021-equipes-e-pilotos\/\"><strong>Fichas: equipes e pilotos<\/strong><\/a><br>\u27a0 <strong><a href=\"https:\/\/www.grandepremio.com\/br\/formula-e\/noticias\/guia-fe-2021-formula-e-vem-em-busca-de-ano-normal-e-de-adversarios-para-da-costa\/(abrir em uma nova aba)\">F\u00f3rmula E vem em busca de ano normal e de competitividade<\/a><\/strong><br>\u27a0 <strong><a href=\"https:\/\/www.grandepremio.com\/br\/formula-e\/noticias\/guia-fe-2021-da-costa-vergne-e-ds-techeetah-dominam-alguem-tem-resposta\/(abrir em uma nova aba)\">Da Costa e DS Techeetah dominam. Algu\u00e9m tem resposta?<\/a><\/strong><\/p>\n\n\n\n<figure class=\"wp-block-embed is-type-video is-provider-youtube wp-block-embed-youtube wp-embed-aspect-16-9 wp-has-aspect-ratio\"><div class=\"wp-block-embed__wrapper\">\n<iframe loading=\"lazy\" title=\"FLAVIO GOMES: AS MUDAN\u00c7AS DO AUTOMOBILISMO NA TV EM 2021 | GP \u00c0S 10\" width=\"500\" height=\"281\" src=\"https:\/\/www.youtube.com\/embed\/4xKIGoWD22g?feature=oembed\" frameborder=\"0\" allow=\"accelerometer; autoplay; clipboard-write; encrypted-media; gyroscope; picture-in-picture; web-share\" referrerpolicy=\"strict-origin-when-cross-origin\" allowfullscreen><\/iframe>\n<\/div><\/figure>\n","protected":false},"excerpt":{"rendered":"<p>Coadjuvantes? Lucas Di Grassi e S\u00e9rgio Sette C\u00e2mara est\u00e3o em situa\u00e7\u00e3o ao mesmo tempo bem parecidas e totalmente distintas<\/p>\n","protected":false},"author":0,"featured_media":1000408704,"comment_status":"closed","ping_status":"closed","sticky":false,"template":"","format":"standard","meta":{"42wp_featured_image_caption":"","42wp_featured_image_credits":"","42wp_featured_video":"","42wp_featured_image_hidden":false,"42wp_authors_list":[],"footnotes":""},"categories":[19],"tags":[970,1860,26482,25158,966,25527],"42wp_author":[47120],"class_list":["post-123296","post","type-post","status-publish","format-standard","has-post-thumbnail","hentry","category-formula-e","tag-audi","tag-dragon","tag-fe-2021","tag-formula-e-2021","tag-lucas-di-grassi","tag-sergio-sette-camara-2","42wp_author-pedro-henrique-marum"],"_links":{"self":[{"href":"https:\/\/grandepremio.com\/br\/wp-json\/wp\/v2\/posts\/123296","targetHints":{"allow":["GET"]}}],"collection":[{"href":"https:\/\/grandepremio.com\/br\/wp-json\/wp\/v2\/posts"}],"about":[{"href":"https:\/\/grandepremio.com\/br\/wp-json\/wp\/v2\/types\/post"}],"replies":[{"embeddable":true,"href":"https:\/\/grandepremio.com\/br\/wp-json\/wp\/v2\/comments?post=123296"}],"version-history":[{"count":0,"href":"https:\/\/grandepremio.com\/br\/wp-json\/wp\/v2\/posts\/123296\/revisions"}],"wp:featuredmedia":[{"embeddable":true,"href":"https:\/\/grandepremio.com\/br\/wp-json\/wp\/v2\/media\/1000408704"}],"wp:attachment":[{"href":"https:\/\/grandepremio.com\/br\/wp-json\/wp\/v2\/media?parent=123296"}],"wp:term":[{"taxonomy":"category","embeddable":true,"href":"https:\/\/grandepremio.com\/br\/wp-json\/wp\/v2\/categories?post=123296"},{"taxonomy":"post_tag","embeddable":true,"href":"https:\/\/grandepremio.com\/br\/wp-json\/wp\/v2\/tags?post=123296"},{"taxonomy":"42wp_author","embeddable":true,"href":"https:\/\/grandepremio.com\/br\/wp-json\/wp\/v2\/42wp_author?post=123296"}],"curies":[{"name":"wp","href":"https:\/\/api.w.org\/{rel}","templated":true}]}}