{"id":123297,"date":"2021-02-24T14:21:03","date_gmt":"2021-02-24T17:21:03","guid":{"rendered":"https:\/\/grandepremio.com\/br\/noticias\/globo-adquire-direitos-de-transmissao-e-faz-da-formula-e-sua-nova-formula-1\/"},"modified":"2021-02-24T19:02:08","modified_gmt":"2021-02-24T22:02:08","slug":"globo-adquire-direitos-de-transmissao-e-faz-da-formula-e-sua-nova-formula-1","status":"publish","type":"post","link":"https:\/\/grandepremio.com\/br\/formula-e\/globo-adquire-direitos-de-transmissao-e-faz-da-formula-e-sua-nova-formula-1\/","title":{"rendered":"Globo adquire direitos de transmiss\u00e3o e faz da F\u00f3rmula E sua nova F\u00f3rmula 1"},"content":{"rendered":"\n<figure class=\"wp-block-embed is-type-video is-provider-youtube wp-block-embed-youtube wp-embed-aspect-16-9 wp-has-aspect-ratio\"><div class=\"wp-block-embed__wrapper\">\n<iframe loading=\"lazy\" title=\"F\u00d3RMULA E RETORNA COM BUSCA POR ADVERS\u00c1RIOS PARA DA COSTA | GUIA GP 2021\" width=\"500\" height=\"281\" src=\"https:\/\/www.youtube.com\/embed\/I59T2m36ISM?feature=oembed\" frameborder=\"0\" allow=\"accelerometer; autoplay; clipboard-write; encrypted-media; gyroscope; picture-in-picture; web-share\" referrerpolicy=\"strict-origin-when-cross-origin\" allowfullscreen><\/iframe>\n<\/div><\/figure>\n\n\n\n<p class=\"wp-block-paragraph\">N\u00e3o \u00e9 <strong><a href=\"https:\/\/www.grandepremio.com\/br\/formula-e\/noticias\/tv-cultura-confirma-acordo-e-transmite-temporada-2021-da-formula-e\/\">s\u00f3 na TV Cultura<\/a><\/strong> que o p\u00fablico brasileiro vai poder acompanhar a F\u00f3rmula E em 2021. A categoria anunciou nesta quarta-feira (24) que tamb\u00e9m chegou a acordo com a Globo para transmiss\u00e3o do certame na TV a cabo, atrav\u00e9s do SporTV.<\/p>\n\n\n\n<p class=\"wp-block-paragraph\">Assim, a Globo ensaia usar a F\u00f3rmula E como substituta da F\u00f3rmula 1, produto do qual abriu m\u00e3o ao fim de 2020. \u00c9 que, al\u00e9m da transmiss\u00e3o ao vivo na TV a cabo, a FE ganha exposi\u00e7\u00e3o tamb\u00e9m nos notici\u00e1rios da TV aberta. A categoria el\u00e9trica vem para comandar o leque de atra\u00e7\u00f5es do automobilismo no grupo carioca, que tamb\u00e9m inclui Stock Car e Extreme E.<\/p>\n\n\n\n<p class=\"wp-block-paragraph\">&#8220;Estamos muito felizes com esse acordo para transmitir as pr\u00f3ximas temporadas da F\u00f3rmula E, mais um campeonato de relev\u00e2ncia mundial com presen\u00e7a brasileira&#8221;, comentou Marcos Botelho, representante do SporTV.<\/p>\n\n\n\n<p class=\"wp-block-paragraph\"><strong>Conhe\u00e7a o canal do Grande Pr\u00eamio no YouTube! Clique&nbsp;<a rel=\"noreferrer noopener\" href=\"https:\/\/youtube.com\/GrandePremioTV\" target=\"_blank\">aqui<\/a>.<br>Siga o Grande Pr\u00eamio no&nbsp;<a rel=\"noreferrer noopener\" href=\"https:\/\/twitter.com\/grandepremio\" target=\"_blank\">Twitter&nbsp;<\/a>e no&nbsp;<a rel=\"noreferrer noopener\" href=\"https:\/\/instagram.com\/grandepremio\" target=\"_blank\">Instagram<\/a>!<\/strong><\/p>\n\n\n\n<figure class=\"wp-block-image size-large\"><img decoding=\"async\" src=\"https:\/\/www.grandepremio.com\/br\/wp-content\/uploads\/2020\/08\/Vandoorne-vence-1024x683.jpeg\" alt=\"\" class=\"wp-image-406296\"\/><figcaption>A F\u00f3rmula E vai para o Grupo Globo tamb\u00e9m (Foto: Mercedes)<\/figcaption><\/figure>\n\n\n\n<p class=\"wp-block-paragraph\">&#8220;Assegurar duas novas parcerias de m\u00eddia no Brasil &#8211; um pa\u00eds que produziu campe\u00f5es da F\u00f3rmula E, tem uma hist\u00f3ria rica e \u00e9 um mercado importante &#8211; \u00e9 amplamente importante para n\u00f3s\u201d, afirmou Aarti Dabas, diretor de m\u00eddia da FE.<\/p>\n\n\n\n<p class=\"wp-block-paragraph\">\u201cEstamos confiantes que as parceiras com a Cultura e a Globo v\u00e3o ajudar a F\u00f3rmula E a aumentar o engajamento tanto com a gera\u00e7\u00e3o de f\u00e3s do esporte a motor que j\u00e1 existe quanto com a pr\u00f3xima. Os brasileiros ser\u00e3o colocados mais pr\u00f3ximos que nunca da a\u00e7\u00e3o imprevis\u00edvel de nossa categoria totalmente el\u00e9trica, atrav\u00e9s de cobertura local e por v\u00e1rios canais\u201d, seguiu.<\/p>\n\n\n\n<p class=\"wp-block-paragraph\">A revolu\u00e7\u00e3o da F\u00f3rmula E no Brasil s\u00f3 foi poss\u00edvel pelo fim do v\u00ednculo com o Fox Sports, que tinha os direitos de transmiss\u00e3o desde a funda\u00e7\u00e3o do campeonato, em 2014. O div\u00f3rcio, al\u00e9m de permitir uma mudan\u00e7a de m\u00e3os na TV a cabo, permite a primeira apari\u00e7\u00e3o na TV aberta, via Cultura.<\/p>\n\n\n\n<p class=\"wp-block-paragraph\">A temporada 2021 da FE come\u00e7a j\u00e1 nesta semana, com uma rodada dupla em Diriyah, na Ar\u00e1bia Saudita. As provas, j\u00e1 com transmiss\u00e3o na Cultura e no SporTV, acontecem nos dias 26 e 27 de fevereiro.<\/p>\n","protected":false},"excerpt":{"rendered":"<p>A F\u00f3rmula E tamb\u00e9m ser\u00e1 do Grupo Globo a partir da temporada 2021. A categoria anunciou nesta quarta-feira que o canal a cabo da emissora, o SporTV, vai exibir todas as corridas ao vivo, tal qual a Cultura na TV aberta<\/p>\n","protected":false},"author":0,"featured_media":0,"comment_status":"closed","ping_status":"closed","sticky":false,"template":"","format":"standard","meta":{"42wp_featured_image_caption":"","42wp_featured_image_credits":"","42wp_featured_video":"","42wp_featured_image_hidden":false,"42wp_authors_list":[],"footnotes":""},"categories":[19],"tags":[26482,25000,561,25286,26544,2007],"42wp_author":[47118],"class_list":["post-123297","post","type-post","status-publish","format-standard","hentry","category-formula-e","tag-fe-2021","tag-formula-e-2","tag-sportv","tag-transmissao","tag-tv-cultura","tag-tv-globo","42wp_author-vitor-fazio"],"_links":{"self":[{"href":"https:\/\/grandepremio.com\/br\/wp-json\/wp\/v2\/posts\/123297","targetHints":{"allow":["GET"]}}],"collection":[{"href":"https:\/\/grandepremio.com\/br\/wp-json\/wp\/v2\/posts"}],"about":[{"href":"https:\/\/grandepremio.com\/br\/wp-json\/wp\/v2\/types\/post"}],"replies":[{"embeddable":true,"href":"https:\/\/grandepremio.com\/br\/wp-json\/wp\/v2\/comments?post=123297"}],"version-history":[{"count":0,"href":"https:\/\/grandepremio.com\/br\/wp-json\/wp\/v2\/posts\/123297\/revisions"}],"wp:attachment":[{"href":"https:\/\/grandepremio.com\/br\/wp-json\/wp\/v2\/media?parent=123297"}],"wp:term":[{"taxonomy":"category","embeddable":true,"href":"https:\/\/grandepremio.com\/br\/wp-json\/wp\/v2\/categories?post=123297"},{"taxonomy":"post_tag","embeddable":true,"href":"https:\/\/grandepremio.com\/br\/wp-json\/wp\/v2\/tags?post=123297"},{"taxonomy":"42wp_author","embeddable":true,"href":"https:\/\/grandepremio.com\/br\/wp-json\/wp\/v2\/42wp_author?post=123297"}],"curies":[{"name":"wp","href":"https:\/\/api.w.org\/{rel}","templated":true}]}}