{"id":123308,"date":"2021-02-24T08:53:00","date_gmt":"2021-02-24T11:53:00","guid":{"rendered":"https:\/\/grandepremio.com\/br\/noticias\/mesmo-apos-saida-bmw-fornece-trem-de-forca-para-andretti-em-2021-22-da-formula-e\/"},"modified":"2021-02-24T09:05:00","modified_gmt":"2021-02-24T12:05:00","slug":"mesmo-apos-saida-bmw-fornece-trem-de-forca-para-andretti-em-2021-22-da-formula-e","status":"publish","type":"post","link":"https:\/\/grandepremio.com\/br\/formula-e\/mesmo-apos-saida-bmw-fornece-trem-de-forca-para-andretti-em-2021-22-da-formula-e\/","title":{"rendered":"Mesmo ap\u00f3s sa\u00edda, BMW fornece trem de for\u00e7a para Andretti em 2021\/22 da F\u00f3rmula E"},"content":{"rendered":"\n<p class=\"wp-block-paragraph\">Em um espa\u00e7o de tr\u00eas dias em dezembro do ano passado, a F\u00f3rmula E viu duas montadoras <strong><a href=\"https:\/\/www.grandepremio.com\/br\/formula-e\/noticias\/bmw-segue-audi-e-tambem-deixa-grid-da-formula-e-ao-fim-de-2020-21\/\">anunciarem que deixam a categoria ao final da temporada 2020\/21<\/a><\/strong>: a Audi e a BMW. Mas, no caso desta segunda, o adeus n\u00e3o ser\u00e1 t\u00e3o r\u00e1pido.<\/p>\n\n\n\n<p class=\"wp-block-paragraph\">\u00c9 que a BMW seguir\u00e1 fornecendo o trem de for\u00e7a para a Andretti, sua atual parceira na categoria e que seguir\u00e1 correndo na FE no pr\u00f3ximo campeonato, o \u00faltimo da Gen2.<\/p>\n\n\n\n<p class=\"wp-block-paragraph\"><strong>Conhe\u00e7a o canal do Grande Pr\u00eamio no YouTube! Clique&nbsp;<a rel=\"noreferrer noopener\" href=\"https:\/\/youtube.com\/GrandePremioTV\" target=\"_blank\">aqui<\/a>.<br>Siga o Grande Pr\u00eamio no&nbsp;<a rel=\"noreferrer noopener\" href=\"https:\/\/twitter.com\/grandepremio\" target=\"_blank\">Twitter&nbsp;<\/a>e no&nbsp;<a rel=\"noreferrer noopener\" href=\"https:\/\/instagram.com\/grandepremio\" target=\"_blank\">Instagram<\/a>!<\/strong><br><strong>Equipe de Sette C\u00e2mara, Dragon&nbsp;<a href=\"https:\/\/www.grandepremio.com\/br\/formula-e\/noticias\/equipe-de-sette-camara-dragon-lanca-carro-cromado-para-7-temporada-da-formula-e\/\">lan\u00e7a carro cromado<\/a>&nbsp;na FE<\/strong><\/p>\n\n\n\n<figure class=\"wp-block-image size-large\"><img decoding=\"async\" src=\"https:\/\/www.grandepremio.com\/br\/wp-content\/uploads\/2020\/12\/GPF1-1024x576.jpeg\" alt=\"\" class=\"wp-image-439517\"\/><figcaption>A jornada da BMW na F\u00f3rmula E est\u00e1 com os dias contados (Foto: BMW)<\/figcaption><\/figure>\n\n\n\n<p class=\"wp-block-paragraph\">De acordo com o portal The Race, isso vai ocorrer pois o trem de for\u00e7a que a BMW produz j\u00e1 foi homologado pela FIA &#8211; ou seja, a f\u00e1brica tem a obriga\u00e7\u00e3o de continuar a fornec\u00ea-lo se tiver um contrato v\u00e1lido.<\/p>\n\n\n\n<p class=\"wp-block-paragraph\">&#8220;\u00c9 o caminho menos disruptivo. Porque \u00e9 basicamente uma continuidade, j\u00e1 que j\u00e1 possui a homologa\u00e7\u00e3o para duas temporadas. \u00c9 algo a se observar&#8221;, disse Roger Griffths, chefe da Andretti, ao portal.<\/p>\n\n\n\n<p class=\"wp-block-paragraph\">Tal continuidade garantir\u00e1 a presen\u00e7a da BMW no grid por um ano de FE, <strong><a href=\"https:\/\/www.grandepremio.com\/br\/formula-e\/noticias\/robin-frijns-diz-que-saidas-de-audi-e-bmw-colocam-duvidas-em-outras-montadoras-da-formula-e\/\">mantendo a marca de participa\u00e7\u00e3o em todas as temporadas<\/a><\/strong> da categoria de carros el\u00e9tricos.<\/p>\n\n\n\n<p class=\"wp-block-paragraph\">Com Maximilian G\u00fcnther e Jake Dennis, a Andretti\/BMW come\u00e7a sua participa\u00e7\u00e3o em 2021 no pr\u00f3ximo final de semana, com rodada dupla na Ar\u00e1bia Saudita. No Brasil, <strong><a href=\"https:\/\/www.grandepremio.com\/br\/formula-e\/noticias\/tv-cultura-confirma-acordo-e-transmite-temporada-2021-da-formula-e\/\">as transmiss\u00f5es ser\u00e3o pela TV Cultura<\/a><\/strong>, em acordo confirmado no final da \u00faltima semana.<\/p>\n\n\n\n<figure class=\"wp-block-embed is-type-video is-provider-youtube wp-block-embed-youtube wp-embed-aspect-16-9 wp-has-aspect-ratio\"><div class=\"wp-block-embed__wrapper\">\n<iframe loading=\"lazy\" title=\"RICCIARDO GANHA NOVA CHANCE NA McLAREN. SER\u00c1 CAMPE\u00c3O NA F1? | GP \u00e0s 10\" width=\"500\" height=\"281\" src=\"https:\/\/www.youtube.com\/embed\/Jy27hLEgJzM?feature=oembed\" frameborder=\"0\" allow=\"accelerometer; autoplay; clipboard-write; encrypted-media; gyroscope; picture-in-picture; web-share\" referrerpolicy=\"strict-origin-when-cross-origin\" allowfullscreen><\/iframe>\n<\/div><\/figure>\n","protected":false},"excerpt":{"rendered":"<p>A BMW vai deixar o grid da F\u00f3rmula E ao final da temporada que come\u00e7a no pr\u00f3ximo final de semana, mas n\u00e3o 100%: por contrato, vai seguir fornecendo o trem de for\u00e7a da Andretti<\/p>\n","protected":false},"author":0,"featured_media":0,"comment_status":"closed","ping_status":"closed","sticky":false,"template":"","format":"standard","meta":{"42wp_featured_image_caption":"","42wp_featured_image_credits":"","42wp_featured_video":"","42wp_featured_image_hidden":false,"42wp_authors_list":[],"footnotes":""},"categories":[19],"tags":[417,707,379,840],"42wp_author":[47129],"class_list":["post-123308","post","type-post","status-publish","format-standard","hentry","category-formula-e","tag-andretti","tag-bmw","tag-fe","tag-formula-e","42wp_author-felipe-noronha"],"_links":{"self":[{"href":"https:\/\/grandepremio.com\/br\/wp-json\/wp\/v2\/posts\/123308","targetHints":{"allow":["GET"]}}],"collection":[{"href":"https:\/\/grandepremio.com\/br\/wp-json\/wp\/v2\/posts"}],"about":[{"href":"https:\/\/grandepremio.com\/br\/wp-json\/wp\/v2\/types\/post"}],"replies":[{"embeddable":true,"href":"https:\/\/grandepremio.com\/br\/wp-json\/wp\/v2\/comments?post=123308"}],"version-history":[{"count":0,"href":"https:\/\/grandepremio.com\/br\/wp-json\/wp\/v2\/posts\/123308\/revisions"}],"wp:attachment":[{"href":"https:\/\/grandepremio.com\/br\/wp-json\/wp\/v2\/media?parent=123308"}],"wp:term":[{"taxonomy":"category","embeddable":true,"href":"https:\/\/grandepremio.com\/br\/wp-json\/wp\/v2\/categories?post=123308"},{"taxonomy":"post_tag","embeddable":true,"href":"https:\/\/grandepremio.com\/br\/wp-json\/wp\/v2\/tags?post=123308"},{"taxonomy":"42wp_author","embeddable":true,"href":"https:\/\/grandepremio.com\/br\/wp-json\/wp\/v2\/42wp_author?post=123308"}],"curies":[{"name":"wp","href":"https:\/\/api.w.org\/{rel}","templated":true}]}}