{"id":123321,"date":"2021-02-23T12:05:00","date_gmt":"2021-02-23T15:05:00","guid":{"rendered":"https:\/\/grandepremio.com\/br\/noticias\/alpine-renova-contrato-e-mecachrome-fornece-motores-na-f1-ate-2024\/"},"modified":"2021-02-23T12:06:54","modified_gmt":"2021-02-23T15:06:54","slug":"alpine-renova-contrato-e-mecachrome-fornece-motores-na-f1-ate-2024","status":"publish","type":"post","link":"https:\/\/grandepremio.com\/br\/f1\/alpine-renova-contrato-e-mecachrome-fornece-motores-na-f1-ate-2024\/","title":{"rendered":"Alpine renova contrato e Mecachrome fornece motores na F1 at\u00e9 2024"},"content":{"rendered":"\n<figure class=\"wp-block-embed is-type-video is-provider-youtube wp-block-embed-youtube wp-embed-aspect-16-9 wp-has-aspect-ratio\"><div class=\"wp-block-embed__wrapper\">\n<iframe loading=\"lazy\" title=\"PONTUA\u00c7\u00c3O E CORRIDA DE CLASSIFICA\u00c7\u00c3O: A F1 QUER O CAOS | GP \u00c0S 10\" width=\"500\" height=\"281\" src=\"https:\/\/www.youtube.com\/embed\/RRuevnCyyOE?feature=oembed\" frameborder=\"0\" allow=\"accelerometer; autoplay; clipboard-write; encrypted-media; gyroscope; picture-in-picture; web-share\" referrerpolicy=\"strict-origin-when-cross-origin\" allowfullscreen><\/iframe>\n<\/div><\/figure>\n\n\n\n<p class=\"wp-block-paragraph\">Uma das novidades na F\u00f3rmula 1 para 2021 &#8211; ao menos no nome -, a Alpine anunciou nesta ter\u00e7a-feira (23) que renovou seu contrato com a Mecachrome, das mais famosas fabricantes de motor do automobilismo, e que esta seguir\u00e1 respons\u00e1vel pela montagem da unidade de pot\u00eancia para os carros que ser\u00e3o comandados por Fernando Alonso e Esteban Ocon na pr\u00f3xima temporada.<\/p>\n\n\n\n<p class=\"wp-block-paragraph\">O <strong><a href=\"https:\/\/www.grandepremio.com\/br\/f1\/noticias\/alpine-define-lancamento-do-carro-para-formula-1-2021-e-divide-dia-com-mercedes\/\">A521, que ser\u00e1 apresentado no dia 2 de mar\u00e7o<\/a><\/strong>, presenciar\u00e1 o primeiro dos quatro anos de fabrica\u00e7\u00e3o de motores Renault pela Mecachrome acordados no novo contrato &#8211; ou seja, at\u00e9 a temporada 2024.<\/p>\n\n\n\n<p class=\"wp-block-paragraph\"><strong>Conhe\u00e7a o canal do Grande Pr\u00eamio no YouTube! Clique\u00a0<a rel=\"noreferrer noopener\" href=\"https:\/\/youtube.com\/GrandePremioTV\" target=\"_blank\">aqui<\/a>.<br>Siga o Grande Pr\u00eamio no\u00a0<a rel=\"noreferrer noopener\" href=\"https:\/\/twitter.com\/grandepremio\" target=\"_blank\">Twitter\u00a0<\/a>e no\u00a0<a rel=\"noreferrer noopener\" href=\"https:\/\/instagram.com\/grandepremio\" target=\"_blank\">Instagram<\/a>!<\/strong><br><strong><a href=\"https:\/\/www.grandepremio.com\/br\/web-stories\/f1\/formula-1-2021-tudo-sobre-os-lancamentos-dos-carros\/\">WEB STORIES: Tudo sobre os lan\u00e7amentos dos carros da\u00a0<\/a><a href=\"https:\/\/www.grandepremio.com\/br\/f1\/\" target=\"_blank\" rel=\"noreferrer noopener\">F1\u00a0<\/a>2021<\/strong><\/p>\n\n\n\n<figure class=\"wp-block-image size-large\"><img decoding=\"async\" src=\"https:\/\/www.grandepremio.com\/br\/wp-content\/uploads\/2021\/01\/Errf-NFXMAEnnDJ-1024x486.jpg\" alt=\"ALPINE; CARRO; F1; F\u00d3RMULA 1; 2021;\" class=\"wp-image-446023\"\/><figcaption>A Alpine inicia novo ciclo na F\u00f3rmula 1 em 2021 (Foto: Reprodu\u00e7\u00e3o)<\/figcaption><\/figure>\n\n\n\n<p class=\"wp-block-paragraph\">&#8220;Estamos orgulhosos da confian\u00e7a renovada pela Alpine. Com novidades neste acordo, a Mecachrome estar\u00e1 completamente envolvida no projeto de F1 e esperamos contribuiu para que ele tenha \u00eaxito&#8221;, comentou Christian Cornille, diretor da marca.<\/p>\n\n\n\n<p class=\"wp-block-paragraph\">&#8220;Trabalhar com um s\u00f3cio hist\u00f3rico como a Mecachrome \u00e9 um dos recursos que temos para voltar ao mais alto n\u00edvel da F1. A continuidade \u00e9 uma fortaleza neste esporte ultra competitivo que vive evolu\u00e7\u00e3o constante. Vivemos muitas hist\u00f3rias de \u00eaxito juntos e viveremos mais&#8221;, completou Laurent Rossi, chefe da Alpine.<\/p>\n\n\n\n<p class=\"wp-block-paragraph\">A Mecachrome colabora com a Renault desde 1979 e, em 1998, foi a fornecedora oficial de motores para Williams e Benetton. Desde 2005, \u00e9 respons\u00e1vel pelas unidades de pot\u00eancia da F2, e desde 2015, tamb\u00e9m pelos da F3.<\/p>\n\n\n\n<p class=\"wp-block-paragraph\">O contrato com a Alpine garante que a Mecachrome fecha o ciclo de motores V6, com uma nova gera\u00e7\u00e3o prevista para 2025.<\/p>\n\n\n\n<figure class=\"wp-block-embed is-type-video is-provider-youtube wp-block-embed-youtube wp-embed-aspect-16-9 wp-has-aspect-ratio\"><div class=\"wp-block-embed__wrapper\">\n<iframe loading=\"lazy\" title=\"FLAVIO GOMES: AS MUDAN\u00c7AS DO AUTOMOBILISMO NA TV EM 2021 | GP \u00c0S 10\" width=\"500\" height=\"281\" src=\"https:\/\/www.youtube.com\/embed\/4xKIGoWD22g?feature=oembed\" frameborder=\"0\" allow=\"accelerometer; autoplay; clipboard-write; encrypted-media; gyroscope; picture-in-picture; web-share\" referrerpolicy=\"strict-origin-when-cross-origin\" allowfullscreen><\/iframe>\n<\/div><\/figure>\n","protected":false},"excerpt":{"rendered":"<p>Parceira hist\u00f3rica da Renault, a Mecachrome renovou por quatro anos seu contrato com a agora Alpine e fabricar\u00e1 os motores utilizados pela equipe<\/p>\n","protected":false},"author":0,"featured_media":1000446025,"comment_status":"closed","ping_status":"closed","sticky":false,"template":"","format":"standard","meta":{"42wp_featured_image_caption":"","42wp_featured_image_credits":"","42wp_featured_video":"","42wp_featured_image_hidden":false,"42wp_authors_list":[],"footnotes":""},"categories":[2],"tags":[20491,302,147,156,176,24837,24846,307,229,24999],"42wp_author":[47129],"class_list":["post-123321","post","type-post","status-publish","format-standard","has-post-thumbnail","hentry","category-f1","tag-alpine","tag-esteban-ocon","tag-f1","tag-f1-2021","tag-fernando-alonso","tag-formula-1-2","tag-formula-um-2","tag-motor","tag-renault","tag-renovacao","42wp_author-felipe-noronha"],"_links":{"self":[{"href":"https:\/\/grandepremio.com\/br\/wp-json\/wp\/v2\/posts\/123321","targetHints":{"allow":["GET"]}}],"collection":[{"href":"https:\/\/grandepremio.com\/br\/wp-json\/wp\/v2\/posts"}],"about":[{"href":"https:\/\/grandepremio.com\/br\/wp-json\/wp\/v2\/types\/post"}],"replies":[{"embeddable":true,"href":"https:\/\/grandepremio.com\/br\/wp-json\/wp\/v2\/comments?post=123321"}],"version-history":[{"count":0,"href":"https:\/\/grandepremio.com\/br\/wp-json\/wp\/v2\/posts\/123321\/revisions"}],"wp:featuredmedia":[{"embeddable":true,"href":"https:\/\/grandepremio.com\/br\/wp-json\/wp\/v2\/media\/1000446025"}],"wp:attachment":[{"href":"https:\/\/grandepremio.com\/br\/wp-json\/wp\/v2\/media?parent=123321"}],"wp:term":[{"taxonomy":"category","embeddable":true,"href":"https:\/\/grandepremio.com\/br\/wp-json\/wp\/v2\/categories?post=123321"},{"taxonomy":"post_tag","embeddable":true,"href":"https:\/\/grandepremio.com\/br\/wp-json\/wp\/v2\/tags?post=123321"},{"taxonomy":"42wp_author","embeddable":true,"href":"https:\/\/grandepremio.com\/br\/wp-json\/wp\/v2\/42wp_author?post=123321"}],"curies":[{"name":"wp","href":"https:\/\/api.w.org\/{rel}","templated":true}]}}