{"id":12335,"date":"2026-02-08T04:00:00","date_gmt":"2026-02-08T07:00:00","guid":{"rendered":"https:\/\/grandepremio.com\/br\/noticias\/tem-formula-e-na-tv-hoje-saiba-quando-e-a-proxima-corrida-19\/"},"modified":"2026-02-05T09:27:20","modified_gmt":"2026-02-05T12:27:20","slug":"tem-formula-e-na-tv-hoje-saiba-quando-e-a-proxima-corrida-19","status":"publish","type":"post","link":"https:\/\/grandepremio.com\/br\/formula-e\/tem-formula-e-na-tv-hoje-saiba-quando-e-a-proxima-corrida-19\/","title":{"rendered":"Tem F\u00f3rmula E na TV hoje? Saiba quando \u00e9 a pr\u00f3xima corrida"},"content":{"rendered":"\n<p class=\"wp-block-paragraph\">A temporada 2025\/26 da <strong>F\u00f3rmula E<\/strong> engrenou de vez. <a href=\"https:\/\/www.grandepremio.com\/br\/formula-e\/noticias\/mitch-evans-bate-porsche-miami-vence-15a-vez-formula-e-felipe-drugovich-18o\/\">A vit\u00f3ria de <strong>Mitch Evans<\/strong> no <strong>eP de Miami<\/strong><\/a> colocou ponto final na perna americana do campeonato \u2014 que passou tamb\u00e9m pela <strong>Cidade do M\u00e9xico<\/strong> e por <strong>S\u00e3o Paulo<\/strong>. Agora, a categoria el\u00e9trica est\u00e1 no \u00faltimo fim de semana de folga antes da pr\u00f3xima etapa, o <strong>eP de Jed\u00e1<\/strong>.<\/p>\n\n\n\n<p class=\"wp-block-paragraph\">A <strong>Ar\u00e1bia Saudita<\/strong> recebe a primeira rodada dupla da temporada, entre os dias 12 e 14 de fevereiro. A quinta-feira ter\u00e1 apenas uma atividade de pista, o TL1. No dia seguinte, ser\u00e3o tr\u00eas sess\u00f5es: TL2, classifica\u00e7\u00e3o 1 e o <strong>eP de Jed\u00e1 1<\/strong>. O s\u00e1bado repete a programa\u00e7\u00e3o, com TL3, classifica\u00e7\u00e3o 2 e o <strong>eP de Jed\u00e1 2<\/strong>.<\/p>\n\n\n\n<p class=\"wp-block-paragraph\">Absolutamente todas as sess\u00f5es de pista do fim de semana ter\u00e3o transmiss\u00e3o&nbsp;<strong>AO VIVO e COM IMAGENS<\/strong>&nbsp;no canal do&nbsp;<strong>GRANDE PR\u00caMIO<\/strong>&nbsp;no&nbsp;<strong>YouTube<\/strong>&nbsp;e na&nbsp;<strong>GPTV<\/strong>, assim como todo o restante da temporada 2025\/26 da categoria.<\/p>\n\n\n\n<p class=\"wp-block-paragraph\">Al\u00e9m da cidade no Oriente M\u00e9dio, outras cinco v\u00e3o sediar rodadas duplas na temporada 2025\/26. <strong>Berlim <\/strong>e <strong>M\u00f4naco<\/strong> recebem duas provas cada em junho. No m\u00eas seguinte, a F\u00f3rmula E corre duas vezes em <strong>Xangai<\/strong> e <strong>T\u00f3quio<\/strong>. Em agosto, o campeonato se encerra com as disputas em <strong>Londres<\/strong>.<\/p>\n\n\n\n<figure class=\"wp-block-image size-full\"><img decoding=\"async\" src=\"https:\/\/www.grandepremio.com\/br\/wp-content\/uploads\/2026\/01\/mitch-evans.png\" alt=\"\" class=\"wp-image-1054427\"\/><figcaption class=\"wp-element-caption\">Mitch Evans venceu o eP de Miami (Foto: Jaguar)<\/figcaption><\/figure>\n\n\n\n<p class=\"wp-block-paragraph\">Ap\u00f3s as tr\u00eas primeiras etapas do campeonato,\u00a0<strong>Nick Cassidy<\/strong>\u00a0lidera o\u00a0<strong>Mundial de Pilotos<\/strong>, com 40 pontos.\u00a0<strong>Pascal Wehrlein<\/strong>\u00a0vem logo atr\u00e1s, com 38, um a mais que\u00a0<strong>Jake Dennis<\/strong>.\u00a0<strong>Oliver Rowland<\/strong>\u00a0e\u00a0<strong>Nico M\u00fcller<\/strong>\u00a0fecham o top-5. Entre os brasileiros,\u00a0<strong>Felipe Drugovich<\/strong>\u00a0ocupa o 18\u00ba lugar, uma posi\u00e7\u00e3o \u00e0 frente de\u00a0<strong>Lucas di Grassi<\/strong>. Ambos seguem zerados na pontua\u00e7\u00e3o.<\/p>\n\n\n\n<p class=\"wp-block-paragraph\">No\u00a0<strong>Mundial de Equipes<\/strong>, a <strong>Porsche<\/strong> saltou para a lideran\u00e7a em Miami, com 71 tentos. A\u00a0<strong>Citro\u00ebn<\/strong> vem no segundo lugar, com 44, seguida pela Mahindra, que completa o top-3 com 38. A\u00a0<strong>Porsche<\/strong> tamb\u00e9m est\u00e1 na ponta entre os <strong>Construtores<\/strong>, com 66 pontos. <strong>Stellantis<\/strong>, com 63,<strong>\u00a0<\/strong>e\u00a0<strong>Jaguar<\/strong>, com 56, v\u00eam logo atr\u00e1s.<\/p>\n\n\n\n<p class=\"wp-block-paragraph\">\u25b6\ufe0f&nbsp;<strong>Inscreva-se nos dois canais do GRANDE PR\u00caMIO no YouTube:&nbsp;<a href=\"https:\/\/www.youtube.com\/channel\/UC9OlHEgxoaY6QY6nWPoiqQg?sub_confirmation=1\" target=\"_blank\" rel=\"noreferrer noopener\">GP<\/a>&nbsp;|&nbsp;<a href=\"https:\/\/www.youtube.com\/channel\/UC9csiS6q_C3C0FYhyr1rnFA?sub_confirmation=1\" target=\"_blank\" rel=\"noreferrer noopener\">GP2<\/a><\/strong><\/p>\n\n\n\n<figure class=\"wp-block-embed is-type-video is-provider-youtube wp-block-embed-youtube wp-embed-aspect-16-9 wp-has-aspect-ratio\"><div class=\"wp-block-embed__wrapper\">\n<iframe loading=\"lazy\" title=\"\ud83d\udd34eP DE MIAMI: CORRIDA DA F\u00d3RMULA E 2025\/26 AO VIVO COM IMAGENS E DRUGOVICH | 3\u00aa ETAPA\" width=\"500\" height=\"281\" src=\"https:\/\/www.youtube.com\/embed\/_qex4KIdG6Q?feature=oembed\" frameborder=\"0\" allow=\"accelerometer; autoplay; clipboard-write; encrypted-media; gyroscope; picture-in-picture; web-share\" referrerpolicy=\"strict-origin-when-cross-origin\" allowfullscreen><\/iframe>\n<\/div><\/figure>\n","protected":false},"excerpt":{"rendered":"<p>Ap\u00f3s o eP de Miami, que fechou a perna americana do campeoanto, a F\u00f3rmula E retoma as atividades na rodada dupla do eP de Jed\u00e1. Saiba quando<\/p>\n","protected":false},"author":0,"featured_media":1001054783,"comment_status":"closed","ping_status":"closed","sticky":false,"template":"","format":"standard","meta":{"42wp_featured_image_caption":"","42wp_featured_image_credits":"","42wp_featured_video":"","42wp_featured_image_hidden":false,"42wp_authors_list":[],"footnotes":""},"categories":[19],"tags":[417,25774,28679,1171,6853,41812,985,31465,949,10437,24173,1024,840,43531,45540,1491,28285,35442,910,8928,851,7538,39730,966,1172,912,45747,909,2128,2349,894,1722,1556,965,36219,1194,33769,736,876,32748,43530,28107],"42wp_author":[47164],"class_list":["post-12335","post","type-post","status-publish","format-standard","has-post-thumbnail","hentry","category-formula-e","tag-andretti","tag-antonio-felix-da-costa","tag-calendario-formula-e","tag-citroen","tag-classificacao-formula-e","tag-cupra-kiro","tag-dan-ticktum","tag-ds-penske","tag-edoardo-mortara","tag-envision","tag-ep-de-miami","tag-felipe-drugovich","tag-formula-e","tag-formula-e-2026","tag-formula-e-hoje","tag-grande-premio","tag-grandepremio","tag-horarios-formula-e","tag-jaguar","tag-jake-dennis","tag-jean-eric-vergne","tag-joel-eriksson","tag-lola-yamaha","tag-lucas-di-grassi","tag-mahindra","tag-maximilian-gunther","tag-miami-2026","tag-mitch-evans","tag-nick-cassidy","tag-nico-muller","tag-nissan","tag-norman-nato","tag-nyck-de-vries","tag-oliver-rowland","tag-onde-assistir-formula-e","tag-pascal-wehrlein","tag-pepe-marti","tag-porsche","tag-sebastien-buemi","tag-taylor-barnard","tag-temporada-2026-da-formula-e","tag-zane-maloney","42wp_author-marcos-gil-ribeiro"],"_links":{"self":[{"href":"https:\/\/grandepremio.com\/br\/wp-json\/wp\/v2\/posts\/12335","targetHints":{"allow":["GET"]}}],"collection":[{"href":"https:\/\/grandepremio.com\/br\/wp-json\/wp\/v2\/posts"}],"about":[{"href":"https:\/\/grandepremio.com\/br\/wp-json\/wp\/v2\/types\/post"}],"replies":[{"embeddable":true,"href":"https:\/\/grandepremio.com\/br\/wp-json\/wp\/v2\/comments?post=12335"}],"version-history":[{"count":0,"href":"https:\/\/grandepremio.com\/br\/wp-json\/wp\/v2\/posts\/12335\/revisions"}],"wp:featuredmedia":[{"embeddable":true,"href":"https:\/\/grandepremio.com\/br\/wp-json\/wp\/v2\/media\/1001054783"}],"wp:attachment":[{"href":"https:\/\/grandepremio.com\/br\/wp-json\/wp\/v2\/media?parent=12335"}],"wp:term":[{"taxonomy":"category","embeddable":true,"href":"https:\/\/grandepremio.com\/br\/wp-json\/wp\/v2\/categories?post=12335"},{"taxonomy":"post_tag","embeddable":true,"href":"https:\/\/grandepremio.com\/br\/wp-json\/wp\/v2\/tags?post=12335"},{"taxonomy":"42wp_author","embeddable":true,"href":"https:\/\/grandepremio.com\/br\/wp-json\/wp\/v2\/42wp_author?post=12335"}],"curies":[{"name":"wp","href":"https:\/\/api.w.org\/{rel}","templated":true}]}}