{"id":123351,"date":"2021-02-22T09:20:00","date_gmt":"2021-02-22T12:20:00","guid":{"rendered":"https:\/\/grandepremio.com\/br\/noticias\/chefe-ve-alfa-romeo-em-evolucao-e-explica-meta-para-c41-ir-alem-do-8o-lugar\/"},"modified":"2021-02-22T09:27:51","modified_gmt":"2021-02-22T12:27:51","slug":"chefe-ve-alfa-romeo-em-evolucao-e-explica-meta-para-c41-ir-alem-do-8o-lugar","status":"publish","type":"post","link":"https:\/\/grandepremio.com\/br\/f1\/chefe-ve-alfa-romeo-em-evolucao-e-explica-meta-para-c41-ir-alem-do-8o-lugar\/","title":{"rendered":"Chefe v\u00ea Alfa Romeo em evolu\u00e7\u00e3o e explica meta para C41: &#8220;Ir al\u00e9m do 8\u00ba lugar&#8221;"},"content":{"rendered":"\n<figure class=\"wp-block-embed is-type-video is-provider-youtube wp-block-embed-youtube wp-embed-aspect-16-9 wp-has-aspect-ratio\"><div class=\"wp-block-embed__wrapper\">\n<iframe loading=\"lazy\" title=\"ALFA ROMEO APRESENTA C41, CARRO PARA A TEMPORADA 2021 DA F1 | Lan\u00e7amentos F1\" width=\"500\" height=\"281\" src=\"https:\/\/www.youtube.com\/embed\/ek9Y4CJuvsA?feature=oembed\" frameborder=\"0\" allow=\"accelerometer; autoplay; clipboard-write; encrypted-media; gyroscope; picture-in-picture; web-share\" referrerpolicy=\"strict-origin-when-cross-origin\" allowfullscreen><\/iframe>\n<\/div><\/figure>\n\n\n\n<p class=\"wp-block-paragraph\">A Alfa Romeo decepcionou em 2020, muito por causa do fraco motor Ferrari, mas <a href=\"https:\/\/www.grandepremio.com\/br\/f1\/noticias\/alfa-romeo-apresenta-c41-mais-branco-e-menos-vermelho-para-temporada-2021-da-f1\/\">chega confiante em 2021<\/a> com seu novo C41. Nesta segunda-feira (22), na esteira do lan\u00e7amento do bel\u00edssimo carro, o chefe Fr\u00e9d\u00e9ric Vasseur deixou claro que a meta \u00e9 sair do oitavo lugar, mas, mesmo otimista, sabe que n\u00e3o vai ser f\u00e1cil.<\/p>\n\n\n\n<p class=\"wp-block-paragraph\">O franc\u00eas explicou que a cerim\u00f4nia de lan\u00e7amento de um novo carro \u00e9 sempre um grande momento que compensa meses de trabalho e, mesmo com p\u00e9s no ch\u00e3o, garante: a Alfa Romeo de hoje \u00e9 melhor que a de ontem, ou de 2020.<\/p>\n\n\n\n<p class=\"wp-block-paragraph\">&#8220;O lan\u00e7amento de um novo carro \u00e9 sempre emocionante, j\u00e1 que \u00e9 o resultado de meses de esfor\u00e7o de todo mundo na f\u00e1brica e o in\u00edcio de uma nova aventura. Acho que a filosofia da equipe segue a mesma: fazendo um trabalho melhor amanh\u00e3 do que estamos fazendo hoje, sempre aprendendo&#8221;, disse.<\/p>\n\n\n\n<figure class=\"wp-block-image size-large\"><img decoding=\"async\" src=\"https:\/\/www.grandepremio.com\/br\/wp-content\/uploads\/2021\/02\/ARRO_2021_C41_Rear-1024x767.jpg\" alt=\"\" class=\"wp-image-451330\"\/><figcaption>A Alfa Romeo tenta deixar mais equipes para tr\u00e1s em 2021 (Foto: Alfa Romeo)<\/figcaption><\/figure>\n\n\n\n<p class=\"wp-block-paragraph\">Vasseur n\u00e3o quis prever em que p\u00e9 estar\u00e1 o time no in\u00edcio do campeonato no Bahrein, j\u00e1 que todas as equipes chegam confiantes e trabalham duro. No entanto, o dirigente explicou que a Alfa Romeo precisa sair da oitava posi\u00e7\u00e3o e t\u00e3o distante das demais advers\u00e1rias.<\/p>\n\n\n\n<p class=\"wp-block-paragraph\">&#8220;Terminamos a \u00faltima temporada em oitavo, ent\u00e3o precisamos ter como meta um resultado melhor em 2021, ir al\u00e9m disso. Para isso, precisamos seguir melhorando em cada departamento, da pista at\u00e9 a f\u00e1brica. Todas as equipes t\u00eam expectativas altas agora, todo mundo acha que fez um bom trabalho no inverno e est\u00e1 em boa forma para a primeira corrida, mas logo mais todo mundo vai precisar mostrar suas cartas&#8221;, completou.<\/p>\n\n\n\n<p class=\"wp-block-paragraph\">Foram apenas oito pontos para a Alfa Romeo em 2020, quatro conquistados por Kimi R\u00e4ikk\u00f6nen e quatro por Antonio Giovinazzi, que seguem no time no comando do C41 em 2021.<\/p>\n\n\n\n<p class=\"wp-block-paragraph\"><strong>Conhe\u00e7a o canal do Grande Pr\u00eamio no YouTube! Clique\u00a0<a rel=\"noreferrer noopener\" href=\"https:\/\/youtube.com\/GrandePremioTV\" target=\"_blank\">aqui<\/a>.<br>Siga o Grande Pr\u00eamio no\u00a0<a rel=\"noreferrer noopener\" href=\"https:\/\/twitter.com\/grandepremio\" target=\"_blank\">Twitter\u00a0<\/a>e no\u00a0<a rel=\"noreferrer noopener\" href=\"https:\/\/instagram.com\/grandepremio\" target=\"_blank\">Instagram<\/a>!<\/strong><br><strong><a href=\"https:\/\/www.grandepremio.com\/br\/web-stories\/f1\/formula-1-2021-tudo-sobre-os-lancamentos-dos-carros\/\">WEB STORIES: Tudo sobre os lan\u00e7amentos dos carros da\u00a0<\/a><a href=\"https:\/\/www.grandepremio.com\/br\/f1\/\" target=\"_blank\" rel=\"noreferrer noopener\">F1\u00a0<\/a>2021<\/strong><\/p>\n\n\n\n<figure class=\"wp-block-embed is-type-video is-provider-youtube wp-block-embed-youtube wp-embed-aspect-16-9 wp-has-aspect-ratio\"><div class=\"wp-block-embed__wrapper\">\n<iframe loading=\"lazy\" title=\"F1 2021 D\u00c1 PONTAP\u00c9 INICIAL NA TEMPORADA EM FEVEREIRO  | GP \u00e0s 10\" width=\"500\" height=\"281\" src=\"https:\/\/www.youtube.com\/embed\/GMytyPX6ThU?feature=oembed\" frameborder=\"0\" allow=\"accelerometer; autoplay; clipboard-write; encrypted-media; gyroscope; picture-in-picture; web-share\" referrerpolicy=\"strict-origin-when-cross-origin\" allowfullscreen><\/iframe>\n<\/div><\/figure>\n","protected":false},"excerpt":{"rendered":"<p>A Alfa Romeo est\u00e1 empolgada e emocionada com o lan\u00e7amento do bel\u00edssimo C41, mas o chefe Fr\u00e9d\u00e9ric Vasseur sabe que todos os times devem estar confiantes e que s\u00f3 a pista vai dizer quem \u00e9 quem<\/p>\n","protected":false},"author":0,"featured_media":1000451310,"comment_status":"closed","ping_status":"closed","sticky":false,"template":"","format":"standard","meta":{"42wp_featured_image_caption":"","42wp_featured_image_credits":"","42wp_featured_video":"","42wp_featured_image_hidden":false,"42wp_authors_list":[],"footnotes":""},"categories":[2],"tags":[457,456,147,156,24837,1322,24834],"42wp_author":[47117],"class_list":["post-123351","post","type-post","status-publish","format-standard","has-post-thumbnail","hentry","category-f1","tag-alfa-romeo","tag-antonio-giovinazzi","tag-f1","tag-f1-2021","tag-formula-1-2","tag-frederic-vasseur","tag-kimi-raikkonen-2","42wp_author-gabriel-curty"],"_links":{"self":[{"href":"https:\/\/grandepremio.com\/br\/wp-json\/wp\/v2\/posts\/123351","targetHints":{"allow":["GET"]}}],"collection":[{"href":"https:\/\/grandepremio.com\/br\/wp-json\/wp\/v2\/posts"}],"about":[{"href":"https:\/\/grandepremio.com\/br\/wp-json\/wp\/v2\/types\/post"}],"replies":[{"embeddable":true,"href":"https:\/\/grandepremio.com\/br\/wp-json\/wp\/v2\/comments?post=123351"}],"version-history":[{"count":0,"href":"https:\/\/grandepremio.com\/br\/wp-json\/wp\/v2\/posts\/123351\/revisions"}],"wp:featuredmedia":[{"embeddable":true,"href":"https:\/\/grandepremio.com\/br\/wp-json\/wp\/v2\/media\/1000451310"}],"wp:attachment":[{"href":"https:\/\/grandepremio.com\/br\/wp-json\/wp\/v2\/media?parent=123351"}],"wp:term":[{"taxonomy":"category","embeddable":true,"href":"https:\/\/grandepremio.com\/br\/wp-json\/wp\/v2\/categories?post=123351"},{"taxonomy":"post_tag","embeddable":true,"href":"https:\/\/grandepremio.com\/br\/wp-json\/wp\/v2\/tags?post=123351"},{"taxonomy":"42wp_author","embeddable":true,"href":"https:\/\/grandepremio.com\/br\/wp-json\/wp\/v2\/42wp_author?post=123351"}],"curies":[{"name":"wp","href":"https:\/\/api.w.org\/{rel}","templated":true}]}}