{"id":123353,"date":"2021-02-22T08:20:00","date_gmt":"2021-02-22T11:20:00","guid":{"rendered":"https:\/\/grandepremio.com\/br\/noticias\/alfa-romeo-apresenta-c41-mais-branco-e-menos-vermelho-para-temporada-2021-da-f1\/"},"modified":"2021-02-22T08:56:26","modified_gmt":"2021-02-22T11:56:26","slug":"alfa-romeo-apresenta-c41-mais-branco-e-menos-vermelho-para-temporada-2021-da-f1","status":"publish","type":"post","link":"https:\/\/grandepremio.com\/br\/f1\/alfa-romeo-apresenta-c41-mais-branco-e-menos-vermelho-para-temporada-2021-da-f1\/","title":{"rendered":"Alfa Romeo apresenta C41 mais branco e menos vermelho para temporada 2021 da F1"},"content":{"rendered":"\n<figure class=\"wp-block-embed is-type-video is-provider-youtube wp-block-embed-youtube wp-embed-aspect-16-9 wp-has-aspect-ratio\"><div class=\"wp-block-embed__wrapper\">\n<iframe loading=\"lazy\" title=\"F1 2021: QUAL NOVA DUPLA DE PILOTOS VAI DAR MAIS O QUE FALAR? | GP \u00c0S 10\" width=\"500\" height=\"281\" src=\"https:\/\/www.youtube.com\/embed\/NX75csv61fo?feature=oembed\" frameborder=\"0\" allow=\"accelerometer; autoplay; clipboard-write; encrypted-media; gyroscope; picture-in-picture; web-share\" referrerpolicy=\"strict-origin-when-cross-origin\" allowfullscreen><\/iframe>\n<\/div><\/figure>\n\n\n\n<p class=\"wp-block-paragraph\">Depois de McLaren e AlphaTauri, chegou a vez da Alfa Romeo abrir os trabalhos em 2021. Em evento na manh\u00e3 desta segunda-feira (22), em Vars\u00f3via, capital da Pol\u00f4nia e terra da patrocinadora principal, a equipe alvirrubra revelou o C41 ao mundo.<\/p>\n\n\n\n<p class=\"wp-block-paragraph\">O carro em si sofreu uma mudan\u00e7a est\u00e9tica consider\u00e1vel. \u00c9 verdade que as cores s\u00e3o as mesmas, mas o esquema mudou radicalmente. \u00c9 poss\u00edvel dizer que o b\u00f3lido dos italianos n\u00e3o tem mais o branco acompanhando o vermelho, mas, sim, o contr\u00e1rio. No fim, uma invers\u00e3o da pintura que foi apresentada em 2020.<\/p>\n\n\n\n<p class=\"wp-block-paragraph\">De todo modo, \u00e9 mais um belo carro lan\u00e7ado pela equipe, que mostrou que a combina\u00e7\u00e3o de cores dificilmente dar\u00e1 um resultado ruim. Com a mudan\u00e7a, coincidentemente ou n\u00e3o, a Alfa Romeo passa a ter no carro o mesmo esquema da bandeira da Pol\u00f4nia, terra da patrocinadora principal do time, a petrol\u00edfera Orlen, que apoia Robert Kubica, reserva de Kimi R\u00e4ikk\u00f6nen e Antonio Giovinazzi. Os tr\u00eas estiveram presentes no evento.<\/p>\n\n\n\n<p class=\"wp-block-paragraph\">O lan\u00e7amento em si foi bem mais suntuoso do que devem ser os demais eventos de 2021. Mesmo com a pandemia, a equipe optou por uma cerim\u00f4nia daquelas tradicionais de F1: transmitida ao vivo pelo YouTube, em um grande teatro, com apresenta\u00e7\u00e3o de dan\u00e7a, m\u00fasica cl\u00e1ssica, trajes de gala e por a\u00ed vai.<\/p>\n\n\n\n<figure class=\"wp-block-image size-large\"><img decoding=\"async\" src=\"https:\/\/www.grandepremio.com\/br\/wp-content\/uploads\/2021\/02\/ARRO_2021_C41_Side_Right-1024x767.jpg\" alt=\"\" class=\"wp-image-451310\"\/><figcaption>O branco foi para o topo e o vermelho para a base do novo carro da Alfa Romeo (Foto: Alfa Romeo)<\/figcaption><\/figure>\n\n\n\n<p class=\"wp-block-paragraph\"><strong>Conhe\u00e7a o canal do Grande Pr\u00eamio no YouTube! Clique&nbsp;<a rel=\"noreferrer noopener\" href=\"https:\/\/youtube.com\/GrandePremioTV\" target=\"_blank\">aqui<\/a>.<br>Siga o Grande Pr\u00eamio no&nbsp;<a rel=\"noreferrer noopener\" href=\"https:\/\/twitter.com\/grandepremio\" target=\"_blank\">Twitter&nbsp;<\/a>e no&nbsp;<a rel=\"noreferrer noopener\" href=\"https:\/\/instagram.com\/grandepremio\" target=\"_blank\">Instagram<\/a>!<\/strong><\/p>\n\n\n\n<p class=\"wp-block-paragraph\">&#8220;O lan\u00e7amento do carro \u00e9 sempre um momento emotivo ap\u00f3s meses de esfor\u00e7os de todo mundo na f\u00e1brica e o come\u00e7o de uma nova aventura. Acredito que a filosofia interna da equipe continua a mesma, precisamos fazer um trabalho melhor do que est\u00e1vamos fazendo&#8221;, disse Fr\u00e9d\u00e9ric Vasseur, chefe da equipe.<\/p>\n\n\n\n<p class=\"wp-block-paragraph\">&#8220;Terminamos a temporada passada em oitavo lugar, ent\u00e3o temos o objetivo de melhorar esse resultado em 2021. Para isso, temos que continuar melhorando em cada \u00e1rea, nas pistas e na f\u00e1brica. Todo time no grid possui grandes expectativas atualmente, todas as equipes esperam fazer um bom inverno e estar em boa posi\u00e7\u00e3o para a primeira corridas, mas logo ser\u00e1 a hora de todos mostrarem suas credenciais&#8221;, completou.<\/p>\n\n\n\n<p class=\"wp-block-paragraph\">O C41 \u00e9 essencialmente uma continua\u00e7\u00e3o de seu antecessor, o C39 \u2013 sim, a equipe pulou o C40. Com o regulamento t\u00e9cnico praticamente inalterado de 2020 para 2021, a Alfa Romeo apenas prosseguiu com o desenvolvimento. Isso, entretanto, n\u00e3o \u00e9 necessariamente uma not\u00edcia boa: a equipe penou na temporada passada, muito por conta do desempenho p\u00edfio da unidade de pot\u00eancia da Ferrari, <strong><a href=\"https:\/\/www.grandepremio.com\/br\/f1\/noticias\/dona-da-alfa-romeo-na-formula-1-sauber-amplia-parceria-com-ferrari-ate-2025\/\">parceira t\u00e9cnica pelo menos at\u00e9 2025<\/a><\/strong>.<\/p>\n\n\n\n<figure class=\"wp-block-image size-large\"><img decoding=\"async\" src=\"https:\/\/www.grandepremio.com\/br\/wp-content\/uploads\/2021\/02\/alfa03-1024x767.jpg\" alt=\"\" class=\"wp-image-451320\"\/><figcaption>Alfa Romeo espera melhorar no Mundial de Construtores ap\u00f3s decepcionante campanha em 2020 (Foto: Alfa Romeo)<\/figcaption><\/figure>\n\n\n\n<p class=\"wp-block-paragraph\">Na compara\u00e7\u00e3o com a Haas, rival direta por ter tamb\u00e9m o motor italiano, a Alfa Romeo foi relativamente bem. Acontece que, mesmo com um trabalho at\u00e9 digno no desenvolvimento ao longo de 2020, n\u00e3o havia muito como ir al\u00e9m do oitavo lugar no Mundial de Construtores.<\/p>\n\n\n\n<p class=\"wp-block-paragraph\">Os resultados fracos, entretanto, n\u00e3o custaram o emprego de ningu\u00e9m. R\u00e4ikk\u00f6nen e Giovinazzi renovaram e seguem companheiros pela terceira temporada consecutiva. A equipe chegou a flertar com Mick Schumacher, mas apostou na continuidade.<\/p>\n\n\n\n<p class=\"wp-block-paragraph\">A temporada 2021 da F\u00f3rmula 1 come\u00e7a em 28 de mar\u00e7o, data do GP do Bahrein. S\u00f3 que a Alfa Romeo ter\u00e1 de ir ao Oriente M\u00e9dio antes disso, dada a pr\u00e9-temporada entre os dias 12 e 14.<\/p>\n","protected":false},"excerpt":{"rendered":"<p>A Alfa Romeo revelou o C41, carro que nasce com a miss\u00e3o de tirar Kimi R\u00e4ikk\u00f6nen e Antonio Giovinazzi do fim do grid. O b\u00f3lido de 2021 traz uma invers\u00e3o nas cores em compara\u00e7\u00e3o a 2020<\/p>\n","protected":false},"author":0,"featured_media":1000451308,"comment_status":"closed","ping_status":"closed","sticky":false,"template":"","format":"standard","meta":{"42wp_featured_image_caption":"","42wp_featured_image_credits":"","42wp_featured_video":"","42wp_featured_image_hidden":false,"42wp_authors_list":[],"footnotes":""},"categories":[2],"tags":[457,456,156,24837,24834],"42wp_author":[47118],"class_list":["post-123353","post","type-post","status-publish","format-standard","has-post-thumbnail","hentry","category-f1","tag-alfa-romeo","tag-antonio-giovinazzi","tag-f1-2021","tag-formula-1-2","tag-kimi-raikkonen-2","42wp_author-vitor-fazio"],"_links":{"self":[{"href":"https:\/\/grandepremio.com\/br\/wp-json\/wp\/v2\/posts\/123353","targetHints":{"allow":["GET"]}}],"collection":[{"href":"https:\/\/grandepremio.com\/br\/wp-json\/wp\/v2\/posts"}],"about":[{"href":"https:\/\/grandepremio.com\/br\/wp-json\/wp\/v2\/types\/post"}],"replies":[{"embeddable":true,"href":"https:\/\/grandepremio.com\/br\/wp-json\/wp\/v2\/comments?post=123353"}],"version-history":[{"count":0,"href":"https:\/\/grandepremio.com\/br\/wp-json\/wp\/v2\/posts\/123353\/revisions"}],"wp:featuredmedia":[{"embeddable":true,"href":"https:\/\/grandepremio.com\/br\/wp-json\/wp\/v2\/media\/1000451308"}],"wp:attachment":[{"href":"https:\/\/grandepremio.com\/br\/wp-json\/wp\/v2\/media?parent=123353"}],"wp:term":[{"taxonomy":"category","embeddable":true,"href":"https:\/\/grandepremio.com\/br\/wp-json\/wp\/v2\/categories?post=123353"},{"taxonomy":"post_tag","embeddable":true,"href":"https:\/\/grandepremio.com\/br\/wp-json\/wp\/v2\/tags?post=123353"},{"taxonomy":"42wp_author","embeddable":true,"href":"https:\/\/grandepremio.com\/br\/wp-json\/wp\/v2\/42wp_author?post=123353"}],"curies":[{"name":"wp","href":"https:\/\/api.w.org\/{rel}","templated":true}]}}