{"id":123375,"date":"2021-02-20T04:00:00","date_gmt":"2021-02-20T07:00:00","guid":{"rendered":"https:\/\/grandepremio.com\/br\/noticias\/pronto-para-liderar-alphatauri-gasly-esta-no-melhor-lugar-para-provar-de-vez-seu-valor\/"},"modified":"2021-02-20T06:48:03","modified_gmt":"2021-02-20T09:48:03","slug":"pronto-para-liderar-alphatauri-gasly-esta-no-melhor-lugar-para-provar-de-vez-seu-valor","status":"publish","type":"post","link":"https:\/\/grandepremio.com\/br\/f1\/pronto-para-liderar-alphatauri-gasly-esta-no-melhor-lugar-para-provar-de-vez-seu-valor\/","title":{"rendered":"Pronto para liderar AlphaTauri, Gasly est\u00e1 no melhor lugar para provar de vez seu valor"},"content":{"rendered":"\n<p class=\"wp-block-paragraph\">Poucas vezes se viu no duro programa da Red Bull algu\u00e9m se recuperar t\u00e3o plenamente de um rev\u00e9s. Pierre Gasly renasceu ap\u00f3s o rebaixamento de 2019 e encontrou seu espa\u00e7o no grid da F\u00f3rmula 1. Ainda na temporada em que foi preterido na equipe principal dos energ\u00e9ticos, o franc\u00eas mostrou for\u00e7a mental e muito trabalho. O sensacional p\u00f3dio no GP do Brasil funcionou n\u00e3o s\u00f3 como uma reden\u00e7\u00e3o, mas uma prova de que estava do lado correto da hist\u00f3ria. A AlphaTauri apostou nisso e se deu bem. E agora tem tudo que \u00e9 preciso para melhorar a s\u00e9tima posi\u00e7\u00e3o de 2020. &nbsp;<\/p>\n\n\n\n<p class=\"wp-block-paragraph\"><a href=\"https:\/\/www.grandepremio.com\/br\/f1\/noticias\/alphatauri-apresenta-at02-carregado-no-azul-marinho-para-temporada-2021-da-f1\/\">A esquadra italiana apresentou o carro com que pretende disputar a temporada 2021 nesta sexta-feira<\/a>. Em uma r\u00e1pida olhada, o AT02 possui um desenho muito semelhante ao do modelo antecessor. S\u00f3 que os engenheiros de Faenza entenderam que havia espa\u00e7o para o aperfei\u00e7oamento de muitos setores, como o da aerodin\u00e2mica. Apesar de todas as restri\u00e7\u00f5es e do fato de que o chassi tem de seguir o mesmo de 2020, o novo carro traz uma frente muito diferente: a suspens\u00e3o dianteira foi revisada, enquanto o bico se mostra mais estreito. Quer dizer, existe uma boa chance de a equipe evoluir bem do ponto em que parou no ano passado, temporada em que Gasly foi elemento essencial dentro das garagens italianas, devido a uma performance consistente e madura.<\/p>\n\n\n\n<p class=\"wp-block-paragraph\">A ideia agora, claro, \u00e9 crescer no pelot\u00e3o intermedi\u00e1rio. \u00c9 se colocar constantemente nos pontos e na briga pela lideran\u00e7a do grupo central, que deve ter a McLaren e Aston Martin como times dominantes. De novo, Pierre \u00e9 quem puxa a fila do time chefiado por Franz Tost. Mais pelo que mostrou ser capaz do que pelo fato de que vai dividir os boxes com o novato Yuki Tsunoda.<\/p>\n\n\n\n<p class=\"wp-block-paragraph\"><strong>VEJA TAMB\u00c9M<br><a href=\"https:\/\/www.grandepremio.com\/br\/web-stories\/f1\/alphatauri-lanca-carro-2021-e-muda-pintura\/\">+Web Stories: AlphaTauri lan\u00e7a carro de 2021 e exibe pintura mais azul<\/a><br><a href=\"https:\/\/www.grandepremio.com\/br\/f1\/noticias\/sem-grandes-mudancas-visiveis-alphatauri-apenas-refina-carro-de-2020-para-encarar-2021\/\">+Sem grande mudan\u00e7a visual, AlphaTauri refina carro de 2020 pra 2021<\/a><br><a href=\"https:\/\/www.grandepremio.com\/br\/f1\/noticias\/pierre-gasly-ve-necessidade-de-liderar-alphatauri-para-compensar-inexperiencia-de-yuki-tsunoda\/\">+Gasly v\u00ea necessidade de comandar time por inexperi\u00eancia de Tsunoda<\/a><\/strong><\/p>\n\n\n\n<figure class=\"wp-block-image size-large is-style-default\"><img decoding=\"async\" src=\"https:\/\/www.grandepremio.com\/br\/wp-content\/uploads\/2020\/12\/Pierre_Gasly-1024x576.jpg\" alt=\"\" class=\"wp-image-444000\"\/><figcaption>A vit\u00f3ria em Monza colocou Pierre Gasly em outro patamar na F1 (Foto: Laurent Charniaux)<\/figcaption><\/figure>\n\n\n\n<p class=\"wp-block-paragraph\">A verdade \u00e9 que o piloto de 25 anos se adaptou muito bem ao carro e ao trabalho do time B dos energ\u00e9ticos. O triunfo em Monza acabou por estabelecer uma liga\u00e7\u00e3o ainda mais forte com a esquadra. Gasly se tornou o homem da AlphaTauri, \u00e9 o l\u00edder em uma equipe que agora n\u00e3o parece tanto como um time que s\u00f3 serve para estreantes. Neste momento, a equipe pode sonhar um pouco mais alto. E essa tamb\u00e9m \u00e9 uma realidade in\u00e9dita para o time, e isso se deve ao talento de Pierre.<\/p>\n\n\n\n<p class=\"wp-block-paragraph\">&#8220;Devo meus bons resultados no ano passado ao fato de ser mais experiente\u201d, disse o franc\u00eas. <br><br>&#8220;Foi a minha terceira temporada na F1 e a primeira vez que fiquei uma segunda temporada completa com a mesma equipe. Diria tamb\u00e9m que foi principalmente a continuidade de 2019 que valeu a pena, trabalhando com os mesmos engenheiros, tendo um melhor entendimento do que estamos fazendo e, como uma equipe, todos n\u00f3s tivemos sucesso em explorar as experi\u00eancias dos dois anos anteriores&#8221;, completou.<\/p>\n\n\n\n<figure class=\"wp-block-embed is-type-video is-provider-youtube wp-block-embed-youtube wp-embed-aspect-16-9 wp-has-aspect-ratio\"><div class=\"wp-block-embed__wrapper\">\n<iframe loading=\"lazy\" title=\"ALPHATAURI APRESENTA AT02, CARRO DA TEMPORADA 2021 | LAN\u00c7AMENTOS F1\" width=\"500\" height=\"281\" src=\"https:\/\/www.youtube.com\/embed\/CYVnfFtZ_qs?feature=oembed\" frameborder=\"0\" allow=\"accelerometer; autoplay; clipboard-write; encrypted-media; gyroscope; picture-in-picture; web-share\" referrerpolicy=\"strict-origin-when-cross-origin\" allowfullscreen><\/iframe>\n<\/div><\/figure>\n\n\n\n<p class=\"wp-block-paragraph\">\u00c9 esse senso de continuidade e experi\u00eancia que coloca Pierre numa posi\u00e7\u00e3o de destaque. &#8220;Acho que Pierre \u00e9 um dos pilotos mais fortes da F1 hoje em dia&#8221;, afirmou o chefe Tost. &#8220;O bom conhecimento t\u00e9cnico lhe permite tirar o melhor do carro. Ele est\u00e1 com a equipe h\u00e1 algum tempo, por isso est\u00e1 totalmente adaptado com todos os procedimentos e com a nossa forma de trabalhar.&#8221;<\/p>\n\n\n\n<p class=\"wp-block-paragraph\">&#8220;Ser\u00e1 um bom l\u00edder. Ele sabe como vencer uma corrida &#8211; como provou no ano passado em Monza &#8211; e se tiver um carro competitivo nas m\u00e3os, espero muito sucesso nesta temporada&#8221;, acrescentou.<\/p>\n\n\n\n<p class=\"wp-block-paragraph\">\u00c9 claro que a trajet\u00f3ria do franc\u00eas em 2021 ser\u00e1 marcada pela press\u00e3o. Quer dizer, Pierre ter\u00e1 de lidar com o fato de ser o cara a entregar os resultados e liderar o desenvolvimento, n\u00e3o s\u00f3 no que diz respeito ao companheiro de garagem, como tamb\u00e9m ao grupo de engenheiros. S\u00f3 que n\u00e3o h\u00e1 nada que diga que Gasly possa falhar nisso.<\/p>\n\n\n\n<p class=\"wp-block-paragraph\">Em 2020, o rapaz tirou tudo que foi poss\u00edvel de um campeonato at\u00edpico em que a AlphaTauri lhe entregou um carro mais decente, embora deficiente em termos de confiabilidade, o que deixou a impress\u00e3o que o franc\u00eas poderia ter feito mais. Quando a oportunidade surgiu, n\u00e3o a desperdi\u00e7ou. De qualquer jeito, a vit\u00f3ria no GP da It\u00e1lia falou muito sobre do que \u00e9 feito o gaul\u00eas, por isso \u00e9 t\u00e3o importante esse pr\u00f3ximo passo. E Pierre est\u00e1 pronto e no lugar certo para isso.<\/p>\n\n\n\n<p class=\"wp-block-paragraph\"><strong>Conhe\u00e7a o canal do Grande Pr\u00eamio no YouTube! Clique\u00a0<a rel=\"noreferrer noopener\" href=\"https:\/\/youtube.com\/GrandePremioTV\" target=\"_blank\">aqui<\/a>.<br>Siga o Grande Pr\u00eamio no\u00a0<a rel=\"noreferrer noopener\" href=\"https:\/\/twitter.com\/grandepremio\" target=\"_blank\">Twitter\u00a0<\/a>e no\u00a0<a rel=\"noreferrer noopener\" href=\"https:\/\/instagram.com\/grandepremio\" target=\"_blank\">Instagram<\/a>!<\/strong><br><strong><a href=\"https:\/\/www.grandepremio.com\/br\/web-stories\/f1\/formula-1-2021-tudo-sobre-os-lancamentos-dos-carros\/\">WEB STORIES: Tudo sobre os lan\u00e7amentos dos carros da\u00a0<\/a><a href=\"https:\/\/www.grandepremio.com\/br\/f1\/\" target=\"_blank\" rel=\"noreferrer noopener\">F1\u00a0<\/a>2021<\/strong><\/p>\n","protected":false},"excerpt":{"rendered":"<p>Pierre Gasly cresceu enormemente desde a dispensa da Red Bull. O franc\u00eas encontrou for\u00e7as para dar a volta por cima, venceu e conquistou toda uma equipe para si. \u00c0 frente da Alpha Tauri, o jovem tem enfim a chance de brilhar de verdade<\/p>\n","protected":false},"author":0,"featured_media":1000450962,"comment_status":"closed","ping_status":"closed","sticky":false,"template":"","format":"standard","meta":{"42wp_featured_image_caption":"","42wp_featured_image_credits":"","42wp_featured_video":"","42wp_featured_image_hidden":false,"42wp_authors_list":[],"footnotes":""},"categories":[2],"tags":[524,147,156,525,676,597],"42wp_author":[47115],"class_list":["post-123375","post","type-post","status-publish","format-standard","has-post-thumbnail","hentry","category-f1","tag-alphatauri","tag-f1","tag-f1-2021","tag-franz-tost","tag-pierre-gasly","tag-yuki-tsunoda","42wp_author-evelyn-guimaraes"],"_links":{"self":[{"href":"https:\/\/grandepremio.com\/br\/wp-json\/wp\/v2\/posts\/123375","targetHints":{"allow":["GET"]}}],"collection":[{"href":"https:\/\/grandepremio.com\/br\/wp-json\/wp\/v2\/posts"}],"about":[{"href":"https:\/\/grandepremio.com\/br\/wp-json\/wp\/v2\/types\/post"}],"replies":[{"embeddable":true,"href":"https:\/\/grandepremio.com\/br\/wp-json\/wp\/v2\/comments?post=123375"}],"version-history":[{"count":0,"href":"https:\/\/grandepremio.com\/br\/wp-json\/wp\/v2\/posts\/123375\/revisions"}],"wp:featuredmedia":[{"embeddable":true,"href":"https:\/\/grandepremio.com\/br\/wp-json\/wp\/v2\/media\/1000450962"}],"wp:attachment":[{"href":"https:\/\/grandepremio.com\/br\/wp-json\/wp\/v2\/media?parent=123375"}],"wp:term":[{"taxonomy":"category","embeddable":true,"href":"https:\/\/grandepremio.com\/br\/wp-json\/wp\/v2\/categories?post=123375"},{"taxonomy":"post_tag","embeddable":true,"href":"https:\/\/grandepremio.com\/br\/wp-json\/wp\/v2\/tags?post=123375"},{"taxonomy":"42wp_author","embeddable":true,"href":"https:\/\/grandepremio.com\/br\/wp-json\/wp\/v2\/42wp_author?post=123375"}],"curies":[{"name":"wp","href":"https:\/\/api.w.org\/{rel}","templated":true}]}}