{"id":123390,"date":"2021-02-19T05:06:00","date_gmt":"2021-02-19T08:06:00","guid":{"rendered":"https:\/\/grandepremio.com\/br\/noticias\/alphatauri-apresenta-at02-carregado-no-azul-marinho-para-temporada-2021-da-f1\/"},"modified":"2021-02-19T06:39:16","modified_gmt":"2021-02-19T09:39:16","slug":"alphatauri-apresenta-at02-carregado-no-azul-marinho-para-temporada-2021-da-f1","status":"publish","type":"post","link":"https:\/\/grandepremio.com\/br\/f1\/alphatauri-apresenta-at02-carregado-no-azul-marinho-para-temporada-2021-da-f1\/","title":{"rendered":"AlphaTauri apresenta AT02 carregado no azul marinho para temporada 2021 da F1"},"content":{"rendered":"\n<figure class=\"wp-block-embed is-type-video is-provider-youtube wp-block-embed-youtube wp-embed-aspect-16-9 wp-has-aspect-ratio\"><div class=\"wp-block-embed__wrapper\">\n<iframe loading=\"lazy\" title=\"ALPHATAURI APRESENTA AT02, CARRO DA TEMPORADA 2021 | LAN\u00c7AMENTOS F1\" width=\"500\" height=\"281\" src=\"https:\/\/www.youtube.com\/embed\/CYVnfFtZ_qs?feature=oembed\" frameborder=\"0\" allow=\"accelerometer; autoplay; clipboard-write; encrypted-media; gyroscope; picture-in-picture; web-share\" referrerpolicy=\"strict-origin-when-cross-origin\" allowfullscreen><\/iframe>\n<\/div><\/figure>\n\n\n\n<p class=\"wp-block-paragraph\">A AlphaTauri entra no segundo ano de nome novo, ap\u00f3s a mudan\u00e7a desde Toro Rosso, em 2020, com alma renovada. Afinal, foi ao p\u00f3dios nos dois \u00faltimos anos e venceu corrida no ano que passou. S\u00e3o resultados que n\u00e3o obtinha desde 2008 e seu ano de Sebastian Vettel. Agora, no fim da parceria com a Honda, quer pelo menos voltar a ter algum gostinho da gl\u00f3ria. E foi nessa atmosfera que, na manh\u00e3 desta sexta-feira (17), a equipe de Faenza lan\u00e7ou o AT02 para a temporada 2021.<\/p>\n\n\n\n<p class=\"wp-block-paragraph\">O carro nasceu com pintura diferente da vista um ano atr\u00e1s. A equipe segue apostando no branco e no azul marinho, que formaram um dos layouts mais surpreendentes da temporada 2020, mas com uma redistribui\u00e7\u00e3o de cores. O azul virou protagonista, cobrindo toda a metade superior do carro. O branco \u00e9 visto apenas em detalhes, principalmente na parte inferior.<\/p>\n\n\n\n<p class=\"wp-block-paragraph\">Em termos de desenho do carro, pouco muda tamb\u00e9m. O regulamento de 2021 \u00e9 o mesmo de 2020, significando que os novos b\u00f3lidos ter\u00e3o raras mudan\u00e7as. Afinal, os esfor\u00e7os de desenvolvimento est\u00e3o concentrados em 2022, ano de transforma\u00e7\u00e3o no regulamento t\u00e9cnico.<\/p>\n\n\n\n<figure class=\"wp-block-image size-large\"><img decoding=\"async\" src=\"https:\/\/www.grandepremio.com\/br\/wp-content\/uploads\/2021\/02\/Alpha2-1024x672.jpg\" alt=\"\" class=\"wp-image-450938\"\/><figcaption>A nova AlphaTauri, com pintura diferente (Foto: Reprodu\u00e7\u00e3o)<\/figcaption><\/figure>\n\n\n\n<p class=\"wp-block-paragraph\"><strong>Conhe\u00e7a o canal do Grande Pr\u00eamio no YouTube! Clique&nbsp;<a rel=\"noreferrer noopener\" href=\"https:\/\/youtube.com\/GrandePremioTV\" target=\"_blank\">aqui<\/a>.<br>Siga o Grande Pr\u00eamio no&nbsp;<a rel=\"noreferrer noopener\" href=\"https:\/\/twitter.com\/grandepremio\" target=\"_blank\">Twitter&nbsp;<\/a>e no&nbsp;<a rel=\"noreferrer noopener\" href=\"https:\/\/instagram.com\/grandepremio\" target=\"_blank\">Instagram<\/a>!<\/strong><br><strong><a href=\"https:\/\/www.grandepremio.com\/br\/web-stories\/f1\/formula-1-2021-tudo-sobre-os-lancamentos-dos-carros\/\">WEB STORIES: Tudo sobre os lan\u00e7amentos dos carros da&nbsp;<\/a><a href=\"https:\/\/www.grandepremio.com\/br\/f1\/\" target=\"_blank\" rel=\"noreferrer noopener\">F1&nbsp;<\/a>2021<\/strong><\/p>\n\n\n\n<p class=\"wp-block-paragraph\">Apesar da s\u00e9tima coloca\u00e7\u00e3o, a AlphaTauri entrou de vez no pelot\u00e3o intermedi\u00e1rio da F\u00f3rmula 1 no ano passou. Pudera, terminou somente 14 pontos atr\u00e1s da todo-poderosa Ferrari, e contou com Pierre Gasly em forma magn\u00edfica. Estas s\u00e3o as bases para mais um ano. O franc\u00eas passa a ter o estreante Yuki Tsunoda como companheiro de equipe.<\/p>\n\n\n\n<p class=\"wp-block-paragraph\">\u201cEstou pronto para ser o l\u00edder da equipe&#8221;, afirmou Gasly. &#8220;O Yuki \u00e9 um piloto muito r\u00e1pido, que vai nos ajudar a levar a equipe adiante. Vamos trabalhar juntos para conseguir isso. Eu acredito de verdade que a temporada passada foi a melhor em termos de como a equipe trabalhou, como se desenvolveu o carro e como andamos no fim de semana. Estou sempre faminto por mais, e tenho certeza de que podemos ter um \u00f3timo 2021\u201d, seguiu.<\/p>\n\n\n\n<p class=\"wp-block-paragraph\">Tsunoda tamb\u00e9m come\u00e7a o ano faminto, tanto por aprendizado quanto por resultados. \u201cEu tive a sorte de passar algum tempo com a AlphaTauri antes da temporada, ent\u00e3o j\u00e1 estou construindo v\u00ednculos na equipe e aprendendo muito, inclusive com o Pierre, que tem um talento incr\u00edvel. Meu maior objetivo \u00e9 aprender rapidamente e entregar resultados o mais r\u00e1pido poss\u00edvel\u201d, destacou.<\/p>\n\n\n\n<p class=\"wp-block-paragraph\">No AT02, ter\u00e1 seu \u00faltimo carro trabalhado lado a lado com a Honda. A montadora japonesa sai de cena ao fim de 2021 e deixa a propriedade intelectual da complexa unidade de for\u00e7a para a Red Bull, que passa a produzir os pr\u00f3prios motores.<\/p>\n\n\n\n<p class=\"wp-block-paragraph\">Em entrevista concedida ao jornal italiano &#8216;La Gazzetta dello Sport&#8217; dias antes do lan\u00e7amento, o chefe Franz Tost se mostrou bem otimista e se deixou at\u00e9 falar em, quem sabe, vencer de novo. Por que n\u00e3o?<\/p>\n\n\n\n<p class=\"wp-block-paragraph\">&#8220;Acredito que tenhamos um carro mais r\u00e1pido neste ano, mas \u00e9 o cron\u00f4metro que vai dizer. Claro que esperamos vencer uma corrida, como fizemos no ano passado, essa sempre \u00e9 a meta, mas sabemos que n\u00e3o temos condi\u00e7\u00f5es de ganhar uma corrida normal&#8221;, disse Tost.<\/p>\n\n\n\n<p class=\"wp-block-paragraph\">&#8220;Em Monza 2020, t\u00ednhamos um carro bem r\u00e1pido e Gasly guiou muito bem, sem cometer um erro sequer, mas tivemos sorte com a puni\u00e7\u00e3o a Hamilton&#8221;, lembrou.<\/p>\n\n\n\n\n\n<p class=\"wp-block-paragraph\">&#8220;A AlphaTauri era, em 2020, uma equipe de meio de grid, mas que conseguia lutar dignamente com times como McLaren, Renault e Racing Point&#8221;, afirmou Tost, j\u00e1 refletindo sobre o novo ano. &#8220;A meta para 2021 \u00e9 estar constantemente na frente do pelot\u00e3o do meio e evoluir no futuro. Para atingir isso, precisamos evitar problemas de confiabilidade e terminar todas as corridas nos pontos. Mas isso s\u00f3 vai acontecer se a gente n\u00e3o cometer erro algum, precisamos estar 100% focados no nosso trabalho, corrida ap\u00f3s corrida, dentro e fora da pista, porque nossos advers\u00e1rios s\u00e3o duros. Vamos fazer nosso melhor para garantir um bom espet\u00e1culo para os f\u00e3s, que espero poder ver em breve, e para todos os nossos parceiros&#8221;, destacou.<\/p>\n\n\n\n<p class=\"wp-block-paragraph\">Antes da AlphaTauri, a McLaren fora a primeira equipe a <a href=\"https:\/\/www.grandepremio.com\/br\/f1\/noticias\/mclaren-esconde-mudancas-e-tem-no-motor-mercedes-desafio-para-manter-top-3\/\">apresentar seu conjunto para 2021<\/a>. O MCL35M ser\u00e1 o primeiro dos ingleses na retomada da hist\u00f3rica parceria com a Mercedes.<\/p>\n\n\n\n<p class=\"wp-block-paragraph\">O primeiro teste oficial de pista destes carros ser\u00e1 na sess\u00e3o coletiva de pr\u00e9-temporada, marcada para Sakhir entre os dias 12 e 14 de mar\u00e7o. Duas semanas depois, no fim de semana de 28 de mar\u00e7o e na mesma pista, o GP do Bahrein abre a temporada.<\/p>\n\n\n\n<figure class=\"wp-block-embed is-type-video is-provider-youtube wp-block-embed-youtube wp-embed-aspect-16-9 wp-has-aspect-ratio\"><div class=\"wp-block-embed__wrapper\">\n<iframe loading=\"lazy\" title=\"F1 2021: McLAREN S\u00d3 PARECE COM CARRO DE 2020 NA PINTURA | GP Not\u00edcias\" width=\"500\" height=\"281\" src=\"https:\/\/www.youtube.com\/embed\/mNIeQuuY1JY?feature=oembed\" frameborder=\"0\" allow=\"accelerometer; autoplay; clipboard-write; encrypted-media; gyroscope; picture-in-picture; web-share\" referrerpolicy=\"strict-origin-when-cross-origin\" allowfullscreen><\/iframe>\n<\/div><\/figure>\n\n\n\n<iframe loading=\"lazy\" frameborder=\"0\" class=\"juxtapose\" width=\"100%\" height=\"1365\" src=\"https:\/\/cdn.knightlab.com\/libs\/juxtapose\/latest\/embed\/index.html?uid=59e48fd8-7295-11eb-83c8-ebb5d6f907df\"><\/iframe>\n","protected":false},"excerpt":{"rendered":"<p>Ap\u00f3s mudar tudo na pintura de 2020, a AlphaTauri voltou a ousar em 2021. O carro agora \u00e9 predominantemente azul marinho, apenas com detalhes em branco<\/p>\n","protected":false},"author":0,"featured_media":1000450937,"comment_status":"closed","ping_status":"closed","sticky":false,"template":"","format":"standard","meta":{"42wp_featured_image_caption":"","42wp_featured_image_credits":"","42wp_featured_video":"","42wp_featured_image_hidden":false,"42wp_authors_list":[],"footnotes":""},"categories":[2],"tags":[524,156,25536,525,130,25081,25214,676,204],"42wp_author":[47120],"class_list":["post-123390","post","type-post","status-publish","format-standard","has-post-thumbnail","hentry","category-f1","tag-alphatauri","tag-f1-2021","tag-formula-1-2021-2","tag-franz-tost","tag-honda","tag-horarios-da-f1-2","tag-horarios-da-formula-1-2","tag-pierre-gasly","tag-red-bull","42wp_author-pedro-henrique-marum"],"_links":{"self":[{"href":"https:\/\/grandepremio.com\/br\/wp-json\/wp\/v2\/posts\/123390","targetHints":{"allow":["GET"]}}],"collection":[{"href":"https:\/\/grandepremio.com\/br\/wp-json\/wp\/v2\/posts"}],"about":[{"href":"https:\/\/grandepremio.com\/br\/wp-json\/wp\/v2\/types\/post"}],"replies":[{"embeddable":true,"href":"https:\/\/grandepremio.com\/br\/wp-json\/wp\/v2\/comments?post=123390"}],"version-history":[{"count":0,"href":"https:\/\/grandepremio.com\/br\/wp-json\/wp\/v2\/posts\/123390\/revisions"}],"wp:featuredmedia":[{"embeddable":true,"href":"https:\/\/grandepremio.com\/br\/wp-json\/wp\/v2\/media\/1000450937"}],"wp:attachment":[{"href":"https:\/\/grandepremio.com\/br\/wp-json\/wp\/v2\/media?parent=123390"}],"wp:term":[{"taxonomy":"category","embeddable":true,"href":"https:\/\/grandepremio.com\/br\/wp-json\/wp\/v2\/categories?post=123390"},{"taxonomy":"post_tag","embeddable":true,"href":"https:\/\/grandepremio.com\/br\/wp-json\/wp\/v2\/tags?post=123390"},{"taxonomy":"42wp_author","embeddable":true,"href":"https:\/\/grandepremio.com\/br\/wp-json\/wp\/v2\/42wp_author?post=123390"}],"curies":[{"name":"wp","href":"https:\/\/api.w.org\/{rel}","templated":true}]}}