{"id":123393,"date":"2021-02-18T17:47:04","date_gmt":"2021-02-18T20:47:04","guid":{"rendered":"https:\/\/grandepremio.com\/br\/noticias\/fausto-gresini-estado-medico-critico-funcao-dos-orgaos-comprometida-covid-19\/"},"modified":"2021-02-18T17:47:09","modified_gmt":"2021-02-18T20:47:09","slug":"fausto-gresini-estado-medico-critico-funcao-dos-orgaos-comprometida-covid-19","status":"publish","type":"post","link":"https:\/\/grandepremio.com\/br\/motogp\/fausto-gresini-estado-medico-critico-funcao-dos-orgaos-comprometida-covid-19\/","title":{"rendered":"Gresini tem estado m\u00e9dico cr\u00edtico e fun\u00e7\u00e3o dos \u00f3rg\u00e3os comprometida ap\u00f3s Covid-19"},"content":{"rendered":"\n<figure class=\"wp-block-embed is-type-video is-provider-youtube wp-block-embed-youtube wp-embed-aspect-16-9 wp-has-aspect-ratio\"><div class=\"wp-block-embed__wrapper\">\n<iframe loading=\"lazy\" title=\"COM OU SEM MARC M\u00c1RQUEZ, MOTOGP SE VIRA PARA GARANTIR IN\u00cdCIO DA TEMPORADA 2021 | GP \u00e0s 10\" width=\"500\" height=\"281\" src=\"https:\/\/www.youtube.com\/embed\/NNdCUOfUNUw?feature=oembed\" frameborder=\"0\" allow=\"accelerometer; autoplay; clipboard-write; encrypted-media; gyroscope; picture-in-picture; web-share\" referrerpolicy=\"strict-origin-when-cross-origin\" allowfullscreen><\/iframe>\n<\/div><\/figure>\n\n\n\n<p class=\"wp-block-paragraph\">A situa\u00e7\u00e3o de sa\u00fade de Fausto Gresini, ex-piloto e chefe da Aprilia na MotoGP, \u00e9 bastante grave. Em comunicado divulgado no fim da tarde desta quinta-feira (18), equipe informou que estado \u00e9 cr\u00edtico e funcionamento dos \u00f3rg\u00e3os foi comprometida ap\u00f3s infec\u00e7\u00e3o.<\/p>\n\n\n\n<p class=\"wp-block-paragraph\"><strong>Conhe\u00e7a o canal do Grande Pr\u00eamio no YouTube! Clique\u00a0<a rel=\"noreferrer noopener\" href=\"https:\/\/youtube.com\/GrandePremioTV\" target=\"_blank\">aqui<\/a>.<br>Siga o Grande Pr\u00eamio no\u00a0<a rel=\"noreferrer noopener\" href=\"https:\/\/twitter.com\/grandepremio\" target=\"_blank\">Twitter\u00a0<\/a>e no\u00a0<a rel=\"noreferrer noopener\" href=\"https:\/\/instagram.com\/grandepremio\" target=\"_blank\">Instagram<\/a>!<\/strong><\/p>\n\n\n\n<p class=\"wp-block-paragraph\">Gresini foi internado ainda nos \u00faltimos dias de 2020, ap\u00f3s testar positivo para a Covid-19. O chefe de equipe chegou a ter leve melhora, deixou parcialmente o respirador mec\u00e2nico e chegou at\u00e9 a participar da festa da filha por chamada de v\u00eddeo. Mas a situa\u00e7\u00e3o <a href=\"https:\/\/www.grandepremio.com\/br\/motogp\/noticias\/com-problemas-respiratorios-persistentes-gresini-segue-em-uti-para-tratar-covid-19\/\">se agravou mais tarde<\/a>. Agora, gravidade \u00e9 maior que jamais foi antes.<\/p>\n\n\n\n<p class=\"wp-block-paragraph\">&#8220;Fausto Gresini segue hospitalizado na unidade de terapia intensiva do Hospital Maggiore, em Bolonha, por conta de uma insufici\u00eancia respirat\u00f3ria severa ap\u00f3s uma infec\u00e7\u00e3o causada pela Covid-19&#8221;, informou o comunicado.<\/p>\n\n\n\n<figure class=\"wp-block-image size-large\"><img decoding=\"async\" src=\"https:\/\/www.grandepremio.com\/br\/wp-content\/uploads\/2021\/01\/Fausto-3-1024x683.jpg\" alt=\"\" class=\"wp-image-446383\"\/><figcaption>Fausto Gresini segue internado em Bolonha, na It\u00e1lia (Foto: Reprodu\u00e7\u00e3o)<\/figcaption><\/figure>\n\n\n\n<p class=\"wp-block-paragraph\">&#8220;Infelizmente, as complica\u00e7\u00f5es aconteceram, o que transformou o atual estado m\u00e9dico em cr\u00edtico. A equipe do hospital continua o tratamento com a maior intensidade poss\u00edvel, com a esperan\u00e7a de uma recupera\u00e7\u00e3o do funcionamento dos \u00f3rg\u00e3os &#8211; que foi bastante comprometido&#8221;, seguiu.<\/p>\n\n\n\n<p class=\"wp-block-paragraph\">&#8220;Ele ainda est\u00e1 sendo auxiliado pelo ventilador mec\u00e2nico e est\u00e1 em coma induzido&#8221;, finalizou.<\/p>\n\n\n\n<p class=\"wp-block-paragraph\">Italiano de \u00cdmola, Gresini completou 60 anos no \u00faltimo dia 23 de janeiro.<\/p>\n\n\n\n<figure class=\"wp-block-embed is-type-video is-provider-youtube wp-block-embed-youtube wp-embed-aspect-16-9 wp-has-aspect-ratio\"><div class=\"wp-block-embed__wrapper\">\n<iframe loading=\"lazy\" title=\"F1 2021: QUAL NOVA DUPLA DE PILOTOS VAI DAR MAIS O QUE FALAR? | GP \u00c0S 10\" width=\"500\" height=\"281\" src=\"https:\/\/www.youtube.com\/embed\/NX75csv61fo?feature=oembed\" frameborder=\"0\" allow=\"accelerometer; autoplay; clipboard-write; encrypted-media; gyroscope; picture-in-picture; web-share\" referrerpolicy=\"strict-origin-when-cross-origin\" allowfullscreen><\/iframe>\n<\/div><\/figure>\n","protected":false},"excerpt":{"rendered":"<p>Chefe da Aprilia na MotoGP, Fausto Gresini sofreu uma piora no quadro cl\u00ednico ap\u00f3s sofrer como o novo coronav\u00edrus. Fun\u00e7\u00e3o dos \u00f3rg\u00e3os est\u00e1 comprometida<\/p>\n","protected":false},"author":0,"featured_media":1000446386,"comment_status":"closed","ping_status":"closed","sticky":false,"template":"","format":"standard","meta":{"42wp_featured_image_caption":"","42wp_featured_image_credits":"","42wp_featured_video":"","42wp_featured_image_hidden":false,"42wp_authors_list":[],"footnotes":""},"categories":[8],"tags":[133,18304,3504,3162,490],"42wp_author":[47120],"class_list":["post-123393","post","type-post","status-publish","format-standard","has-post-thumbnail","hentry","category-motogp","tag-aprilia","tag-fausto-gresini","tag-gresini","tag-moto-gp-2021","tag-motogp-2021","42wp_author-pedro-henrique-marum"],"_links":{"self":[{"href":"https:\/\/grandepremio.com\/br\/wp-json\/wp\/v2\/posts\/123393","targetHints":{"allow":["GET"]}}],"collection":[{"href":"https:\/\/grandepremio.com\/br\/wp-json\/wp\/v2\/posts"}],"about":[{"href":"https:\/\/grandepremio.com\/br\/wp-json\/wp\/v2\/types\/post"}],"replies":[{"embeddable":true,"href":"https:\/\/grandepremio.com\/br\/wp-json\/wp\/v2\/comments?post=123393"}],"version-history":[{"count":0,"href":"https:\/\/grandepremio.com\/br\/wp-json\/wp\/v2\/posts\/123393\/revisions"}],"wp:featuredmedia":[{"embeddable":true,"href":"https:\/\/grandepremio.com\/br\/wp-json\/wp\/v2\/media\/1000446386"}],"wp:attachment":[{"href":"https:\/\/grandepremio.com\/br\/wp-json\/wp\/v2\/media?parent=123393"}],"wp:term":[{"taxonomy":"category","embeddable":true,"href":"https:\/\/grandepremio.com\/br\/wp-json\/wp\/v2\/categories?post=123393"},{"taxonomy":"post_tag","embeddable":true,"href":"https:\/\/grandepremio.com\/br\/wp-json\/wp\/v2\/tags?post=123393"},{"taxonomy":"42wp_author","embeddable":true,"href":"https:\/\/grandepremio.com\/br\/wp-json\/wp\/v2\/42wp_author?post=123393"}],"curies":[{"name":"wp","href":"https:\/\/api.w.org\/{rel}","templated":true}]}}