{"id":123409,"date":"2021-02-17T16:00:37","date_gmt":"2021-02-17T19:00:37","guid":{"rendered":"https:\/\/grandepremio.com\/br\/noticias\/fernando-alonso-retoma-exercicios-fisicos-uma-semana-apos-acidente-de-bicicleta-na-suica\/"},"modified":"2021-02-17T16:00:42","modified_gmt":"2021-02-17T19:00:42","slug":"fernando-alonso-retoma-exercicios-fisicos-uma-semana-apos-acidente-de-bicicleta-na-suica","status":"publish","type":"post","link":"https:\/\/grandepremio.com\/br\/f1\/fernando-alonso-retoma-exercicios-fisicos-uma-semana-apos-acidente-de-bicicleta-na-suica\/","title":{"rendered":"Alonso retoma exerc\u00edcios f\u00edsicos uma semana ap\u00f3s acidente de bicicleta na Su\u00ed\u00e7a"},"content":{"rendered":"\n<figure class=\"wp-block-embed is-type-video is-provider-youtube wp-block-embed-youtube wp-embed-aspect-16-9 wp-has-aspect-ratio\"><div class=\"wp-block-embed__wrapper\">\n<iframe loading=\"lazy\" title=\"ALONSO \u00c9 OPERADO AP\u00d3S ACIDENTE DE BICICLETA E VIRA D\u00daVIDA NA F1 | GP Not\u00edcias\" width=\"500\" height=\"281\" src=\"https:\/\/www.youtube.com\/embed\/p-qAmcVN4w4?feature=oembed\" frameborder=\"0\" allow=\"accelerometer; autoplay; clipboard-write; encrypted-media; gyroscope; picture-in-picture; web-share\" referrerpolicy=\"strict-origin-when-cross-origin\" allowfullscreen><\/iframe>\n<\/div><\/figure>\n\n\n\n<p class=\"wp-block-paragraph\">Fernando Alonso n\u00e3o quer saber de perder tempo. Menos de uma semana ap\u00f3s o acidente de bicicleta sofrido na Su\u00ed\u00e7a, que rendeu uma mand\u00edbula fraturada e dentes quebrados, o espanhol recorreu \u00e0s redes sociais para mostrar que j\u00e1 est\u00e1 praticando exerc\u00edcios f\u00edsicos novamente.<\/p>\n\n\n\n<p class=\"wp-block-paragraph\">\u201cVitamina D, el\u00e1sticos e algumas caminhadas para manter o alto n\u00edvel. Feliz com tudo e grato pelas mensagens\u201d, escreveu Alonso em suas redes sociais, mostrando foto do exerc\u00edcio com el\u00e1sticos.<\/p>\n\n\n\n<p class=\"wp-block-paragraph\">A postagem foi tamb\u00e9m a primeira oportunidade de ver claramente o rosto de Alonso ap\u00f3s o acidente. Mal se percebe que o piloto da Alpine precisou de interven\u00e7\u00e3o cir\u00fargica na mand\u00edbula apenas seis dias atr\u00e1s.<\/p>\n\n\n\n<figure class=\"wp-block-image size-large\"><img decoding=\"async\" src=\"https:\/\/www.grandepremio.com\/br\/wp-content\/uploads\/2021\/02\/125913812_1078242842610171_5962517485763728222_n-1024x768.jpg\" alt=\"(Foto: Reprodu\u00e7\u00e3o)\" class=\"wp-image-449725\"\/><figcaption>Alonso teve fratura na mand\u00edbula confirmada, mas j\u00e1 se recuperou (Foto: Reprodu\u00e7\u00e3o)<\/figcaption><\/figure>\n\n\n\n<p class=\"wp-block-paragraph\"><strong>Conhe\u00e7a o canal do Grande Pr\u00eamio no YouTube! Clique\u00a0<a rel=\"noreferrer noopener\" href=\"https:\/\/youtube.com\/GrandePremioTV\" target=\"_blank\">aqui<\/a>.<br>Siga o Grande Pr\u00eamio no\u00a0<a rel=\"noreferrer noopener\" href=\"https:\/\/twitter.com\/grandepremio\" target=\"_blank\">Twitter\u00a0<\/a>e no\u00a0<a rel=\"noreferrer noopener\" href=\"https:\/\/instagram.com\/grandepremio\" target=\"_blank\">Instagram<\/a>!<\/strong><\/p>\n\n\n\n<p class=\"wp-block-paragraph\">O acidente aconteceu na tarde da \u00faltima quinta-feira (11), quando Alonso praticava ciclismo nas proximidades da cidade su\u00ed\u00e7a de Lugano, quase na fronteira com a It\u00e1lia. O espanhol, aos 39 anos, pedala para manter a forma f\u00edsica e \u00e9 grande entusiasta da modalidade.<\/p>\n\n\n\n<p class=\"wp-block-paragraph\">De acordo com a pol\u00edcia local, um carro acertou Fernando quando ambos passavam por uma fileira de carros estacionados, em frente a um supermercado. Assim, um n\u00e3o p\u00f4de ver a aproxima\u00e7\u00e3o do outro, levando ao impacto. As causas do choque est\u00e3o sob investiga\u00e7\u00e3o pelas autoridades su\u00ed\u00e7as. Alonso foi atendido de imediato e se manteve consciente, mas foi levado ao hospital para novos exames, que constataram fratura e levaram \u00e0 cirurgia. <strong><a href=\"https:\/\/www.grandepremio.com\/br\/f1\/noticias\/em-recuperacao-fernando-alonso-deixa-hospital-apos-atropelamento-fratura-mandibula\/\">A alta veio na segunda-feira (15)<\/a><\/strong>.<\/p>\n\n\n\n<p class=\"wp-block-paragraph\">A temporada 2021 marca o retorno de Alonso ao grid ap\u00f3s dois anos de aus\u00eancia na F\u00f3rmula 1. O piloto estar\u00e1 no Bahrein em 28 de mar\u00e7o, data da abertura do campeonato. A campanha \u00e9 pela Alpine, formando dupla com Esteban Ocon.<\/p>\n","protected":false},"excerpt":{"rendered":"<p>Fernando Alonso j\u00e1 pratica exerc\u00edcios f\u00edsicos normalmente. O espanhol sofreu um susto semana passada, quando teve acidente de bicicleta e fraturou a mand\u00edbula<\/p>\n","protected":false},"author":0,"featured_media":1000450746,"comment_status":"closed","ping_status":"closed","sticky":false,"template":"","format":"standard","meta":{"42wp_featured_image_caption":"","42wp_featured_image_credits":"","42wp_featured_video":"","42wp_featured_image_hidden":false,"42wp_authors_list":[],"footnotes":""},"categories":[2],"tags":[20491,156,176,24837],"42wp_author":[47118],"class_list":["post-123409","post","type-post","status-publish","format-standard","has-post-thumbnail","hentry","category-f1","tag-alpine","tag-f1-2021","tag-fernando-alonso","tag-formula-1-2","42wp_author-vitor-fazio"],"_links":{"self":[{"href":"https:\/\/grandepremio.com\/br\/wp-json\/wp\/v2\/posts\/123409","targetHints":{"allow":["GET"]}}],"collection":[{"href":"https:\/\/grandepremio.com\/br\/wp-json\/wp\/v2\/posts"}],"about":[{"href":"https:\/\/grandepremio.com\/br\/wp-json\/wp\/v2\/types\/post"}],"replies":[{"embeddable":true,"href":"https:\/\/grandepremio.com\/br\/wp-json\/wp\/v2\/comments?post=123409"}],"version-history":[{"count":0,"href":"https:\/\/grandepremio.com\/br\/wp-json\/wp\/v2\/posts\/123409\/revisions"}],"wp:featuredmedia":[{"embeddable":true,"href":"https:\/\/grandepremio.com\/br\/wp-json\/wp\/v2\/media\/1000450746"}],"wp:attachment":[{"href":"https:\/\/grandepremio.com\/br\/wp-json\/wp\/v2\/media?parent=123409"}],"wp:term":[{"taxonomy":"category","embeddable":true,"href":"https:\/\/grandepremio.com\/br\/wp-json\/wp\/v2\/categories?post=123409"},{"taxonomy":"post_tag","embeddable":true,"href":"https:\/\/grandepremio.com\/br\/wp-json\/wp\/v2\/tags?post=123409"},{"taxonomy":"42wp_author","embeddable":true,"href":"https:\/\/grandepremio.com\/br\/wp-json\/wp\/v2\/42wp_author?post=123409"}],"curies":[{"name":"wp","href":"https:\/\/api.w.org\/{rel}","templated":true}]}}