{"id":123415,"date":"2021-02-17T10:48:42","date_gmt":"2021-02-17T13:48:42","guid":{"rendered":"https:\/\/grandepremio.com\/br\/noticias\/daniel-ricciardo-aprova-corridas-de-classificacao-mas-pede-cuidado-com-risco-de-diluir-vitorias\/"},"modified":"2021-02-17T10:49:21","modified_gmt":"2021-02-17T13:49:21","slug":"daniel-ricciardo-aprova-corridas-de-classificacao-mas-pede-cuidado-com-risco-de-diluir-vitorias","status":"publish","type":"post","link":"https:\/\/grandepremio.com\/br\/f1\/daniel-ricciardo-aprova-corridas-de-classificacao-mas-pede-cuidado-com-risco-de-diluir-vitorias\/","title":{"rendered":"Ricciardo aprova corridas de classifica\u00e7\u00e3o, mas pede cuidado com risco de \u201cdiluir\u201d vit\u00f3rias"},"content":{"rendered":"\n<figure class=\"wp-block-embed is-type-wp-embed is-provider-grande-premio wp-block-embed-grande-premio\"><div class=\"wp-block-embed__wrapper\">\n<blockquote class=\"wp-embedded-content\" data-secret=\"nq87v7ou20\"><a href=\"https:\/\/grandepremio.com\/br\/f1\/gp-as-10-ricciardo-ganha-nova-chance-com-mclaren-mas-sera-campeao-na-f1\/\">GP \u00e0s 10: Ricciardo ganha nova chance com McLaren. Mas ser\u00e1 campe\u00e3o na F1?<\/a><\/blockquote><iframe loading=\"lazy\" class=\"wp-embedded-content\" sandbox=\"allow-scripts\" security=\"restricted\" style=\"position: absolute; visibility: hidden;\" title=\"\u201cGP \u00e0s 10: Ricciardo ganha nova chance com McLaren. Mas ser\u00e1 campe\u00e3o na F1?\u201d \u2014 Grande Premio BR\" src=\"https:\/\/grandepremio.com\/br\/f1\/gp-as-10-ricciardo-ganha-nova-chance-com-mclaren-mas-sera-campeao-na-f1\/embed\/#?secret=Yt4E6GfnKl#?secret=nq87v7ou20\" data-secret=\"nq87v7ou20\" width=\"500\" height=\"282\" frameborder=\"0\" marginwidth=\"0\" marginheight=\"0\" scrolling=\"no\"><\/iframe>\n<\/div><\/figure>\n\n\n\n<p class=\"wp-block-paragraph\"><strong><a href=\"https:\/\/www.grandepremio.com\/br\/f1\/noticias\/equipes-de-f1-concordam-em-avancar-em-ideia-de-corrida-de-classificacao-ja-para-2021\/\">Corrida de classifica\u00e7\u00e3o<\/a><\/strong> \u00e9 o caminho a ser seguido na F\u00f3rmula 1? O debate \u00e9 longo e relevante em 2021, dividindo opini\u00f5es. Para Daniel Ricciardo, as coisas s\u00e3o simples: n\u00e3o h\u00e1 problema em realizar uma prova preliminar aos s\u00e1bados, desde que isso n\u00e3o diminua o valor dos GPs aos domingos.<\/p>\n\n\n\n<p class=\"wp-block-paragraph\">Os coment\u00e1rios de Ricciardo v\u00eam dias ap\u00f3s F1 e FIA (Federa\u00e7\u00e3o Internacional de Automobilismo) darem luz verde para o formato. Ainda falta a realiza\u00e7\u00e3o de uma vota\u00e7\u00e3o formal, mas tudo aponta para tr\u00eas GPs com corrida de classifica\u00e7\u00e3o j\u00e1 em 2021.<\/p>\n\n\n\n<p class=\"wp-block-paragraph\">\u201cEu fiquei meio apreensivo no come\u00e7o, mas eu fico feliz que n\u00e3o ser\u00e1 com grid invertido\u201d, apontou Ricciardo. \u201cSe os melhores pilotos e as melhores equipes ainda est\u00e3o nas primeiras posi\u00e7\u00f5es, sem ser muito manipulado ou artificial, a\u00ed eu fico menos preocupado\u201d, destacou.<\/p>\n\n\n\n<figure class=\"wp-block-image size-large\"><img decoding=\"async\" src=\"https:\/\/www.grandepremio.com\/br\/wp-content\/uploads\/2021\/02\/EuWcVCFWYAIWSjE-1024x576.jpg\" alt=\"\" class=\"wp-image-450454\"\/><figcaption>Ricciardo analisa corridas de classifica\u00e7\u00e3o aos s\u00e1bados (Foto: McLaren)<\/figcaption><\/figure>\n\n\n\n<p class=\"wp-block-paragraph\"><strong>Conhe\u00e7a o canal do Grande Pr\u00eamio no YouTube! Clique\u00a0<a rel=\"noreferrer noopener\" href=\"https:\/\/youtube.com\/GrandePremioTV\" target=\"_blank\">aqui<\/a>.<br>Siga o Grande Pr\u00eamio no\u00a0<a rel=\"noreferrer noopener\" href=\"https:\/\/twitter.com\/grandepremio\" target=\"_blank\">Twitter\u00a0<\/a>e no\u00a0<a rel=\"noreferrer noopener\" href=\"https:\/\/instagram.com\/grandepremio\" target=\"_blank\">Instagram<\/a>!<\/strong><\/p>\n\n\n\n<p class=\"wp-block-paragraph\">\u201cCompetir \u00e9 o que eu mais gosto de fazer. Eu adoraria ter mais corridas e menos treinos, ent\u00e3o vai na dire\u00e7\u00e3o do que eu quero. S\u00f3 que o mais importante \u00e9 que uma vit\u00f3ria na F\u00f3rmula 1 ainda seja t\u00e3o grandiosa quanto deveria ser. N\u00e3o quero que uma vit\u00f3ria seja dilu\u00edda, transformada em algo menor do que realmente \u00e9. Desde que tenha o mesmo valor, ent\u00e3o diria que sou cabe\u00e7a aberta em rela\u00e7\u00e3o a isso\u201d, seguiu.<\/p>\n\n\n\n<p class=\"wp-block-paragraph\">A proposta original, para a temporada 2020, envolvia o uso de grid invertido. Dada a falta de apoio das equipes de ponta, a ideia n\u00e3o foi adiante.<\/p>\n\n\n\n<p class=\"wp-block-paragraph\">Com aparente apoio do grid da F1, a ideia ganha corpo. A classifica\u00e7\u00e3o normal, com pilotos buscando a volta mais r\u00e1pida, passaria para a sexta-feira. A corrida de classifica\u00e7\u00e3o seria no s\u00e1bado, com o GP ainda no domingo. O n\u00famero de treinos livres cairia de tr\u00eas para dois, nas manh\u00e3s de sexta e s\u00e1bado.<\/p>\n\n\n\n<p class=\"wp-block-paragraph\">A temporada 2021 come\u00e7a em 28 de mar\u00e7o, data do GP do Bahrein. Antes disso, entre os dias 12 e 14 de mar\u00e7o, a categoria aproveita a pista barenita para realizar uma <strong><a href=\"https:\/\/www.grandepremio.com\/br\/f1\/noticias\/formula-1-confirma-testes-de-pre-temporada-de-tres-dias-no-bahrein-em-marco\/\">breve pr\u00e9-temporada<\/a><\/strong>.<\/p>\n","protected":false},"excerpt":{"rendered":"<p>Daniel Ricciardo fica feliz por saber que a proposta das corridas de classifica\u00e7\u00e3o, caso aceita, vir\u00e1 sem grid invertido. Posto isso, o australiano ainda teme outros problemas com o conceito<\/p>\n","protected":false},"author":0,"featured_media":1000448211,"comment_status":"closed","ping_status":"closed","sticky":false,"template":"","format":"standard","meta":{"42wp_featured_image_caption":"","42wp_featured_image_credits":"","42wp_featured_video":"","42wp_featured_image_hidden":false,"42wp_authors_list":[],"footnotes":""},"categories":[2],"tags":[211,156,24837,90],"42wp_author":[47118],"class_list":["post-123415","post","type-post","status-publish","format-standard","has-post-thumbnail","hentry","category-f1","tag-daniel-ricciardo","tag-f1-2021","tag-formula-1-2","tag-mclaren","42wp_author-vitor-fazio"],"_links":{"self":[{"href":"https:\/\/grandepremio.com\/br\/wp-json\/wp\/v2\/posts\/123415","targetHints":{"allow":["GET"]}}],"collection":[{"href":"https:\/\/grandepremio.com\/br\/wp-json\/wp\/v2\/posts"}],"about":[{"href":"https:\/\/grandepremio.com\/br\/wp-json\/wp\/v2\/types\/post"}],"replies":[{"embeddable":true,"href":"https:\/\/grandepremio.com\/br\/wp-json\/wp\/v2\/comments?post=123415"}],"version-history":[{"count":0,"href":"https:\/\/grandepremio.com\/br\/wp-json\/wp\/v2\/posts\/123415\/revisions"}],"wp:featuredmedia":[{"embeddable":true,"href":"https:\/\/grandepremio.com\/br\/wp-json\/wp\/v2\/media\/1000448211"}],"wp:attachment":[{"href":"https:\/\/grandepremio.com\/br\/wp-json\/wp\/v2\/media?parent=123415"}],"wp:term":[{"taxonomy":"category","embeddable":true,"href":"https:\/\/grandepremio.com\/br\/wp-json\/wp\/v2\/categories?post=123415"},{"taxonomy":"post_tag","embeddable":true,"href":"https:\/\/grandepremio.com\/br\/wp-json\/wp\/v2\/tags?post=123415"},{"taxonomy":"42wp_author","embeddable":true,"href":"https:\/\/grandepremio.com\/br\/wp-json\/wp\/v2\/42wp_author?post=123415"}],"curies":[{"name":"wp","href":"https:\/\/api.w.org\/{rel}","templated":true}]}}