{"id":123431,"date":"2021-02-16T08:48:55","date_gmt":"2021-02-16T11:48:55","guid":{"rendered":"https:\/\/grandepremio.com\/br\/noticias\/equipe-walkenhorst-confirma-entrada-no-dtm-com-bmw-e-garante-5a-marca-diferente-no-grid\/"},"modified":"2021-02-16T08:49:51","modified_gmt":"2021-02-16T11:49:51","slug":"equipe-walkenhorst-confirma-entrada-no-dtm-com-bmw-e-garante-5a-marca-diferente-no-grid","status":"publish","type":"post","link":"https:\/\/grandepremio.com\/br\/dtm\/equipe-walkenhorst-confirma-entrada-no-dtm-com-bmw-e-garante-5a-marca-diferente-no-grid\/","title":{"rendered":"Equipe Walkenhorst confirma entrada no DTM com BMW e garante 5\u00aa marca diferente no grid"},"content":{"rendered":"\n<figure class=\"wp-block-embed is-type-video is-provider-youtube wp-block-embed-youtube wp-embed-aspect-16-9 wp-has-aspect-ratio\"><div class=\"wp-block-embed__wrapper\">\n<iframe loading=\"lazy\" title=\"RED BULL VIRA MONTADORA NA F1 EM 2022 COM MOTORES DA HONDA | GP Not\u00edcias\" width=\"500\" height=\"281\" src=\"https:\/\/www.youtube.com\/embed\/LvAvzy2eoCo?feature=oembed\" frameborder=\"0\" allow=\"accelerometer; autoplay; clipboard-write; encrypted-media; gyroscope; picture-in-picture; web-share\" referrerpolicy=\"strict-origin-when-cross-origin\" allowfullscreen><\/iframe>\n<\/div><\/figure>\n\n\n\n<p class=\"wp-block-paragraph\">O grid do DTM 2021 segue sendo formado e composto por uma grande variedade de marcas. Nesta ter\u00e7a-feira (16), a equipe Walkenhorst anunciou a entrada na categoria, usando um carro modelo M6 GT3 da BMW, fazendo com que a fabricante alem\u00e3 seja, agora, a quinta diferente no campeonato.<\/p>\n\n\n\n<p class=\"wp-block-paragraph\">Al\u00e9m da BMW, tamb\u00e9m j\u00e1 est\u00e3o envolvidas no novo regulamento da categoria, agora com carros GT3: a Audi, a McLaren, a Mercedes e a Ferrari, que confirmou <a href=\"https:\/\/www.grandepremio.com\/br\/dtm\/noticias\/red-bull-se-une-a-ferrari-no-dtm-e-poe-alexander-albon-em-carro-da-alphatauri-para-2021\/\">uma inusitada parceria com a Red Bull,<\/a> que ter\u00e1 Alexander Albon como um dos pilotos.<\/p>\n\n\n\n<p class=\"wp-block-paragraph\">A alian\u00e7a entre Walkenhorst e BMW n\u00e3o \u00e9 nenhuma novidade. Em anos de relacionamento, a equipe j\u00e1 chegou, por exemplo, a vencer as 24 Horas de Spa em 2018, com Tom Blomqvist, Philipp Eng e Christian Krognes na tripula\u00e7\u00e3o.<\/p>\n\n\n\n<figure class=\"wp-block-image size-large\"><img decoding=\"async\" src=\"https:\/\/www.grandepremio.com\/br\/wp-content\/uploads\/2020\/08\/DTM-1598188297-1024x682.jpg\" alt=\"\" class=\"wp-image-410332\"\/><figcaption>O grid do DTM vai ganhando corpo com mais marcas (Foto: DTM)<\/figcaption><\/figure>\n\n\n\n<p class=\"wp-block-paragraph\">&#8220;Estamos muito satisfeitos por anunciar nosso envolvimento no DTM. Como equipe, trabalhamos duro para transformar o projeto em realidade. Depois do que fizemos nos \u00faltimos anos, o passo natural era o GT3. Nossa meta \u00e9 competir em alto n\u00edvel sempre, por isso o DTM&#8221;, disse Niclas Konigbauer, chefe da equipe.<\/p>\n\n\n\n<p class=\"wp-block-paragraph\">A Walkenhorst, bem como uma consider\u00e1vel parte do grid, ainda n\u00e3o confirmou quantos carros ter\u00e1 na disputa e nem quem ser\u00e3o os pilotos. Assim, o grid do DTM, por enquanto, s\u00f3 tem confirmados Albon, Nick Cassidy e Liam Lawson, da parceria da Red Bull com a Ferrari.<\/p>\n\n\n\n<p class=\"wp-block-paragraph\">A temporada do novo DTM est\u00e1 prevista para come\u00e7ar apenas em 19 de junho, em Monza.<\/p>\n\n\n\n<p class=\"wp-block-paragraph\"><strong>Conhe\u00e7a o canal do Grande Pr\u00eamio no YouTube! Clique\u00a0<a href=\"https:\/\/youtube.com\/GrandePremioTV\" target=\"_blank\" rel=\"noreferrer noopener\">aqui<\/a>.<br>Siga o Grande Pr\u00eamio no\u00a0<a href=\"https:\/\/twitter.com\/grandepremio\" target=\"_blank\" rel=\"noreferrer noopener\">Twitter\u00a0<\/a>e no\u00a0<a href=\"https:\/\/instagram.com\/grandepremio\" target=\"_blank\" rel=\"noreferrer noopener\">Instagram<\/a>!<\/strong><\/p>\n\n\n\n<figure class=\"wp-block-embed is-type-video is-provider-youtube wp-block-embed-youtube wp-embed-aspect-16-9 wp-has-aspect-ratio\"><div class=\"wp-block-embed__wrapper\">\n<iframe loading=\"lazy\" title=\"PORSCHE NA F1 EM 2025: O QUE EST\u00c1 POR TR\u00c1S? | GP \u00e0s 10\" width=\"500\" height=\"281\" src=\"https:\/\/www.youtube.com\/embed\/FWd3OE-YQGY?feature=oembed\" frameborder=\"0\" allow=\"accelerometer; autoplay; clipboard-write; encrypted-media; gyroscope; picture-in-picture; web-share\" referrerpolicy=\"strict-origin-when-cross-origin\" allowfullscreen><\/iframe>\n<\/div><\/figure>\n","protected":false},"excerpt":{"rendered":"<p>A BMW \u00e9 mais uma marca confirmada na temporada 2021 do novo DTM. Os alem\u00e3es, com a equipe Walkenhorst, se juntam ao quarteto formado por Audi, Ferrari, McLaren e Mercedes<\/p>\n","protected":false},"author":0,"featured_media":1000447077,"comment_status":"closed","ping_status":"closed","sticky":false,"template":"","format":"standard","meta":{"42wp_featured_image_caption":"","42wp_featured_image_credits":"","42wp_featured_video":"","42wp_featured_image_hidden":false,"42wp_authors_list":[],"footnotes":""},"categories":[13],"tags":[970,707,412,207,90,82,1737,204],"42wp_author":[47117],"class_list":["post-123431","post","type-post","status-publish","format-standard","has-post-thumbnail","hentry","category-dtm","tag-audi","tag-bmw","tag-dtm","tag-ferrari","tag-mclaren","tag-mercedes","tag-monza","tag-red-bull","42wp_author-gabriel-curty"],"_links":{"self":[{"href":"https:\/\/grandepremio.com\/br\/wp-json\/wp\/v2\/posts\/123431","targetHints":{"allow":["GET"]}}],"collection":[{"href":"https:\/\/grandepremio.com\/br\/wp-json\/wp\/v2\/posts"}],"about":[{"href":"https:\/\/grandepremio.com\/br\/wp-json\/wp\/v2\/types\/post"}],"replies":[{"embeddable":true,"href":"https:\/\/grandepremio.com\/br\/wp-json\/wp\/v2\/comments?post=123431"}],"version-history":[{"count":0,"href":"https:\/\/grandepremio.com\/br\/wp-json\/wp\/v2\/posts\/123431\/revisions"}],"wp:featuredmedia":[{"embeddable":true,"href":"https:\/\/grandepremio.com\/br\/wp-json\/wp\/v2\/media\/1000447077"}],"wp:attachment":[{"href":"https:\/\/grandepremio.com\/br\/wp-json\/wp\/v2\/media?parent=123431"}],"wp:term":[{"taxonomy":"category","embeddable":true,"href":"https:\/\/grandepremio.com\/br\/wp-json\/wp\/v2\/categories?post=123431"},{"taxonomy":"post_tag","embeddable":true,"href":"https:\/\/grandepremio.com\/br\/wp-json\/wp\/v2\/tags?post=123431"},{"taxonomy":"42wp_author","embeddable":true,"href":"https:\/\/grandepremio.com\/br\/wp-json\/wp\/v2\/42wp_author?post=123431"}],"curies":[{"name":"wp","href":"https:\/\/api.w.org\/{rel}","templated":true}]}}