{"id":123473,"date":"2021-02-13T04:00:00","date_gmt":"2021-02-13T07:00:00","guid":{"rendered":"https:\/\/grandepremio.com\/br\/noticias\/mercedes-revela-problemas-com-motores-mas-garante-tudo-pronto-para-primeira-corrida\/"},"modified":"2021-02-12T15:55:10","modified_gmt":"2021-02-12T18:55:10","slug":"mercedes-revela-problemas-com-motores-mas-garante-tudo-pronto-para-primeira-corrida","status":"publish","type":"post","link":"https:\/\/grandepremio.com\/br\/f1\/mercedes-revela-problemas-com-motores-mas-garante-tudo-pronto-para-primeira-corrida\/","title":{"rendered":"Mercedes revela problemas com motores, mas garante &#8220;tudo pronto para primeira corrida&#8221;"},"content":{"rendered":"\n<p class=\"wp-block-paragraph\">A Mercedes j\u00e1 tem encarado alguns problemas sem sequer a temporada 2021 ter come\u00e7ado. Hywel Thomas, chefe de motores da equipe, reconheceu que o time encontrou alguns percal\u00e7os com as unidades de pot\u00eancia, mas j\u00e1 est\u00e1 trabalhando para resolver tudo.<\/p>\n\n\n\n<p class=\"wp-block-paragraph\">A montadora alem\u00e3 conquistou os sete t\u00edtulos desde a mudan\u00e7a para os propulsores h\u00edbridos turbo em 2014, buscando em 2021 o oitavo consecutivo. Neste ano, ainda vai estar presente em 40% do grid da F\u00f3rmula 1, pois al\u00e9m de usar os motores nos pr\u00f3prios carros, fornece tamb\u00e9m \u00e0 Aston Martin, Williams e <a href=\"https:\/\/www.grandepremio.com\/br\/f1\/noticias\/mclaren-ve-risco-com-motores-mercedes-em-2021-nossos-testes-sao-muito-limitados\/\">retoma a parceria com a McLaren<\/a>.<\/p>\n\n\n\n<p class=\"wp-block-paragraph\">\u201cEm termos de prontid\u00e3o, temos muitos motores constru\u00eddos no momento esperando pela nova temporada. J\u00e1 juntamos alguns e tamb\u00e9m temos motores nos dinam\u00f4metros em testes de durabilidade. H\u00e1 tamb\u00e9m aqueles que j\u00e1 est\u00e3o com nossos clientes, nos chassis e ligados, ou no processo para isso\u201d, explicou Thomas.<\/p>\n\n\n\n<p class=\"wp-block-paragraph\">\u201cTemos alguns problemas com as unidades de pot\u00eancia. Sabemos da exist\u00eancia desses problemas, mas temos muitos planos para resolv\u00ea-los. Tenho certeza de que tudo estar\u00e1 pronto para a primeira corrida\u201d, completou o chefe.<\/p>\n\n\n\n<figure class=\"wp-block-image size-large\"><img decoding=\"async\" src=\"https:\/\/www.grandepremio.com\/br\/wp-content\/uploads\/2020\/12\/3-Hamilton-1024x683.jpg\" alt=\"Hamilton\" class=\"wp-image-442758\"\/><figcaption>A Mercedes revelou problemas com motores, mas n\u00e3o mostrou muita preocupa\u00e7a\u00f5 (Foto: AFP)<\/figcaption><\/figure>\n\n\n\n<p class=\"wp-block-paragraph\"><strong>Conhe\u00e7a o canal do Grande Pr\u00eamio no YouTube! Clique\u00a0<a rel=\"noreferrer noopener\" href=\"https:\/\/youtube.com\/GrandePremioTV\" target=\"_blank\">aqui<\/a>.<br>Siga o Grande Pr\u00eamio no\u00a0<a rel=\"noreferrer noopener\" href=\"https:\/\/twitter.com\/grandepremio\" target=\"_blank\">Twitter\u00a0<\/a>e no\u00a0<a rel=\"noreferrer noopener\" href=\"https:\/\/instagram.com\/grandepremio\" target=\"_blank\">Instagram<\/a>!<\/strong><\/p>\n\n\n\n<p class=\"wp-block-paragraph\">Hywel explicou ainda que as mudan\u00e7as no regulamento dos motores fazem com que a Mercedes mudasse sua abordagem ao longo da pr\u00e9-temporada. \u201c\u00c9 o primeiro inverno em que preparamos apenas uma atualiza\u00e7\u00e3o para toda a temporada, limitando nosso tempo com o dinam\u00f4metro. Significa que temos de fazer valer cada teste\u201d, pontuou.<\/p>\n\n\n\n<p class=\"wp-block-paragraph\">\u201cTemos de ter todo nosso desempenho na primeira unidade de motor que vai para a primeira corrida, enquanto nos demais campeonatos pudemos dividir isso em diferentes pacotes para cada diferente propulsor que era introduzido\u201d, continuou.<\/p>\n\n\n\n<p class=\"wp-block-paragraph\">\u201cCom esse desafio, temos de ter absolutamente tudo para a primeira corrida e ter certeza absoluta de que \u00e9 confi\u00e1vel. Ainda, h\u00e1 mais corridas neste ano e o mesmo n\u00famero de motores, o que significa que cada unidade ter\u00e1 de enfrentar mais etapas\u201d, ressaltou.<\/p>\n\n\n\n<p class=\"wp-block-paragraph\">\u201cApenas temos de ter certeza de que estamos prontos para isso e focar em ainda mais confiabilidade. Tamb\u00e9m temos o desafio de um inverno bastante curto, j\u00e1 que n\u00e3o terminamos a temporada antes da metade de dezembro e estamos j\u00e1 quase come\u00e7ando. Ent\u00e3o, tivemos mais a fazer em menos tempo\u201d, concluiu.<\/p>\n\n\n\n<p class=\"wp-block-paragraph\">A Mercedes divulgou <a href=\"https:\/\/www.grandepremio.com\/br\/f1\/noticias\/chefe-da-mercedes-ve-rodadas-triplas-na-temporada-2021-como-enorme-fardo\/\">3 de mar\u00e7o como data do lan\u00e7amento para o carro de 2021. <\/a><\/p>\n\n\n\n<figure class=\"wp-block-embed is-type-video is-provider-youtube wp-block-embed-youtube wp-embed-aspect-16-9 wp-has-aspect-ratio\"><div class=\"wp-block-embed__wrapper\">\n<iframe loading=\"lazy\" title=\"O QUE ESPERAR DE PETECOF E COLLET EM 2021? | GP \u00c0S 10\" width=\"500\" height=\"281\" src=\"https:\/\/www.youtube.com\/embed\/JOWv3WVz3Q8?feature=oembed\" frameborder=\"0\" allow=\"accelerometer; autoplay; clipboard-write; encrypted-media; gyroscope; picture-in-picture; web-share\" referrerpolicy=\"strict-origin-when-cross-origin\" allowfullscreen><\/iframe>\n<\/div><\/figure>\n","protected":false},"excerpt":{"rendered":"<p>Marcando presen\u00e7a em 40% do grid de 2021, a montadora alem\u00e3 n\u00e3o mostrou muita preocupa\u00e7\u00e3o com os problemas e se queixou da mudan\u00e7a do regulamento para esta temporada<\/p>\n","protected":false},"author":0,"featured_media":1000441932,"comment_status":"closed","ping_status":"closed","sticky":false,"template":"","format":"standard","meta":{"42wp_featured_image_caption":"","42wp_featured_image_credits":"","42wp_featured_video":"","42wp_featured_image_hidden":false,"42wp_authors_list":[],"footnotes":""},"categories":[2],"tags":[147,156,24837,25536,27004,27003,82],"42wp_author":[47123],"class_list":["post-123473","post","type-post","status-publish","format-standard","has-post-thumbnail","hentry","category-f1","tag-f1","tag-f1-2021","tag-formula-1-2","tag-formula-1-2021-2","tag-horario-f1-2021","tag-horario-formula-1-2021","tag-mercedes","42wp_author-nathalia-de-vivo"],"_links":{"self":[{"href":"https:\/\/grandepremio.com\/br\/wp-json\/wp\/v2\/posts\/123473","targetHints":{"allow":["GET"]}}],"collection":[{"href":"https:\/\/grandepremio.com\/br\/wp-json\/wp\/v2\/posts"}],"about":[{"href":"https:\/\/grandepremio.com\/br\/wp-json\/wp\/v2\/types\/post"}],"replies":[{"embeddable":true,"href":"https:\/\/grandepremio.com\/br\/wp-json\/wp\/v2\/comments?post=123473"}],"version-history":[{"count":0,"href":"https:\/\/grandepremio.com\/br\/wp-json\/wp\/v2\/posts\/123473\/revisions"}],"wp:featuredmedia":[{"embeddable":true,"href":"https:\/\/grandepremio.com\/br\/wp-json\/wp\/v2\/media\/1000441932"}],"wp:attachment":[{"href":"https:\/\/grandepremio.com\/br\/wp-json\/wp\/v2\/media?parent=123473"}],"wp:term":[{"taxonomy":"category","embeddable":true,"href":"https:\/\/grandepremio.com\/br\/wp-json\/wp\/v2\/categories?post=123473"},{"taxonomy":"post_tag","embeddable":true,"href":"https:\/\/grandepremio.com\/br\/wp-json\/wp\/v2\/tags?post=123473"},{"taxonomy":"42wp_author","embeddable":true,"href":"https:\/\/grandepremio.com\/br\/wp-json\/wp\/v2\/42wp_author?post=123473"}],"curies":[{"name":"wp","href":"https:\/\/api.w.org\/{rel}","templated":true}]}}