{"id":123487,"date":"2021-02-11T16:37:23","date_gmt":"2021-02-11T19:37:23","guid":{"rendered":"https:\/\/grandepremio.com\/br\/noticias\/fernando-alonso-sofre-acidente-de-bicicleta-na-suica-e-e-hospitalizado-com-suspeita-de-fraturas\/"},"modified":"2021-02-11T18:17:30","modified_gmt":"2021-02-11T21:17:30","slug":"fernando-alonso-sofre-acidente-de-bicicleta-na-suica-e-e-hospitalizado-com-suspeita-de-fraturas","status":"publish","type":"post","link":"https:\/\/grandepremio.com\/br\/f1\/fernando-alonso-sofre-acidente-de-bicicleta-na-suica-e-e-hospitalizado-com-suspeita-de-fraturas\/","title":{"rendered":"Alonso sofre acidente de bicicleta na Su\u00ed\u00e7a e \u00e9 hospitalizado com suspeita de fraturas"},"content":{"rendered":"\n<p class=\"wp-block-paragraph\">Fernando Alonso se envolveu em um acidente de bicicleta na tarde desta quinta-feira (11), enquanto treinava em uma estrada pr\u00f3xima a Lugano, na Su\u00ed\u00e7a. A informa\u00e7\u00e3o foi dada primeiro pelo jornal La Gazzetta dello Sport.  Segundo a publica\u00e7\u00e3o, o espanhol de 39 anos foi atingido por um carro, mas foi imediatamente socorrido e levado ao hospital.<br><br>Tamb\u00e9m de acordo com o di\u00e1rio italiano, Alonso apresenta les\u00f5es no corpo e j\u00e1 passou por exames de raio-X. H\u00e1 possibilidade de fraturas, que poderiam colocar em xeque sua participa\u00e7\u00e3o na abertura do campeonato da F1 2021 no Bahrein, em 28 de mar\u00e7o.<\/p>\n\n\n\n<figure class=\"wp-block-image size-large is-style-default\"><img decoding=\"async\" src=\"https:\/\/www.grandepremio.com\/br\/wp-content\/uploads\/2021\/02\/Ep2zyOHWwA4MlrP-1024x682.jpg\" alt=\"\" class=\"wp-image-449724\"\/><figcaption>Fernando Alonso sofreu um acidente de bicicleta na Su\u00ed\u00e7a (Foto: Reprodu\u00e7\u00e3o)<\/figcaption><\/figure>\n\n\n\n<p class=\"wp-block-paragraph\">Pouco tempo ap\u00f3s a informa\u00e7\u00e3o da Gazzetta, a Alpine lan\u00e7ou um comunicado confirmando o acidente. A equipe francesa tamb\u00e9m informou que o piloto est\u00e1 consciente e que aguarda novos exames.  <br><br>&#8220;A Alpine pode confirmar que Fernando Alonso se envolveu em um acidente enquanto andava de bicicleta na Su\u00ed\u00e7a. Fernando est\u00e1 consciente e aguardando novos exames m\u00e9dicos amanh\u00e3 pela manh\u00e3. A Alpine n\u00e3o vai soltar novos comunicados neste momento. Novas atualiza\u00e7\u00f5es ser\u00e3o dadas amanh\u00e3&#8221;, disse a nota do time.<br><br>Longe da F\u00f3rmula 1 desde 2018, <a href=\"https:\/\/www.grandepremio.com\/br\/f1\/noticias\/jovem-e-afiado-como-fernando-alonso-retorna-para-formula-1-apos-dois-anos-fora-do-grid\/\">Fernando est\u00e1 de volta para a temporada deste ano, defendendo a Alpine<\/a>, nome que a Renault decidiu rebatizar a equipe. <br><br>Alonso \u00e9 um grande entusiasta do ciclismo e frequentemente usa a modalidade para melhorar sua condi\u00e7\u00e3o f\u00edsica.<\/p>\n\n\n\n<p class=\"wp-block-paragraph\"><strong>Conhe\u00e7a o canal do Grande Pr\u00eamio no YouTube! Clique\u00a0<a rel=\"noreferrer noopener\" href=\"https:\/\/youtube.com\/GrandePremioTV\" target=\"_blank\">aqui<\/a>.<br>Siga o Grande Pr\u00eamio no\u00a0<a rel=\"noreferrer noopener\" href=\"https:\/\/twitter.com\/grandepremio\" target=\"_blank\">Twitter\u00a0<\/a>e no\u00a0<a rel=\"noreferrer noopener\" href=\"https:\/\/instagram.com\/grandepremio\" target=\"_blank\">Instagram<\/a>!<\/strong><\/p>\n\n\n\n<figure class=\"wp-block-embed is-type-video is-provider-youtube wp-block-embed-youtube wp-embed-aspect-16-9 wp-has-aspect-ratio\"><div class=\"wp-block-embed__wrapper\">\n<iframe loading=\"lazy\" title=\"HAMILTON E VERSTAPPEN JUNTOS? AS OP\u00c7\u00d5ES PARA O FUTURO DA MERCEDES NA F1 | GP \u00e0s 10\" width=\"500\" height=\"281\" src=\"https:\/\/www.youtube.com\/embed\/kTB0jBcmYv8?feature=oembed\" frameborder=\"0\" allow=\"accelerometer; autoplay; clipboard-write; encrypted-media; gyroscope; picture-in-picture; web-share\" referrerpolicy=\"strict-origin-when-cross-origin\" allowfullscreen><\/iframe>\n<\/div><\/figure>\n\n\n\n<p class=\"wp-block-paragraph\"><br><\/p>\n","protected":false},"excerpt":{"rendered":"<p>Fernando Alonso sofreu um acidente enquanto treinava de bicicleta em Lugano, na Su\u00ed\u00e7a. De acordo com informa\u00e7\u00f5es do jornal La Gazzetta dello Sport, o espanhol foi levado ao hospital <\/p>\n","protected":false},"author":0,"featured_media":1000449723,"comment_status":"closed","ping_status":"closed","sticky":false,"template":"","format":"standard","meta":{"42wp_featured_image_caption":"","42wp_featured_image_credits":"","42wp_featured_video":"","42wp_featured_image_hidden":false,"42wp_authors_list":[],"footnotes":""},"categories":[2],"tags":[20491,156,176,24837],"42wp_author":[47115],"class_list":["post-123487","post","type-post","status-publish","format-standard","has-post-thumbnail","hentry","category-f1","tag-alpine","tag-f1-2021","tag-fernando-alonso","tag-formula-1-2","42wp_author-evelyn-guimaraes"],"_links":{"self":[{"href":"https:\/\/grandepremio.com\/br\/wp-json\/wp\/v2\/posts\/123487","targetHints":{"allow":["GET"]}}],"collection":[{"href":"https:\/\/grandepremio.com\/br\/wp-json\/wp\/v2\/posts"}],"about":[{"href":"https:\/\/grandepremio.com\/br\/wp-json\/wp\/v2\/types\/post"}],"replies":[{"embeddable":true,"href":"https:\/\/grandepremio.com\/br\/wp-json\/wp\/v2\/comments?post=123487"}],"version-history":[{"count":0,"href":"https:\/\/grandepremio.com\/br\/wp-json\/wp\/v2\/posts\/123487\/revisions"}],"wp:featuredmedia":[{"embeddable":true,"href":"https:\/\/grandepremio.com\/br\/wp-json\/wp\/v2\/media\/1000449723"}],"wp:attachment":[{"href":"https:\/\/grandepremio.com\/br\/wp-json\/wp\/v2\/media?parent=123487"}],"wp:term":[{"taxonomy":"category","embeddable":true,"href":"https:\/\/grandepremio.com\/br\/wp-json\/wp\/v2\/categories?post=123487"},{"taxonomy":"post_tag","embeddable":true,"href":"https:\/\/grandepremio.com\/br\/wp-json\/wp\/v2\/tags?post=123487"},{"taxonomy":"42wp_author","embeddable":true,"href":"https:\/\/grandepremio.com\/br\/wp-json\/wp\/v2\/42wp_author?post=123487"}],"curies":[{"name":"wp","href":"https:\/\/api.w.org\/{rel}","templated":true}]}}