{"id":123495,"date":"2021-02-11T10:17:13","date_gmt":"2021-02-11T13:17:13","guid":{"rendered":"https:\/\/grandepremio.com\/br\/noticias\/sebastian-vettel-mostra-preocupacao-com-calendario-longo-precisamos-cuidar-dos-envolvidos\/"},"modified":"2021-02-11T10:17:20","modified_gmt":"2021-02-11T13:17:20","slug":"sebastian-vettel-mostra-preocupacao-com-calendario-longo-precisamos-cuidar-dos-envolvidos","status":"publish","type":"post","link":"https:\/\/grandepremio.com\/br\/f1\/sebastian-vettel-mostra-preocupacao-com-calendario-longo-precisamos-cuidar-dos-envolvidos\/","title":{"rendered":"Vettel mostra preocupa\u00e7\u00e3o com calend\u00e1rio longo: &#8220;Precisamos cuidar dos envolvidos&#8221;"},"content":{"rendered":"\n<figure class=\"wp-block-embed is-type-video is-provider-youtube wp-block-embed-youtube wp-embed-aspect-16-9 wp-has-aspect-ratio\"><div class=\"wp-block-embed__wrapper\">\n<iframe loading=\"lazy\" title=\"HAMILTON E VERSTAPPEN JUNTOS? AS OP\u00c7\u00d5ES PARA O FUTURO DA MERCEDES NA F1 | GP \u00e0s 10\" width=\"500\" height=\"281\" src=\"https:\/\/www.youtube.com\/embed\/kTB0jBcmYv8?feature=oembed\" frameborder=\"0\" allow=\"accelerometer; autoplay; clipboard-write; encrypted-media; gyroscope; picture-in-picture; web-share\" referrerpolicy=\"strict-origin-when-cross-origin\" allowfullscreen><\/iframe>\n<\/div><\/figure>\n\n\n\n<p class=\"wp-block-paragraph\">Em 2021, a F\u00f3rmula 1 se prepara para a mais longa temporada de sua hist\u00f3ria, com 23 etapas previstas. Com in\u00edcio previsto para mar\u00e7o e encerramento em dezembro, a categoria planeja uma maratona de corridas, muitas em sequ\u00eancia, para este ano. Por isso, equipes e pilotos desejam se manter preparados para o campeonato.<\/p>\n\n\n\n<p class=\"wp-block-paragraph\">Agora na Aston Martin, Sebastian Vettel acredita que a enorme temporada da F\u00f3rmula 1 em 2021 vai impactar a todos que trabalho no esporte a motor, assim como as respectivas fam\u00edlias.<\/p>\n\n\n\n<p class=\"wp-block-paragraph\">&#8220;N\u00f3s temos o maior calend\u00e1rio da hist\u00f3ria adiante e n\u00e3o estou certo de como vamos encarar este ano. Eu acho que definitivamente precisamos ter certeza de que vamos cuidar das pessoas envolvidas&#8221;, disse Vettel ao site GP Fans.<\/p>\n\n\n\n<figure class=\"wp-block-image size-large\"><img decoding=\"async\" src=\"https:\/\/www.grandepremio.com\/br\/wp-content\/uploads\/2021\/01\/Vettel_AM_2-1024x582.jpg\" alt=\"\" class=\"wp-image-447467\"\/><figcaption>Sebastian Vettel espera que a F\u00f3rmula 1 aprenda li\u00e7\u00f5es ap\u00f3s dificuldades do \u00faltimo ano (Foto: Reprodu\u00e7\u00e3o\/Aston Martin)<\/figcaption><\/figure>\n\n\n\n<p class=\"wp-block-paragraph\"><strong>Conhe\u00e7a o canal do Grande Pr\u00eamio no YouTube! Clique\u00a0<a href=\"https:\/\/youtube.com\/GrandePremioTV\" target=\"_blank\" rel=\"noreferrer noopener\">aqui<\/a>.<br>Siga o Grande Pr\u00eamio no\u00a0<a href=\"https:\/\/twitter.com\/grandepremio\" target=\"_blank\" rel=\"noreferrer noopener\">Twitter\u00a0<\/a>e no\u00a0<a href=\"https:\/\/instagram.com\/grandepremio\" target=\"_blank\" rel=\"noreferrer noopener\">Instagram<\/a>!<\/strong><\/p>\n\n\n\n<p class=\"wp-block-paragraph\">&#8220;Os pilotos est\u00e3o na parte f\u00e1cil. Obviamente, as demandas s\u00e3o altas em alguns momentos mas, em quest\u00e3o de horas, acredito que v\u00e1rias pessoas fazem mais do que a gente em um fim de semana. Ent\u00e3o, espero que possamos aprender com o ano passado e n\u00e3o ficarmos felizes em apenas seguir e fazer a mesma coisa, pois acho que exigiu muito de todos, das fam\u00edlias, entre outros&#8221;, completou.<\/p>\n\n\n\n<p class=\"wp-block-paragraph\">Por conta da pandemia de Covid-19, a temporada 2020 da F\u00f3rmula 1 foi disputada em poucos meses e com provas em sequ\u00eancia. Para este ano, a categoria <a href=\"https:\/\/www.grandepremio.com\/br\/f1\/noticias\/chefe-da-mercedes-ve-rodadas-triplas-na-temporada-2021-como-enorme-fardo\/\">manteve diversas rodadas triplas no calend\u00e1rio<\/a>, gerando <a href=\"https:\/\/www.grandepremio.com\/br\/f1\/noticias\/williams-se-incomoda-e-define-calendario-de-23-corridas-como-insustentavel\/\">reclama\u00e7\u00f5es de dirigentes, pilotos e equipes<\/a> nas \u00faltimas semanas.<\/p>\n\n\n\n\n","protected":false},"excerpt":{"rendered":"<p>A F\u00f3rmula 1 planeja disputa 23 etapas na temporada 2021, a maior da hist\u00f3ria da categoria. Por isso, Sebastian Vettel espera que todos os envolvidos no paddock se cuidem para a longa maratona durante o campeonato<\/p>\n","protected":false},"author":0,"featured_media":1000447101,"comment_status":"closed","ping_status":"closed","sticky":false,"template":"","format":"standard","meta":{"42wp_featured_image_caption":"","42wp_featured_image_credits":"","42wp_featured_video":"","42wp_featured_image_hidden":false,"42wp_authors_list":[],"footnotes":""},"categories":[2],"tags":[309,24893,147,156,24837,25536,210],"42wp_author":[47135],"class_list":["post-123495","post","type-post","status-publish","format-standard","has-post-thumbnail","hentry","category-f1","tag-aston-martin","tag-calendario","tag-f1","tag-f1-2021","tag-formula-1-2","tag-formula-1-2021-2","tag-sebastian-vettel","42wp_author-pedro-luis-cuenca"],"_links":{"self":[{"href":"https:\/\/grandepremio.com\/br\/wp-json\/wp\/v2\/posts\/123495","targetHints":{"allow":["GET"]}}],"collection":[{"href":"https:\/\/grandepremio.com\/br\/wp-json\/wp\/v2\/posts"}],"about":[{"href":"https:\/\/grandepremio.com\/br\/wp-json\/wp\/v2\/types\/post"}],"replies":[{"embeddable":true,"href":"https:\/\/grandepremio.com\/br\/wp-json\/wp\/v2\/comments?post=123495"}],"version-history":[{"count":0,"href":"https:\/\/grandepremio.com\/br\/wp-json\/wp\/v2\/posts\/123495\/revisions"}],"wp:featuredmedia":[{"embeddable":true,"href":"https:\/\/grandepremio.com\/br\/wp-json\/wp\/v2\/media\/1000447101"}],"wp:attachment":[{"href":"https:\/\/grandepremio.com\/br\/wp-json\/wp\/v2\/media?parent=123495"}],"wp:term":[{"taxonomy":"category","embeddable":true,"href":"https:\/\/grandepremio.com\/br\/wp-json\/wp\/v2\/categories?post=123495"},{"taxonomy":"post_tag","embeddable":true,"href":"https:\/\/grandepremio.com\/br\/wp-json\/wp\/v2\/tags?post=123495"},{"taxonomy":"42wp_author","embeddable":true,"href":"https:\/\/grandepremio.com\/br\/wp-json\/wp\/v2\/42wp_author?post=123495"}],"curies":[{"name":"wp","href":"https:\/\/api.w.org\/{rel}","templated":true}]}}